{"id":78701,"date":"2024-03-11T17:58:59","date_gmt":"2024-03-11T23:58:59","guid":{"rendered":"https:\/\/redsemlac.com\/semmexico\/?p=78701"},"modified":"2024-03-11T18:19:38","modified_gmt":"2024-03-12T00:19:38","slug":"la-mano-dura-es-contra-la-delincuencia-no-contra-las-mujeres-501-colima","status":"publish","type":"post","link":"https:\/\/redsemlac.com\/semmexico\/la-mano-dura-es-contra-la-delincuencia-no-contra-las-mujeres-501-colima\/","title":{"rendered":"La mano dura es contra la delincuencia, no contra las mujeres: 50+1 Colima\u00a0"},"content":{"rendered":"\n<ul class=\"wp-block-list\">\n<li>Destituye gobernadora Vizca\u00edno Silva a subsecretario de Seguridad P\u00fablica<\/li>\n\n\n\n<li>La colectiva pide mejorar pol\u00edticas p\u00fablicas; la gobernadora llama al esfuerzo de todas contra el patriarcado<\/li>\n<\/ul>\n\n\n\n<p class=\"wp-block-paragraph\">Elda Montiel&nbsp;<\/p>\n\n\n\n<p class=\"wp-block-paragraph\">SemM\u00e9xico. Ciudad de M\u00e9xico, 11 de marzo 2024.- La Colectiva 50+1 Colima reprob\u00f3 los actos de represi\u00f3n contra mujeres y ni\u00f1as, se\u00f1alaron que \u201cla mano dura se emplea contra la delincuencia no contra las mujeres\u201d, adem\u00e1s reconocieron la acci\u00f3n de la gobernadora Indira Vizca\u00edno Silva, al haber removido de inmediato al Subsecretario de Seguridad P\u00fablica, Jos\u00e9 Manuel Zatara\u00edn Liz\u00e1rraga, por haber utilizado gas lacrim\u00f3geno contra activistas.<\/p>\n\n\n\n<figure class=\"wp-block-image size-full\"><a href=\"https:\/\/redsemlac.com\/semmexico\/wp-content\/uploads\/2024\/03\/Captura-de-Pantalla-2024-03-11-a-las-16.13.10.png\"><img loading=\"lazy\" decoding=\"async\" width=\"434\" height=\"122\" src=\"https:\/\/redsemlac.com\/semmexico\/wp-content\/uploads\/2024\/03\/Captura-de-Pantalla-2024-03-11-a-las-16.13.10.png\" alt=\"\" class=\"wp-image-78703\"\/><\/a><\/figure>\n\n\n\n<p class=\"wp-block-paragraph\">Manifestaron que es inaceptable e inaudita la utilizaci\u00f3n de gas lacrim\u00f3geno hacia quienes acudieron a la marcha con la \u00fanica consigna de exigir justicia y levantar la voz por las que ya no est\u00e1n, durante la concentraci\u00f3n del 8M en el Jard\u00edn Libertad, de la capital colimense.<\/p>\n\n\n\n<p class=\"wp-block-paragraph\">50+1 plante\u00f3 necesario consolidar una pol\u00edtica p\u00fablica con perspectiva de g\u00e9nero para que no se repita esta agresi\u00f3n y se avance con la demanda de justicia, seguridad, y paz.&nbsp;<\/p>\n\n\n\n<p class=\"wp-block-paragraph\">En su cuenta de X, la gobernadora expres\u00f3 que la lucha contra el patriarcado y sus m\u00e9todos opresores no se puede detener y requiere de los esfuerzos de todas.&nbsp;<\/p>\n\n\n\n<p class=\"wp-block-paragraph\">Precis\u00f3 que desde el gobierno del Estado se organiz\u00f3 un operativo de acompa\u00f1amiento y protecci\u00f3n a las manifestantes de la marcha, convocada por el 8 de marzo. La instrucci\u00f3n fue clara, proteger a las manifestantes a la marcha y ning\u00fan edificio o monumento hist\u00f3rico est\u00e1 por encima del cuidado a las mujeres asistentes, escribi\u00f3.&nbsp;<\/p>\n\n\n\n<p class=\"wp-block-paragraph\">Al observar que no exist\u00eda ninguna justificaci\u00f3n para el uso de gas lacrim\u00f3geno al exterior del Palacio de Gobierno, decidi\u00f3 de manera inmediata separar de su cargo al &nbsp; subsecretario operativo de la Secretaria de Seguridad P\u00fablica, Zatarain Liz\u00e1rraga por tomar las decisiones equivocadas.&nbsp;<\/p>\n\n\n\n<p class=\"wp-block-paragraph\">Concluy\u00f3 que en su gobierno solo caben personas que compartan sus profundas convicciones y valores, y que tengan la capacidad y sensibilidad para acatar una orden precisa.&nbsp;&nbsp;<\/p>\n\n\n\n<p class=\"wp-block-paragraph\">SEM\/em\/sj<\/p>\n","protected":false},"excerpt":{"rendered":"<p>Elda Montiel&nbsp; SemM\u00e9xico. Ciudad de M\u00e9xico, 11 de marzo 2024.- La Colectiva 50+1 Colima reprob\u00f3 los actos de represi\u00f3n contra mujeres y ni\u00f1as, se\u00f1alaron que \u201cla mano dura se emplea contra la delincuencia no contra las mujeres\u201d, adem\u00e1s reconocieron la acci\u00f3n de la gobernadora Indira Vizca\u00edno Silva, al haber removido de inmediato al Subsecretario de [&hellip;]<\/p>\n","protected":false},"author":3,"featured_media":78702,"comment_status":"open","ping_status":"open","sticky":false,"template":"","format":"standard","meta":{"_monsterinsights_skip_tracking":false,"footnotes":""},"categories":[54],"tags":[],"class_list":["post-78701","post","type-post","status-publish","format-standard","has-post-thumbnail","category-mujeres"],"_links":{"self":[{"href":"https:\/\/redsemlac.com\/semmexico\/wp-json\/wp\/v2\/posts\/78701","targetHints":{"allow":["GET"]}}],"collection":[{"href":"https:\/\/redsemlac.com\/semmexico\/wp-json\/wp\/v2\/posts"}],"about":[{"href":"https:\/\/redsemlac.com\/semmexico\/wp-json\/wp\/v2\/types\/post"}],"author":[{"embeddable":true,"href":"https:\/\/redsemlac.com\/semmexico\/wp-json\/wp\/v2\/users\/3"}],"replies":[{"embeddable":true,"href":"https:\/\/redsemlac.com\/semmexico\/wp-json\/wp\/v2\/comments?post=78701"}],"version-history":[{"count":0,"href":"https:\/\/redsemlac.com\/semmexico\/wp-json\/wp\/v2\/posts\/78701\/revisions"}],"wp:featuredmedia":[{"embeddable":true,"href":"https:\/\/redsemlac.com\/semmexico\/wp-json\/wp\/v2\/media\/78702"}],"wp:attachment":[{"href":"https:\/\/redsemlac.com\/semmexico\/wp-json\/wp\/v2\/media?parent=78701"}],"wp:term":[{"taxonomy":"category","embeddable":true,"href":"https:\/\/redsemlac.com\/semmexico\/wp-json\/wp\/v2\/categories?post=78701"},{"taxonomy":"post_tag","embeddable":true,"href":"https:\/\/redsemlac.com\/semmexico\/wp-json\/wp\/v2\/tags?post=78701"}],"curies":[{"name":"wp","href":"https:\/\/api.w.org\/{rel}","templated":true}]}}