{"id":78643,"date":"2024-03-11T13:13:44","date_gmt":"2024-03-11T19:13:44","guid":{"rendered":"https:\/\/redsemlac.com\/semmexico\/?p=78643"},"modified":"2024-03-11T13:14:46","modified_gmt":"2024-03-11T19:14:46","slug":"mujeres-de-peso-obra-fotografica-de-patricia-aridjis-en-oaxaca","status":"publish","type":"post","link":"https:\/\/redsemlac.com\/semmexico\/mujeres-de-peso-obra-fotografica-de-patricia-aridjis-en-oaxaca\/","title":{"rendered":"Mujeres de peso, obra fotogr\u00e1fica de Patricia Aridjis en Oaxaca"},"content":{"rendered":"\n<ul class=\"wp-block-list\">\n<li>La exposici\u00f3n abarca fotos tomadas entre 2012 y 2019<\/li>\n\n\n\n<li>65 fotograf\u00eda que se presentan en el Centro Fotogr\u00e1fico Manuel \u00c1lvarez Bravo<\/li>\n<\/ul>\n\n\n\n<p class=\"wp-block-paragraph\">Patricia Brise\u00f1o<\/p>\n\n\n\n<p class=\"wp-block-paragraph\">SemM\u00e9xico, Oaxaca, 11 de marzo, 2024.- El Centro Fotogr\u00e1fico Manuel \u00c1lvarez Bravo abri\u00f3 sus puertas al foto-ensayo \u201cMujeres de Peso\u201d, de Patricia Aridjis (Morelia, Michoac\u00e1n 1960) una exposici\u00f3n que rompe con los estereotipos de belleza impuestos.<\/p>\n\n\n\n<p class=\"wp-block-paragraph\">A trav\u00e9s de\u00a0una selecci\u00f3n de retratos\u00a0de mujeres calificadas como gordas e invisibles en sociedades de consumo por no dejarse encasillar en los c\u00e1nones de la \u201cbelleza\u201d, la fotoperiodista presenta a mujeres reales, irredentas ante aquellos que se atreven a opinar sobre los cuerpos ajenos.<\/p>\n\n\n\n<p class=\"wp-block-paragraph\"><br>La muestra presenta 65 fotograf\u00edas de mujeres que Aridjis encontr\u00f3 en su d\u00eda a d\u00eda, de 2012 hasta 2019, atra\u00edda por la belleza y empoderamiento de mujeres felices con sus pliegues y redondeces.<\/p>\n\n\n\n<p class=\"wp-block-paragraph\">\u201cAridjis capt\u00f3 a algunas&nbsp;en el lugar del encuentro con sus ropas y sus rostros a veces desconfiados que no ceden al primer click; otras, mostraron el cuerpo desnudo, grande, bello, curvil\u00edneo &#8211;que irrumpe el car\u00e1cter anor\u00e9xico de Barbie&#8211;, con el rostro oculto, tras una tela, una cortina o un trapeador\u201d, refiere el texto de sala, elaborado por Rebeca Monroy Nars, doctora en Historia del Arte por la UNAM.<\/p>\n\n\n\n<p class=\"wp-block-paragraph\">\u201cHubo quienes aceptaron la posibilidad de mostrarse en su totalidad y entre colores estridentes ense\u00f1an sus curvas, sus l\u00edneas, la textura de su piel sin ambages ni enso\u00f1aciones falsas\u201d, agrega.<\/p>\n\n\n\n<p class=\"wp-block-paragraph\">Este proyecto se realiz\u00f3 mediante el Sistema Nacional de Creadores de Arte, adscrito al Sistema de Apoyo a la Creaci\u00f3n y Proyectos Culturales del gobierno federal.&nbsp;<\/p>\n\n\n\n<p class=\"wp-block-paragraph\">La muestra fotogr\u00e1fica realizada en color y en varios soportes \u2013adem\u00e1s de un video-, lleg\u00f3 a la capital oaxaque\u00f1a, luego de estar en el Centro de la Imagen, en la CDMX, adem\u00e1s de las ciudades&nbsp;de Villahermosa y Quer\u00e9taro.<\/p>\n\n\n\n<p class=\"wp-block-paragraph\">&nbsp;\u201cMujeres de Peso\u201d, de Patricia Aridjis, se inaugur\u00f3 el s\u00e1bado, 9 de marzo, estar\u00e1 abierta por los pr\u00f3ximos tres meses en el CFMAB, en M. Bravo, n\u00famero 104. Centro Hist\u00f3rico de Oaxaca.<\/p>\n\n\n\n<p class=\"wp-block-paragraph\">SEM\/pb\/sj<\/p>\n","protected":false},"excerpt":{"rendered":"<p>Patricia Brise\u00f1o SemM\u00e9xico, Oaxaca, 11 de marzo, 2024.- El Centro Fotogr\u00e1fico Manuel \u00c1lvarez Bravo abri\u00f3 sus puertas al foto-ensayo \u201cMujeres de Peso\u201d, de Patricia Aridjis (Morelia, Michoac\u00e1n 1960) una exposici\u00f3n que rompe con los estereotipos de belleza impuestos. A trav\u00e9s de\u00a0una selecci\u00f3n de retratos\u00a0de mujeres calificadas como gordas e invisibles en sociedades de consumo por [&hellip;]<\/p>\n","protected":false},"author":3,"featured_media":78644,"comment_status":"open","ping_status":"open","sticky":false,"template":"","format":"standard","meta":{"_monsterinsights_skip_tracking":false,"footnotes":""},"categories":[54,1],"tags":[856,238,149,858,857],"class_list":["post-78643","post","type-post","status-publish","format-standard","has-post-thumbnail","category-mujeres","category-uncategorized","tag-centro-fotografico-manuel-alvarez-bravo","tag-genero","tag-mujeres","tag-mujeres-de-peso","tag-patricia-aridjis"],"_links":{"self":[{"href":"https:\/\/redsemlac.com\/semmexico\/wp-json\/wp\/v2\/posts\/78643","targetHints":{"allow":["GET"]}}],"collection":[{"href":"https:\/\/redsemlac.com\/semmexico\/wp-json\/wp\/v2\/posts"}],"about":[{"href":"https:\/\/redsemlac.com\/semmexico\/wp-json\/wp\/v2\/types\/post"}],"author":[{"embeddable":true,"href":"https:\/\/redsemlac.com\/semmexico\/wp-json\/wp\/v2\/users\/3"}],"replies":[{"embeddable":true,"href":"https:\/\/redsemlac.com\/semmexico\/wp-json\/wp\/v2\/comments?post=78643"}],"version-history":[{"count":0,"href":"https:\/\/redsemlac.com\/semmexico\/wp-json\/wp\/v2\/posts\/78643\/revisions"}],"wp:featuredmedia":[{"embeddable":true,"href":"https:\/\/redsemlac.com\/semmexico\/wp-json\/wp\/v2\/media\/78644"}],"wp:attachment":[{"href":"https:\/\/redsemlac.com\/semmexico\/wp-json\/wp\/v2\/media?parent=78643"}],"wp:term":[{"taxonomy":"category","embeddable":true,"href":"https:\/\/redsemlac.com\/semmexico\/wp-json\/wp\/v2\/categories?post=78643"},{"taxonomy":"post_tag","embeddable":true,"href":"https:\/\/redsemlac.com\/semmexico\/wp-json\/wp\/v2\/tags?post=78643"}],"curies":[{"name":"wp","href":"https:\/\/api.w.org\/{rel}","templated":true}]}}