{"id":7863,"date":"2019-04-08T22:32:55","date_gmt":"2019-04-08T22:32:55","guid":{"rendered":"https:\/\/redsemlac.com\/semmexico\/?p=7863"},"modified":"2023-07-21T14:48:14","modified_gmt":"2023-07-21T19:48:14","slug":"alfa-omega-12","status":"publish","type":"post","link":"https:\/\/redsemlac.com\/semmexico\/alfa-omega-12\/","title":{"rendered":"Alfa Omega"},"content":{"rendered":"\n<p class=\"wp-block-paragraph\">Deshumanizada y burocratizada la atenci\u00f3n m\u00e9dica en el ISSSTE<\/p>\n\n\n\n<h5 class=\"wp-block-heading\"> Urge desburocratizar todas las \u00e1reas<\/h5>\n\n\n\n<p class=\"wp-block-paragraph\"><a href=\"https:\/\/semmexico.com\/gallery-post.php?id=7834#\">Jorge Herrera<\/a><\/p>\n\n\n\n<p class=\"wp-block-paragraph\">SemM\u00e9xico, 8 abril 2019.- El asunto a comentar en esta ocasi\u00f3n, es realmente indignante, penoso y lamentablemente muy lejano de ser abordado en una de las cotidianas \u201cconferencias ma\u00f1aneras\u201d del Presidente&nbsp;<strong>Andr\u00e9s Manuel L\u00f3pez Obrador<\/strong>, pero hoy lo planteo con la idea de que alguno de nuestros visitantes de este portal se lo haga llegar al joven director general del Instituto de Seguridad y Servicios Sociales de los Trabajadores del Estado, el&nbsp;<strong>ISSSTE<\/strong>, para que tome las medidas conducentes.<\/p>\n\n\n\n<p class=\"wp-block-paragraph\">Desde los d\u00edas en que&nbsp;<strong>Miguel \u00c1ngel Yunes Linares&nbsp;<\/strong>fue director general de esa instituci\u00f3n, protegido por la profesora&nbsp;<strong>Elba Esther Gordillo Morales<\/strong>, la corrupci\u00f3n fue galopante, sin que sus cinco sucesores (salvo el breve mandato de&nbsp;<strong>Sebasti\u00e1n Lerdo de Tejada<\/strong>, fallecido en funciones) pusieran soluci\u00f3n a la serie de anomal\u00edas, entre ellas las registradas en el&nbsp;<strong>Hospital Dar\u00edo Fern\u00e1ndez<\/strong>, cuyo director ha demostrado negligencia, indiferencia y apat\u00eda para cumplir con su encargo.<\/p>\n\n\n\n<p class=\"wp-block-paragraph\">&nbsp;A&nbsp;<strong>Luis Antonio Ram\u00edrez Pineda<\/strong>, actual director del ISSSTE, le corresponde una tarea tit\u00e1nica para humanizar el trato de m\u00e9dicos, enfermeras y empleados administrativos hacia los pacientes. Urge desburocratizar todas las \u00e1reas administrativas, particularmente la de farmacias, donde los derechohabientes son tratados desp\u00f3ticamente. De acuerdo con los lineamientos trazados por el autor de la&nbsp;<strong>4T<\/strong>, en el Sector Salud hay que hacer una completa limpia, porque lo que ocurre en casos como los del ISSSTE, tambi\u00e9n son producto de la deshonestidad de los mal llamados \u201cservidores p\u00fablicos\u201d.<\/p>\n\n\n\n<p class=\"wp-block-paragraph\"><strong>Ram\u00edrez Pineda<\/strong>, originario de Huajuapan de Le\u00f3n e hijo de mi amigo&nbsp;<strong>Heladio Ram\u00edrez L\u00f3pez<\/strong>, sin previo aviso puede darse una vueltecita al Hospital Dar\u00edo Fern\u00e1ndez (Av. Revoluci\u00f3n y Barranca del Muerto, Ciudad de M\u00e9xico) para que vea las filas de hasta 200 personas que esperan recibir sus medicamentos y la atenci\u00f3n deshumanizada con que son tratadas. Llueva, truene, haga fr\u00edo o quemante calor, hay que esperar horas y en no pocas veces, son despachados con un \u201cvuelva otro d\u00eda, no hay medicinas\u201d. Se redujo el cuadro b\u00e1sico y ahora entregan medicinas gen\u00e9ricas.<\/p>\n\n\n\n<p class=\"wp-block-paragraph\">Tambi\u00e9n comento que al reportear el caso, encontr\u00e9 a un paciente que desde octubre del a\u00f1o pasado le prometieron darle cita para una tomograf\u00eda, pero el desafortunado paciente tendr\u00e1 que regresar en un mes para saber si \u201cya me toca\u201d. Es com\u00fan que se argumente que el expediente cl\u00ednico \u201cno lo encontramos, pero en quince d\u00edas venga\u201d. Hay tr\u00e1mites de hospital-cl\u00ednica\u2013hospital que tardan un a\u00f1o. Los enfermos tienen que esperar horas, de pie, \u201cporque el doctor est\u00e1 muy ocupado\u201d.<\/p>\n\n\n\n<p class=\"wp-block-paragraph\">El director del mencionado hospital es el&nbsp;<strong>doctor Patricio Guerra Ulloa<\/strong>, quien no est\u00e1 enterado de&nbsp; nada y \u201ctrabaja\u201d hasta las 13 horas, porque tiene que salir a su consultorio privado para atender a los enfermos que le pagan. A ese funcionario le lleg\u00f3 la queja de los pacientes, hombres, que no cuentan con sanitarios porque fueron cerrados, en los tres pisos, desde hace muchos meses, pero&nbsp;<strong>don Patricio<\/strong>&nbsp;ni se inmut\u00f3.&nbsp;<\/p>\n\n\n\n<p class=\"wp-block-paragraph\"><strong>\u201cMorir como perro, en el ISSSTE\u201d<\/strong><\/p>\n\n\n\n<p class=\"wp-block-paragraph\">Bueno, pues a lo antes comentado hay que agregar la denuncia que formul\u00f3 mi fraternal amigo y colega&nbsp;<strong>Armando Rojas Ar\u00e9valo<\/strong>&nbsp;en su columna period\u00edstica&nbsp;<strong>Epistolario<\/strong>, de la que entresaco algunas l\u00edneas: \u201c<strong>Me deprime pensar que pod\u00eda morir como perro en la sala de espera de un hospital del ISSSTE, como le ocurri\u00f3 a un familiar m\u00edo, la semana pasada, que falleci\u00f3 de un infarto, luego de cuatro horas de esperar a que lo atendiera uno de los dos m\u00e9dicos de emergencia que hab\u00eda en esos momentos en el Dar\u00edo Fern\u00e1ndez\u2026No quiero causar l\u00e1stimas ni pasar la charola para la coperacha. Solo gritar que eso no se vale. Como yo, est\u00e1 el 95 por ciento de la poblaci\u00f3n\u201d.&nbsp;<\/strong>La publicaci\u00f3n fue hecha el pasado d\u00eda 3.<\/p>\n\n\n\n<p class=\"wp-block-paragraph\"><strong>Pregunta para meditar:<\/strong><\/p>\n\n\n\n<p class=\"wp-block-paragraph\">\u00bfLo que ocurre en el&nbsp;<strong>Hospital Dar\u00edo Fern\u00e1ndez<\/strong>, un bot\u00f3n de muestra, tambi\u00e9n se registrar\u00e1 en otros hospitales que tiene el ISSSTE en todo el pa\u00eds?<\/p>\n\n\n\n<p class=\"wp-block-paragraph\"><strong>Fallas en los programas sociales<\/strong><\/p>\n\n\n\n<p class=\"wp-block-paragraph\">&nbsp;Cuando hago notar las fallas que se registraron, durante el primer trimestre del a\u00f1o, para cumplir con&nbsp;<strong>los programas sociales<\/strong>&nbsp;establecidos, se me dice \u201cten calma, dales tiempo (a los nuevos funcionarios), est\u00e1n aprendiendo\u201d. Sin embargo no es justificable, porque, por ejemplo, se caus\u00f3 a los derechos habientes del Instituto Mexicano del Seguro Social, el&nbsp;<strong>IMSS<\/strong>, al retrasarles el pago de las pensiones. Una ola de protesta hubo en la Ciudad de M\u00e9xico, porque muchos beneficiarios no recibieron en este abril la&nbsp;<strong>pensi\u00f3n alimentaria<\/strong>&nbsp;(implantada por el hoy Presidente de M\u00e9xico, cuando era Jefe de Gobierno en el D.F.) y m\u00faltiples quejas porque la&nbsp;<strong>4T&nbsp;<\/strong>suprimi\u00f3 el \u201cneoliberal\u201d&nbsp;<strong>Seguro Popular<\/strong>.<\/p>\n\n\n\n<p class=\"wp-block-paragraph\"><strong>Apoyo a madres y padres<\/strong><\/p>\n\n\n\n<p class=\"wp-block-paragraph\">En forma muy discreta se est\u00e1 dando una respuesta oficial en el caso de&nbsp;<strong>las estancias infantiles<\/strong>, sin que se haya presentado ninguna denuncia formal contra los responsables de la corrupci\u00f3n que imperaba, seg\u00fan se afirm\u00f3 en&nbsp;<strong>las conferencias ma\u00f1aneras<\/strong>. A partir del pasado jueves, por orden presidencial se entregar\u00e1n 1,600 pesos bimestrales a las madres o a los padres para que cubran su pago en la estancia correspondiente. La suma de 3,600 pesos, bimestrales, se otorgar\u00e1 a los padres de ni\u00f1os discapacitados. Se estima que en todo el pa\u00eds son alrededor de 310 mil ni\u00f1os beneficiados. Las estancias deber\u00e1n brindar un servicio de calidad y garantizar la seguridad de los ni\u00f1os, manifest\u00f3 una funcionaria encargada del programa correspondiente.<\/p>\n\n\n\n<p class=\"wp-block-paragraph\"><strong>Dos aniversarios luctuosos<\/strong><\/p>\n\n\n\n<p class=\"wp-block-paragraph\">En este mes recuerdo que hay dos aniversarios luctuosos. Uno es del revolucionario morelense&nbsp;<strong>Emiliano Zapata Salazar&nbsp;<\/strong>y el del activista norteamericano&nbsp;<strong>Martin Luther King<\/strong>. Ambos fueron asesinados a tiros; los dos ten\u00edan 39 a\u00f1os de edad.&nbsp;<strong>Zapata&nbsp;<\/strong>cay\u00f3 abatido cuando montaba su caballo al entrar a la Hacienda de Chinameca, en Morelos;&nbsp;<strong>Jes\u00fas Guajardo<\/strong>&nbsp;plane\u00f3 y ejecut\u00f3 el asesinato la tarde del 10 de abril de 1919; unos d\u00edas despu\u00e9s, el presidente&nbsp;<strong>Venustiano Carranza<\/strong>&nbsp;ascendi\u00f3 a general de divisi\u00f3n a&nbsp;<strong>Jes\u00fas&nbsp;<\/strong>Mar\u00eda&nbsp;<strong>Guajardo&nbsp;<\/strong>Mart\u00ednez\u2026A las 6 y 1 minutos de la tarde del 4 de abril de 1968,&nbsp;<strong>James Early Ray<\/strong>, desde un balc\u00f3n del Lorraine Motel, en Memphis, Tennessee, dispar\u00f3 contra&nbsp;<strong>Martin Luther King<\/strong>, un pastor cristiano, activista por los Derechos Civiles de los norteamericanos negros, hoy llamados afroamericanos. La muerte fue instant\u00e1nea. Por su lucha antirracista y por exigir la igualdad de derechos,&nbsp;<strong>Martin&nbsp;<\/strong>recibi\u00f3 el Premio Nobel de la Paz 1964 y fue presidente de la Conferencia del Sur de Liderazgo Cristiano.<\/p>\n\n\n\n<p class=\"wp-block-paragraph\"><strong>P.D.&nbsp;<\/strong>De este&nbsp;<strong>Domingo 7<\/strong>&nbsp;hasta el s\u00e1bado 26 de octubre, dormiremos una hora menos, porque este el per\u00edodo del llamado \u201cHorario de Verano\u201d que se impuso en nuestro M\u00e9xico, coincidentemente, el domingo&nbsp; 7 de abril de 1996, para que ahorremos energ\u00eda el\u00e9ctrica. La otra versi\u00f3n es que el horario se deriva de una disposici\u00f3n del gobierno de Estados Unidos de Am\u00e9rica y punto. Como quiera que sea, la noche del s\u00e1bado 6 hay que adelantar una hora las manecillas del reloj y punto\u2026Como no faltan los oportunistas, por ah\u00ed un legislador federal lanz\u00f3 \u201csu iniciativa\u201d de suprimir el cambio de horario como ocurre en Sonora y en algunos municipios de Quintana Roo. Bueno, no creo que don&nbsp;<strong>Andr\u00e9s Manuel<\/strong>apruebe la idea del jocoso \u201cmorenista\u201d.<\/p>\n\n\n\n<p class=\"wp-block-paragraph\"><em>jherrerav@live.com.mx<\/em><\/p>\n","protected":false},"excerpt":{"rendered":"<p>Deshumanizada y burocratizada la atenci\u00f3n m\u00e9dica en el ISSSTE Urge desburocratizar todas las \u00e1reas Jorge Herrera SemM\u00e9xico, 8 abril 2019.- El asunto a comentar en esta ocasi\u00f3n, es realmente indignante, penoso y lamentablemente muy lejano de ser abordado en una de las cotidianas \u201cconferencias ma\u00f1aneras\u201d del Presidente&nbsp;Andr\u00e9s Manuel L\u00f3pez Obrador, pero hoy lo planteo con [&hellip;]<\/p>\n","protected":false},"author":3,"featured_media":7864,"comment_status":"open","ping_status":"open","sticky":false,"template":"","format":"standard","meta":{"_monsterinsights_skip_tracking":false,"footnotes":""},"categories":[690,94],"tags":[],"class_list":["post-7863","post","type-post","status-publish","format-standard","has-post-thumbnail","category-690","category-jorge-herrera-valenzuela"],"_links":{"self":[{"href":"https:\/\/redsemlac.com\/semmexico\/wp-json\/wp\/v2\/posts\/7863","targetHints":{"allow":["GET"]}}],"collection":[{"href":"https:\/\/redsemlac.com\/semmexico\/wp-json\/wp\/v2\/posts"}],"about":[{"href":"https:\/\/redsemlac.com\/semmexico\/wp-json\/wp\/v2\/types\/post"}],"author":[{"embeddable":true,"href":"https:\/\/redsemlac.com\/semmexico\/wp-json\/wp\/v2\/users\/3"}],"replies":[{"embeddable":true,"href":"https:\/\/redsemlac.com\/semmexico\/wp-json\/wp\/v2\/comments?post=7863"}],"version-history":[{"count":0,"href":"https:\/\/redsemlac.com\/semmexico\/wp-json\/wp\/v2\/posts\/7863\/revisions"}],"wp:featuredmedia":[{"embeddable":true,"href":"https:\/\/redsemlac.com\/semmexico\/wp-json\/wp\/v2\/media\/7864"}],"wp:attachment":[{"href":"https:\/\/redsemlac.com\/semmexico\/wp-json\/wp\/v2\/media?parent=7863"}],"wp:term":[{"taxonomy":"category","embeddable":true,"href":"https:\/\/redsemlac.com\/semmexico\/wp-json\/wp\/v2\/categories?post=7863"},{"taxonomy":"post_tag","embeddable":true,"href":"https:\/\/redsemlac.com\/semmexico\/wp-json\/wp\/v2\/tags?post=7863"}],"curies":[{"name":"wp","href":"https:\/\/api.w.org\/{rel}","templated":true}]}}