{"id":7859,"date":"2019-04-12T22:30:51","date_gmt":"2019-04-12T22:30:51","guid":{"rendered":"https:\/\/redsemlac.com\/semmexico\/?p=7859"},"modified":"2023-07-21T14:48:11","modified_gmt":"2023-07-21T19:48:11","slug":"a-cien-anos-del-asesinato-de-emiliano-zapata","status":"publish","type":"post","link":"https:\/\/redsemlac.com\/semmexico\/a-cien-anos-del-asesinato-de-emiliano-zapata\/","title":{"rendered":"A Cien A\u00f1os del Asesinato de Emiliano Zapata"},"content":{"rendered":"\n<p class=\"wp-block-paragraph\">R\u00c1FAGA<\/p>\n\n\n\n<h5 class=\"wp-block-heading\"> Registra familia la marca Emiliano Zapata<\/h5>\n\n\n\n<p class=\"wp-block-paragraph\"><a href=\"https:\/\/semmexico.com\/gallery-post.php?id=7881#\">Jorge Herrera<\/a><\/p>\n\n\n\n<p class=\"wp-block-paragraph\">SemM\u00e9xico. Cd. de M\u00e9xico. 12 de abril de 2019.- Durante los primeros 28 a\u00f1os del Siglo XX se cometieron cinco asesinatosque cimbraron al pa\u00eds. El derramamiento de sangre fue producto, durante y despu\u00e9s, del movimiento armado que comenz\u00f3 en 1910 para derrocar a la dictadura porfiriana. Las balas segaron la vida de tres Presidentes de M\u00e9xico y de los dos m\u00e1s connotados l\u00edderes, cuyas figuras adquirieron renombre mundial. Este mi\u00e9rcoles 10 de abril se recuerda el primer centenario del sacrificio del Caudillo del Sur, defensor de los campesinos y que hizo suya la frase de \u201cTierra y Libertad\u201d.<\/p>\n\n\n\n<p class=\"wp-block-paragraph\">Emiliano Zapata Salazar, originario de Anenecuilco, cerca de Villa Ayala, en el Estado de Morelos, se signific\u00f3 en&nbsp;&nbsp;la lucha revolucionaria que emprendi\u00f3, cuando Francisco I. Madero iniciaba su plan para derrocar a Porfirio D\u00edaz. Zapata iba por el rescate de las tierras que les hab\u00edan&nbsp;&nbsp;despojado a los campesinos y como comandante del Ej\u00e9rcito del Sur, proclam\u00f3 el 25 de noviembre de 1911 el Plan de Ayala y el siguiente 30 de abril hizo la primera restituci\u00f3n de tierras y aguas en Ixcamilpa de Guerrero, en los l\u00edmites de Morelos y Puebla.<\/p>\n\n\n\n<p class=\"wp-block-paragraph\">Bueno, es indudable que Emiliano Zapata creci\u00f3 de tal manera que despu\u00e9s de ser emboscado en la Hacienda de Chinameca, tambi\u00e9n del terru\u00f1o morelense, su personaje ha sido llevado a las pantallas cinematogr\u00e1ficas. En 1952, Marlon Brando lo personific\u00f3 en \u00a1Viva Zapata!, despu\u00e9s Antonio Aguilar hizo una pel\u00edcula sobre las haza\u00f1as del tambi\u00e9n llamado \u201cAtila del Sur\u201d. Alejandro Fern\u00e1ndez fue el protagonista de \u201cZapata\u201d que se estren\u00f3 en M\u00e9xico y en salas norteamericanas en 2004. Adem\u00e1s hay videos referentes al hombre que junto con el legendario Pancho Villa, siguen acaparando la atenci\u00f3n de los cineastas y televidentes. Por cierto, las pel\u00edculas sobre El Centauro del Norte est\u00e1n clasificadas como hist\u00f3ricas. Villa fue emboscado en Parral, Chihuahua, en 1923, por \u00f3rdenes de Obreg\u00f3n, \u00bfpor qu\u00e9?, porque Villa apoyaba a Adolfo de la Huerta en su campa\u00f1a presidencial.<\/p>\n\n\n\n<p class=\"wp-block-paragraph\">Zapata Salazar ten\u00eda 39 a\u00f1os de edad al ser v\u00edctima de un grupo de militares encabezados por el entonces coronel Jes\u00fas Guajardo, quien recibi\u00f3 \u00f3rdenes del general Pablo Gonz\u00e1lez para dar muerte al Caudillo del Sur, que primero se enemist\u00f3 con Madero y despu\u00e9s tuvo enfrentamientos con Venustiano Carranza, a quien se atribuye la autor\u00eda intelectual del asesinato. Guajardo se dijo anticarrancista y cit\u00f3 a Emiliano en Chinameca, Zapata receloso como era retraso su llegada la hacienda y cuando apenas entraba, montado en su caballo, Guajardo dio \u00f3rdenes de que dispararan contra el l\u00edder agrarista y su corta escolta.<\/p>\n\n\n\n<p class=\"wp-block-paragraph\"><strong>LOS TRES PRESIDENTES BALACEADOS<\/strong><\/p>\n\n\n\n<p class=\"wp-block-paragraph\">Pues bien, antes de entrar en detalles de lo que se est\u00e1 registrando en este abril de 2019,&nbsp;&nbsp;les comentar\u00e9 que el autor material del crimen, Jes\u00fas Guajardo, pocos d\u00edas despu\u00e9s de los hechos, fue condecorado y ascendido a general de divisi\u00f3n, por disposici\u00f3n del presidente Venustiano Carranza.<\/p>\n\n\n\n<p class=\"wp-block-paragraph\">El Var\u00f3n de Cuatro Ci\u00e9negas se trasladaba&nbsp;&nbsp;al Puerto de Veracruz y detuvo el viaje, para pasar la lluviosa noche,&nbsp;&nbsp;en Tlaxcalaltongo, Puebla, y ah\u00ed las balas disparadas por la escolta&nbsp;&nbsp;del general Rodolfo Herrero, lo acribillaron el 21 de mayo de 1920. Esos hechos fueron atribuidos a su eterno rival pol\u00edtico, Obreg\u00f3n. En febrero de 1913 el presidente renunciado Francisco I. Madero muri\u00f3 abatido, a tiros, por orden del usurpador Victoriano Huerta y en julio de 1928 el presidente reelecto \u00c1lvaro Obreg\u00f3n perdi\u00f3 la vida cuando lo iban a homenajear en el restaurant La Bombilla, al Sur de la Ciudad de M\u00e9xico. La voz popular responsabiliz\u00f3 a Plutarco El\u00edas Calles, presidente en funciones.<\/p>\n\n\n\n<p class=\"wp-block-paragraph\"><strong>COMERCIALIZAN EL NOMBRE DE ZAPATA<\/strong><\/p>\n\n\n\n<p class=\"wp-block-paragraph\">Me llam\u00f3 la atenci\u00f3n el pasado domingo una noticia titulada \u201cRegistra familia la marca Emiliano Zapata\u201d (diario Reforma n\u00famero 9,228). Resulta que el bisnieto del Caudillo del Sur, un joven de nombre Edgar Castro Zapata, presidente de la Fundaci\u00f3n Zapata, inici\u00f3 los tr\u00e1mites de registro, ante el Instituto Mexicano de la Propiedad Industrial, para comercializar bebidas alcoh\u00f3licas y prendas de vestir con el nombre de Emiliano Zapata, Tambi\u00e9n interviene la organizaci\u00f3n \u201cLos Herederos de la Revoluci\u00f3n, A.C.\u201d.<\/p>\n\n\n\n<p class=\"wp-block-paragraph\">La Legislatura LXIV de la C\u00e1mara de Diputados ya rindi\u00f3 un homenaje a Zapata y el gobierno federal decret\u00f3 \u201cEl A\u00f1o del Caudillo del Sur\u201d, cuya leyenda y fotograf\u00eda del h\u00e9roe revolucionario aparece en el papel membretado que se usa en las diferentes dependencias oficiales. La Comisi\u00f3n de Cultura de esa misma C\u00e1mara ha propuesto que se instaure la medalla con el nombre de nuestro recordado personaje y sea entregada a los luchadores sociales.<\/p>\n\n\n\n<p class=\"wp-block-paragraph\">Se sabe que tanto la Universidad Nacional Aut\u00f3noma de M\u00e9xico como el Instituto Nacional de Estudios de las Revoluciones Mexicanas, INERHM, est\u00e1n realizando conferencias y diversas actividades para rendir homenaje a Zapata. TV UNAM tiene una&nbsp;&nbsp;programaci\u00f3n dedicada al centenario de la muerte del revolucionario, cuyas huestes fueron muy criticadas en los tiempos de la Revoluci\u00f3n Mexicana, porque arrasaban con todo y violaban a las jovencitas que se cruzaban a su paso.<\/p>\n\n\n\n<p class=\"wp-block-paragraph\"><strong>PREGUNTA PARA MEDITAR:<\/strong><\/p>\n\n\n\n<p class=\"wp-block-paragraph\">\u00bfEl Presidente L\u00f3pez Obrador podr\u00eda ordenar a su Secretaria de Cultura y al gobernador de Morelos que les den mantenimiento a la Plaza Revoluci\u00f3n del Sur, en Cuautla, as\u00ed como a la Plaza de Anenecuilco, a la casa donde naci\u00f3 Zapata y al museo que hay en ese lugar?&nbsp;<\/p>\n\n\n\n<p class=\"wp-block-paragraph\"><strong><a href=\"mailto:jherrerav@live.com.mx\" target=\"_blank\" rel=\"noreferrer noopener\">jherrerav@live.com.mx<\/a><\/strong><br><\/p>\n","protected":false},"excerpt":{"rendered":"<p>R\u00c1FAGA Registra familia la marca Emiliano Zapata Jorge Herrera SemM\u00e9xico. Cd. de M\u00e9xico. 12 de abril de 2019.- Durante los primeros 28 a\u00f1os del Siglo XX se cometieron cinco asesinatosque cimbraron al pa\u00eds. El derramamiento de sangre fue producto, durante y despu\u00e9s, del movimiento armado que comenz\u00f3 en 1910 para derrocar a la dictadura porfiriana. [&hellip;]<\/p>\n","protected":false},"author":3,"featured_media":7860,"comment_status":"open","ping_status":"open","sticky":false,"template":"","format":"standard","meta":{"_monsterinsights_skip_tracking":false,"footnotes":""},"categories":[690,94],"tags":[],"class_list":["post-7859","post","type-post","status-publish","format-standard","has-post-thumbnail","category-690","category-jorge-herrera-valenzuela"],"_links":{"self":[{"href":"https:\/\/redsemlac.com\/semmexico\/wp-json\/wp\/v2\/posts\/7859","targetHints":{"allow":["GET"]}}],"collection":[{"href":"https:\/\/redsemlac.com\/semmexico\/wp-json\/wp\/v2\/posts"}],"about":[{"href":"https:\/\/redsemlac.com\/semmexico\/wp-json\/wp\/v2\/types\/post"}],"author":[{"embeddable":true,"href":"https:\/\/redsemlac.com\/semmexico\/wp-json\/wp\/v2\/users\/3"}],"replies":[{"embeddable":true,"href":"https:\/\/redsemlac.com\/semmexico\/wp-json\/wp\/v2\/comments?post=7859"}],"version-history":[{"count":0,"href":"https:\/\/redsemlac.com\/semmexico\/wp-json\/wp\/v2\/posts\/7859\/revisions"}],"wp:featuredmedia":[{"embeddable":true,"href":"https:\/\/redsemlac.com\/semmexico\/wp-json\/wp\/v2\/media\/7860"}],"wp:attachment":[{"href":"https:\/\/redsemlac.com\/semmexico\/wp-json\/wp\/v2\/media?parent=7859"}],"wp:term":[{"taxonomy":"category","embeddable":true,"href":"https:\/\/redsemlac.com\/semmexico\/wp-json\/wp\/v2\/categories?post=7859"},{"taxonomy":"post_tag","embeddable":true,"href":"https:\/\/redsemlac.com\/semmexico\/wp-json\/wp\/v2\/tags?post=7859"}],"curies":[{"name":"wp","href":"https:\/\/api.w.org\/{rel}","templated":true}]}}