{"id":7845,"date":"2019-05-01T22:20:04","date_gmt":"2019-05-01T22:20:04","guid":{"rendered":"https:\/\/redsemlac.com\/semmexico\/?p=7845"},"modified":"2023-07-21T14:48:39","modified_gmt":"2023-07-21T19:48:39","slug":"rafaga-11","status":"publish","type":"post","link":"https:\/\/redsemlac.com\/semmexico\/rafaga-11\/","title":{"rendered":"R\u00e1faga"},"content":{"rendered":"\n<p class=\"wp-block-paragraph\">Afirman Que Ya No Habr\u00e1 \u201cCharrismo\u201d Sindical, Ni L\u00edderes \u201cVitalicios\u201d<\/p>\n\n\n\n<h5 class=\"wp-block-heading\"> Hoy, se hablar\u00e1 de la nueva legislaci\u00f3n laboral<\/h5>\n\n\n\n<p class=\"wp-block-paragraph\"><a href=\"https:\/\/semmexico.com\/gallery-post.php?id=8035#\">Jorge Herrera<\/a><\/p>\n\n\n\n<p class=\"wp-block-paragraph\">SemM\u00e9xico, 1 mayo 2019.- Durante muchos a\u00f1os el primer d\u00eda de mayo, en el Distrito Federal (hoy Ciudad de M\u00e9xico) y en las capitales estatales desfilaban empleados y obreros sindicalizados, encabezados por el Presidente de la Rep\u00fablica y los gobernadores, respectivamente, acompa\u00f1ados de los dirigentes de la CTM, la CROM, la CROC, la CGT, la FSTSE. Las actividades oficiales se suspend\u00edan. Era la celebraci\u00f3n del D\u00eda del Trabajo, fecha establecida para recordar a los M\u00e1rtires de Chicago.<\/p>\n\n\n\n<p class=\"wp-block-paragraph\">Poco a poco en el presente siglo las marchas de obreros han desaparecido. Unos argumentan que la violencia es el factor determinante, pues se registraron choques entre los grupos que participaban. Otros afirman que \u201cya no hay nada que festejar\u201d; los mismos gobernantes, desde los \u00faltimos a\u00f1os del siglo pasado, le restaron importancia al evento, particularmente los panistas y el priista mexiquense acab\u00f3 con todo lo que ten\u00eda sello derivado del movimiento revolucionario.<\/p>\n\n\n\n<p class=\"wp-block-paragraph\">Bueno, ahora podemos decir que en este mi\u00e9rcoles 1 de Mayo de 2019, se hablar\u00e1 de la nueva legislaci\u00f3n laboral, aprobada el lunes pasado en el Senado de la Rep\u00fablica. El presidente Andr\u00e9s Manuel L\u00f3pez Obrador en su conferencia ma\u00f1anera, el \u00faltimo d\u00eda de abril, nos comunic\u00f3 que con ello, M\u00e9xico cumpli\u00f3 con el compromiso contra\u00eddo con el gobierno de Estados Unidos.<\/p>\n\n\n\n<p class=\"wp-block-paragraph\">Lo censurable es que en la C\u00e1mara de Diputados, al ser discutida la reforma, hubo injerencia de un grupo de norteamericanos, enviado expresamente por el gobierno de Donald Trump, &nbsp;para que el texto estuviera acorde con el Tratado de Libre Comercio, el T-MEC, que est\u00e1 por aprobarse en el Congreso de los Estados Unidos.<\/p>\n\n\n\n<p class=\"wp-block-paragraph\">Recuerdo que el pasado 11 de abril el diputado Mario Delgado Carrillo, coordinador de la bancada morenista, con j\u00fabilo grit\u00f3 que se acab\u00f3 el \u201ccharrismo sindical\u201d o sea que ya no habr\u00e1 dirigentes sindicales que tengan respaldo del gobierno. Ojal\u00e1 sea cierto, porque est\u00e1 surgiendo una central obrera de un expriista y ahora lopezobradorista de \u201chueso colorado\u201d. Ya no habr\u00e1 Juntas Federal ni Locales de Conciliaci\u00f3n y Arbitraje, pues se crear\u00e1 un nuevo sistema de justicia laboral que incluye juzgados y el Centro Federal de Conciliaci\u00f3n y Registro Laboral.<\/p>\n\n\n\n<p class=\"wp-block-paragraph\">En este \u00faltimo aspecto, las autoridades de la Secretar\u00eda del Trabajo y Previsi\u00f3n Social, as\u00ed como los gobiernos estatales y de la Ciudad de M\u00e9xico, deber\u00e1n de actuar con celeridad en la transferencia de las Juntas a los juzgados, para no entorpecer la tramitaci\u00f3n de los juicios, perjudicando cualquier retraso a los demandantes y a la contraparte. Esperamos que sean desterrados los \u201cabogados pr\u00e1cticos\u201d tambi\u00e9n conocidos como \u201ccoyotes\u201d.<\/p>\n\n\n\n<p class=\"wp-block-paragraph\">La reforma, aprobada por 120 senadores, 2 votaron en contra y 6 estuvieron ausentes, pugnar\u00e1 por la democracia sindical. Las elecciones internas en cada sindicato, no ser\u00e1n por votaci\u00f3n a mano alzada sino por voto personal y secreto.<\/p>\n\n\n\n<p class=\"wp-block-paragraph\">El trabajador mantiene su derecho a no afiliarse a ning\u00fan sindicato y a no pagar cuotas, as\u00ed como en cada dependencia oficial o empresa privada los trabajadores podr\u00e1n organizar su sindicato cumpliendo con los requisitos legales. Desaparece la costumbre de contratar empleados por medio de agencias privadas.<\/p>\n\n\n\n<p class=\"wp-block-paragraph\">\u201c<strong>El charrismo\u201d y \u201clos vitalicios\u201d<\/strong><\/p>\n\n\n\n<p class=\"wp-block-paragraph\">Por cierto, mucho se habla y se comenta sobre \u201cel l\u00edder charro\u201d, pero poco es lo que se sabe del origen de ese calificativo. Cuando menos de las personas que entrevist\u00e9, dos contestaron que alguna vez oyeron que un charro fue l\u00edder sindical. Bueno, pues all\u00e1 por 1948 cuando hubo elecciones en el Sindicato de Trabajadores Ferrocarrileros de la Rep\u00fablica Mexicana y el triunfador fue un se\u00f1or llamado Jes\u00fas D\u00edaz de Le\u00f3n.<\/p>\n\n\n\n<p class=\"wp-block-paragraph\">Jes\u00fas, cuentan, gustaba vestir el traje de charro. No se supo que perteneciera a la charrer\u00eda mexicana. El dirigente ferrocarrilero goz\u00f3 del apoyo del presidente Miguel Alem\u00e1n Vald\u00e9s, quien hizo encarcelar, se dijo entonces, a los opositores de \u201cEl Charro\u201d D\u00edaz de Le\u00f3n y desde entonces existe \u201cel charrismo sindical\u201d. Los que estaban en contra de Jes\u00fas eran Luis G\u00f3mez Z. y Valent\u00edn Campa, entre otros. G\u00f3mez Zeta despu\u00e9s ser\u00eda \u201cl\u00edder charro\u201d. De Jes\u00fas no encontr\u00e9 datos personales ni en el documentado Diccionario Enciclop\u00e9dico de mi amigo Humberto Mussachio L\u00f3pez.<\/p>\n\n\n\n<p class=\"wp-block-paragraph\">Mire lo que son las cosas, en 1976 uno de los sindicatos m\u00e1s influyentes era el de los trabajadores telefonistas, todav\u00eda la empresa no estaba privatizada. Hab\u00eda lucha por el liderazgo sindical donde Jorge Ayala Ram\u00edrez y Pedro Garc\u00eda Zendejas lo disputaban, pero lleg\u00f3 \u201cel que iba a acabar con los cacicazgos\u201d, se llama Francisco Hern\u00e1ndez Ju\u00e1rez y efectivamente dio muerte a esos cacicazgos e impuso el suyo, pues ya lleva 43 a\u00f1os \u201csacrific\u00e1ndose\u201d por sus compa\u00f1eros.<\/p>\n\n\n\n<p class=\"wp-block-paragraph\">Carlos Romero Dechamps lleva 30 a\u00f1os al frente del Sindicato de Trabajadores Petroleros de la Rep\u00fablica Mexicana. Hoy est\u00e1 en absoluto silencio, aunque internamente hay grupos que buscan el apoyo del presidente L\u00f3pez Obrador para \u201cnuevas elecciones\u201d. En la dirigencia nacional de la FSTSE (Federaci\u00f3n de Sindicatos de Trabajadores al Servicio del Estado) el economista Joel Ayala&nbsp; Almeida ya cumpli\u00f3 21 a\u00f1os como \u201cl\u00edder\u201d<\/p>\n\n\n\n<p class=\"wp-block-paragraph\">Un caso especial es el de V\u00edctor Flores Morales, quien se ostenta como secretario general del Sindicato de Trabajadores Ferrocarrileros de la Rep\u00fablica Mexicana y mantiene el control de las cuotas sindicales, adem\u00e1s de \u201cjinetear\u201d el dinero de los jubilados. En la Procuradur\u00eda (hoy Fiscal\u00eda) General de la Rep\u00fablica hay miles de denuncias contra V\u00edctor, por el saqueo que ha hecho de las arcas sindicales. Hasta ahora los expedientes o \u201ccarpetas de investigaci\u00f3n\u201d est\u00e1n debidamente guardadas.<\/p>\n\n\n\n<p class=\"wp-block-paragraph\"><strong>Pregunta para meditar:<\/strong><\/p>\n\n\n\n<p class=\"wp-block-paragraph\">\u00bfLa nueva Legislaci\u00f3n Laboral ser\u00e1 en beneficio de los trabajadores, incluyendo a los del Apartado B, o solo es un simple cambio de papel membretado?<\/p>\n\n\n\n<p class=\"wp-block-paragraph\"><strong>jherrerav@live.com.mx<\/strong><\/p>\n","protected":false},"excerpt":{"rendered":"<p>Afirman Que Ya No Habr\u00e1 \u201cCharrismo\u201d Sindical, Ni L\u00edderes \u201cVitalicios\u201d Hoy, se hablar\u00e1 de la nueva legislaci\u00f3n laboral Jorge Herrera SemM\u00e9xico, 1 mayo 2019.- Durante muchos a\u00f1os el primer d\u00eda de mayo, en el Distrito Federal (hoy Ciudad de M\u00e9xico) y en las capitales estatales desfilaban empleados y obreros sindicalizados, encabezados por el Presidente de [&hellip;]<\/p>\n","protected":false},"author":3,"featured_media":7846,"comment_status":"open","ping_status":"open","sticky":false,"template":"","format":"standard","meta":{"_monsterinsights_skip_tracking":false,"footnotes":""},"categories":[690,94,35,107],"tags":[],"class_list":["post-7845","post","type-post","status-publish","format-standard","has-post-thumbnail","category-690","category-jorge-herrera-valenzuela","category-opinion","category-rafaga"],"_links":{"self":[{"href":"https:\/\/redsemlac.com\/semmexico\/wp-json\/wp\/v2\/posts\/7845","targetHints":{"allow":["GET"]}}],"collection":[{"href":"https:\/\/redsemlac.com\/semmexico\/wp-json\/wp\/v2\/posts"}],"about":[{"href":"https:\/\/redsemlac.com\/semmexico\/wp-json\/wp\/v2\/types\/post"}],"author":[{"embeddable":true,"href":"https:\/\/redsemlac.com\/semmexico\/wp-json\/wp\/v2\/users\/3"}],"replies":[{"embeddable":true,"href":"https:\/\/redsemlac.com\/semmexico\/wp-json\/wp\/v2\/comments?post=7845"}],"version-history":[{"count":0,"href":"https:\/\/redsemlac.com\/semmexico\/wp-json\/wp\/v2\/posts\/7845\/revisions"}],"wp:featuredmedia":[{"embeddable":true,"href":"https:\/\/redsemlac.com\/semmexico\/wp-json\/wp\/v2\/media\/7846"}],"wp:attachment":[{"href":"https:\/\/redsemlac.com\/semmexico\/wp-json\/wp\/v2\/media?parent=7845"}],"wp:term":[{"taxonomy":"category","embeddable":true,"href":"https:\/\/redsemlac.com\/semmexico\/wp-json\/wp\/v2\/categories?post=7845"},{"taxonomy":"post_tag","embeddable":true,"href":"https:\/\/redsemlac.com\/semmexico\/wp-json\/wp\/v2\/tags?post=7845"}],"curies":[{"name":"wp","href":"https:\/\/api.w.org\/{rel}","templated":true}]}}