{"id":7841,"date":"2018-06-21T22:16:31","date_gmt":"2018-06-21T22:16:31","guid":{"rendered":"https:\/\/redsemlac.com\/semmexico\/?p=7841"},"modified":"2023-07-21T14:32:20","modified_gmt":"2023-07-21T19:32:20","slug":"las-candidaturas-en-jalisco-por-la-igualdad","status":"publish","type":"post","link":"https:\/\/redsemlac.com\/semmexico\/las-candidaturas-en-jalisco-por-la-igualdad\/","title":{"rendered":"Las candidaturas en Jalisco por la igualdad"},"content":{"rendered":"\n<p class=\"wp-block-paragraph\">Garantizar la generaci\u00f3n de pol\u00edticas p\u00fablicas integrales<\/p>\n\n\n\n<h5 class=\"wp-block-heading\"> Garantizar la institucionalizaci\u00f3n de la Perspectiva de G\u00e9nero en la Administraci\u00f3n P\u00fablica.<\/h5>\n\n\n\n<p class=\"wp-block-paragraph\"><a href=\"https:\/\/semmexico.com\/gallery-post.php?id=5131#\">Lupita Ramos<\/a><\/p>\n\n\n\n<p class=\"wp-block-paragraph\">SemM\u00e9xico. Jaslico. 21 de junio de 2018.- Ya en la recta final de las campa\u00f1as electorales, las organizaciones que integran el Observatorio Ciudadano de la Participaci\u00f3n Pol\u00edtica de las Mujeres (PARIT\u00c9), entre estas, Cladem, Atala Apodaca A.C., Ataneo Ars, Observa Latrata, Uni-diversidades y Mujeres del M\u00e9xico y el Mundo A.C. as\u00ed como acad\u00e9micas y activistas por el medio ambiente y los derechos humanos de las mujeres, convocaron a las y los candidatos en Jalisco a firmar la Agenda de g\u00e9nero y estar\u00e1n observando las pol\u00edticas p\u00fablicas y acciones de quien llegue a gobernar y legislar en el Estado. Entre otras acciones, se comprometieron a:<\/p>\n\n\n\n<p class=\"wp-block-paragraph\"><strong>1.<\/strong>Garantizar a las mujeres su derecho a una vida libre de violencia, mediante la&nbsp;implementaci\u00f3n de un seguro contra la violencia por razones de g\u00e9nero, la implementaci\u00f3n de protocolos de seguimiento a \u00f3rdenes de protecci\u00f3n que incluya la c\u00e9dula de identificaci\u00f3n de riesgo feminicida y contar con un padr\u00f3n de agresores, deudores de pensiones alimenticias,&nbsp;hostigadores y acosadores sexuales.<\/p>\n\n\n\n<p class=\"wp-block-paragraph\"><strong>2.<\/strong>Garantizar la institucionalizaci\u00f3n de la Perspectiva de G\u00e9nero en la Administraci\u00f3n P\u00fablica.<\/p>\n\n\n\n<p class=\"wp-block-paragraph\"><strong>3.<\/strong>Garantizar que el presupuesto p\u00fablico contenga perspectiva de g\u00e9nero, que sea irreductible, progresivo y multianual, con mecanismos de evaluaci\u00f3n y seguimiento e indicadores con la participaci\u00f3n de las organizaciones feministas.&nbsp;<\/p>\n\n\n\n<p class=\"wp-block-paragraph\"><strong>4.<\/strong>Garantizar el derecho de acceso a la justicia para las mujeres v\u00edctimas de cualquier tipo de violencia y una efectiva reparaci\u00f3n integral del da\u00f1o.<\/p>\n\n\n\n<p class=\"wp-block-paragraph\"><strong>5.<\/strong>Garantizar la generaci\u00f3n de pol\u00edticas p\u00fablicas integrales para prevenir, atender, sancionar y erradicar el Feminicidio,&nbsp;&nbsp;la Trata de Personas y la Desaparici\u00f3n de Personas.&nbsp;<\/p>\n\n\n\n<p class=\"wp-block-paragraph\"><strong>6.<\/strong>Garantizar a las mujeres el acceso al agua potable, libre de contaminantes para consumo humano, y al saneamiento, tomando en cuenta sus diferentes necesidades.&nbsp;<\/p>\n\n\n\n<p class=\"wp-block-paragraph\"><strong>7.<\/strong>Garantizar la creaci\u00f3n de pol\u00edticas p\u00fablicas con&nbsp;perspectiva de g\u00e9nero, interseccionales,&nbsp;&nbsp;que respeten y reconozcan la diversidad sexual humana, con impacto en la mejora del bienestar de las personas Lesbianas, Gays, Bisexuales, Transexuales e Intersexuales.<\/p>\n\n\n\n<p class=\"wp-block-paragraph\"><strong>8.<\/strong>Garantizar que en la conformaci\u00f3n del Gabinete de Gobierno y en cualquier otra propuesta que competa a su encargo,&nbsp;&nbsp;se tome en cuenta el principio de Paridad de G\u00e9nero.<\/p>\n\n\n\n<p class=\"wp-block-paragraph\"><strong>9.&nbsp;<\/strong>Garantizar la protecci\u00f3n de los derechos sexuales y reproductivos reconocidos por la legislaci\u00f3n nacional e internacional y en las Normas Oficiales Mexicanas.<\/p>\n\n\n\n<p class=\"wp-block-paragraph\"><strong>10.&nbsp;<\/strong>Garantizar el cumplimento de las propuestas vertidas en el documento titulado: Mujeres jaliscienses, por una agenda de g\u00e9nero 2018, mismo que se encuentra en su poder.<\/p>\n\n\n\n<p class=\"wp-block-paragraph\">Bien por quienes acudieron al llamado de suscribir la agenda: \u00abPol\u00edticas P\u00fablicas, Discriminaci\u00f3n y Violencia contra las Mujeres. Hacia una Agenda de G\u00e9nero\u00bb. El compromiso por un M\u00e9xico paritario, incluyente y garante de una vida libre de violencia para todas las mujeres y el reconocimiento&nbsp; de la diversidad de las mujeres como ciudadanas con pleno derecho debe ser una prioridad en las plataformas pol\u00edticas de quien desee gobernar y legislar para las y los Jaliscienses. Sin duda, junto con Parit\u00e9, vigilaremos que cumplan sus compromisos y a quienes no se dieron el tiempo de acudir a firmar y suscribir la agenda, les reiteramos la deuda pendiente con la mitad de la poblaci\u00f3n: Las Mujeres.<\/p>\n\n\n\n<p class=\"wp-block-paragraph\">lupitaramosponce@gmail.com@lupitaramosponce<br><\/p>\n","protected":false},"excerpt":{"rendered":"<p>Garantizar la generaci\u00f3n de pol\u00edticas p\u00fablicas integrales Garantizar la institucionalizaci\u00f3n de la Perspectiva de G\u00e9nero en la Administraci\u00f3n P\u00fablica. Lupita Ramos SemM\u00e9xico. Jaslico. 21 de junio de 2018.- Ya en la recta final de las campa\u00f1as electorales, las organizaciones que integran el Observatorio Ciudadano de la Participaci\u00f3n Pol\u00edtica de las Mujeres (PARIT\u00c9), entre estas, Cladem, [&hellip;]<\/p>\n","protected":false},"author":3,"featured_media":7651,"comment_status":"open","ping_status":"open","sticky":false,"template":"","format":"standard","meta":{"_monsterinsights_skip_tracking":false,"footnotes":""},"categories":[689,91],"tags":[],"class_list":["post-7841","post","type-post","status-publish","format-standard","has-post-thumbnail","category-689","category-lupita-ramos-ponce"],"_links":{"self":[{"href":"https:\/\/redsemlac.com\/semmexico\/wp-json\/wp\/v2\/posts\/7841","targetHints":{"allow":["GET"]}}],"collection":[{"href":"https:\/\/redsemlac.com\/semmexico\/wp-json\/wp\/v2\/posts"}],"about":[{"href":"https:\/\/redsemlac.com\/semmexico\/wp-json\/wp\/v2\/types\/post"}],"author":[{"embeddable":true,"href":"https:\/\/redsemlac.com\/semmexico\/wp-json\/wp\/v2\/users\/3"}],"replies":[{"embeddable":true,"href":"https:\/\/redsemlac.com\/semmexico\/wp-json\/wp\/v2\/comments?post=7841"}],"version-history":[{"count":0,"href":"https:\/\/redsemlac.com\/semmexico\/wp-json\/wp\/v2\/posts\/7841\/revisions"}],"wp:featuredmedia":[{"embeddable":true,"href":"https:\/\/redsemlac.com\/semmexico\/wp-json\/wp\/v2\/media\/7651"}],"wp:attachment":[{"href":"https:\/\/redsemlac.com\/semmexico\/wp-json\/wp\/v2\/media?parent=7841"}],"wp:term":[{"taxonomy":"category","embeddable":true,"href":"https:\/\/redsemlac.com\/semmexico\/wp-json\/wp\/v2\/categories?post=7841"},{"taxonomy":"post_tag","embeddable":true,"href":"https:\/\/redsemlac.com\/semmexico\/wp-json\/wp\/v2\/tags?post=7841"}],"curies":[{"name":"wp","href":"https:\/\/api.w.org\/{rel}","templated":true}]}}