{"id":7830,"date":"2019-04-17T22:08:26","date_gmt":"2019-04-17T22:08:26","guid":{"rendered":"https:\/\/redsemlac.com\/semmexico\/?p=7830"},"modified":"2023-07-21T14:48:09","modified_gmt":"2023-07-21T19:48:09","slug":"juego-de-palabras-4","status":"publish","type":"post","link":"https:\/\/redsemlac.com\/semmexico\/juego-de-palabras-4\/","title":{"rendered":"Juego de Palabras"},"content":{"rendered":"\n<p class=\"wp-block-paragraph\">Libertad de expresi\u00f3n, un derecho restringido<\/p>\n\n\n\n<h5 class=\"wp-block-heading\"> El Estado se debe comprometer a respetar y garantizar el ejercicio de la libertad de expresi\u00f3n.<\/h5>\n\n\n\n<p class=\"wp-block-paragraph\"><a href=\"https:\/\/semmexico.com\/gallery-post.php?id=7914#\">Yaneth Tamayo<\/a><\/p>\n\n\n\n<p class=\"wp-block-paragraph\">SemM\u00e9xico. Cd. de M\u00e9xico. 17 de abril de 2019.- Cada vez es m\u00e1s evidente ver a personajes pol\u00edticos y funcionarios p\u00fablicos comport\u00e1ndose como celebridades ante la presencia de los medios de comunicaci\u00f3n, emitiendo discursos estridentes y declaraciones agresivas cuando son cuestionados por ocultar o minimizar la informaci\u00f3n sobre sus actos o declaraciones, al despertar m\u00faltiples suspicacias en torno a sus intereses privados ya sean econ\u00f3micos o pol\u00edticos.<\/p>\n\n\n\n<p class=\"wp-block-paragraph\">Sin embargo, cuando son confrontados por activistas de derechos humanos, periodistas o ciudadanos, que descubren y se\u00f1alan sus arbitrariedades, de forma inmediata se transforman en seres f\u00faricos que autom\u00e1ticamente usan el servilismo de las instituciones para censurar, intimidar o violentar a aquellos que los cuestionan.<\/p>\n\n\n\n<p class=\"wp-block-paragraph\">Violando y restringiendo el derecho de libertad de expresi\u00f3n de todos aquellos que ejercen su ciudadan\u00eda; provocando un aumento en el n\u00famero de agresiones f\u00edsicas e institucionales, as\u00ed como la impunidad en la que se mantienen las violaciones a los derechos humanos de las personas que deciden cuestionar los actos de estos funcionarios.<\/p>\n\n\n\n<p class=\"wp-block-paragraph\">La utilizaci\u00f3n de controles indirectos, el sometimiento de la discrecionalidad de los impartidores de justicia, la influencia del poder y el dinero han puesto en evidencia a un Estado d\u00e9bil y deficiente en el ejercicio de la democracia, en donde grupos de poder imponen sus criterios a una ciudadan\u00eda poco informada y participativa, neg\u00e1ndoles el ejercicio de un peso real en el \u00e1mbito de las tomas de decisiones.<\/p>\n\n\n\n<p class=\"wp-block-paragraph\">Lo anterior se debe a la escasa tolerancia que tienen frente a las cr\u00edticas y la innegable pobreza en la calidad del debate y la cultura pol\u00edtica, en donde sus actores se convierten en un producto que se comercializa a trav\u00e9s de la simplificaci\u00f3n de sus mensajes para hacerlos atractivos y consumibles, o en que su actuaci\u00f3n pol\u00edtica sea calificada por su capacidad de persuasi\u00f3n y seducci\u00f3n de un grupo minoritario y no por una evaluaci\u00f3n racional de propuestas y de la informaci\u00f3n que emite.<\/p>\n\n\n\n<p class=\"wp-block-paragraph\">Lo que permite deducir que estos personajes pol\u00edticos y funcionarios p\u00fablicos solo consideran a la ciudadan\u00eda como un grupo de electores que solo pueden intervenir y tomar decisiones al momento de emitir un voto y no al momento de exigirles responsabilidad a estos pol\u00edticos; arrebat\u00e1ndoles con ello su calidad de ciudadanos al dejarlos solo como espectadores.&nbsp;&nbsp;&nbsp;<\/p>\n\n\n\n<p class=\"wp-block-paragraph\">Tal restricci\u00f3n no solo atenta contra la democracia, la participaci\u00f3n social y el compromiso c\u00edvico, sino que contribuye a una situaci\u00f3n de impunidad y corrupci\u00f3n al no permitir que la ciudadan\u00eda vigile el actuar y cuestione la responsabilidad de los sujetos que se comprometieron a administrar al Estado, por lo que de seguir colocando obst\u00e1culos en una democracia solo se mantendr\u00e1 un Estado de Derecho limitado envuelto en serios problemas sociales, culturales y econ\u00f3micos.<\/p>\n\n\n\n<p class=\"wp-block-paragraph\">Es por lo anterior que el Estado se debe comprometer a respetar y garantizar el ejercicio de la libertad de expresi\u00f3n en el cual los ciudadanos puedan expresarse sin el peligro de ser expuestos a severos castigos, por emitir cr\u00edticas sobre cuestiones pol\u00edticas, cr\u00edticas a funcionarios, al gobierno, al r\u00e9gimen, al orden socio econ\u00f3mico y a la ideolog\u00eda prevaleciente.<\/p>\n\n\n\n<p class=\"wp-block-paragraph\">En conclusi\u00f3n, respetar la libertad de expresi\u00f3n y posicionar al ciudadano como como un sujeto con posibilidades jur\u00eddicas de exigir informaci\u00f3n, manifestar libremente sus ideas y, en ocasiones, participar en la conformaci\u00f3n de la opini\u00f3n p\u00fablica, otorgara credibilidad al Estado y a las instituciones en el sentido de legitimar sus acciones frente a una sociedad que solo espera que sus demandas sociales contribuyan al bienestar social.<\/p>\n","protected":false},"excerpt":{"rendered":"<p>Libertad de expresi\u00f3n, un derecho restringido El Estado se debe comprometer a respetar y garantizar el ejercicio de la libertad de expresi\u00f3n. Yaneth Tamayo SemM\u00e9xico. Cd. de M\u00e9xico. 17 de abril de 2019.- Cada vez es m\u00e1s evidente ver a personajes pol\u00edticos y funcionarios p\u00fablicos comport\u00e1ndose como celebridades ante la presencia de los medios de [&hellip;]<\/p>\n","protected":false},"author":3,"featured_media":7831,"comment_status":"open","ping_status":"open","sticky":false,"template":"","format":"standard","meta":{"_monsterinsights_skip_tracking":false,"footnotes":""},"categories":[690,93],"tags":[],"class_list":["post-7830","post","type-post","status-publish","format-standard","has-post-thumbnail","category-690","category-yaneth-tamayo-avalos"],"_links":{"self":[{"href":"https:\/\/redsemlac.com\/semmexico\/wp-json\/wp\/v2\/posts\/7830","targetHints":{"allow":["GET"]}}],"collection":[{"href":"https:\/\/redsemlac.com\/semmexico\/wp-json\/wp\/v2\/posts"}],"about":[{"href":"https:\/\/redsemlac.com\/semmexico\/wp-json\/wp\/v2\/types\/post"}],"author":[{"embeddable":true,"href":"https:\/\/redsemlac.com\/semmexico\/wp-json\/wp\/v2\/users\/3"}],"replies":[{"embeddable":true,"href":"https:\/\/redsemlac.com\/semmexico\/wp-json\/wp\/v2\/comments?post=7830"}],"version-history":[{"count":0,"href":"https:\/\/redsemlac.com\/semmexico\/wp-json\/wp\/v2\/posts\/7830\/revisions"}],"wp:featuredmedia":[{"embeddable":true,"href":"https:\/\/redsemlac.com\/semmexico\/wp-json\/wp\/v2\/media\/7831"}],"wp:attachment":[{"href":"https:\/\/redsemlac.com\/semmexico\/wp-json\/wp\/v2\/media?parent=7830"}],"wp:term":[{"taxonomy":"category","embeddable":true,"href":"https:\/\/redsemlac.com\/semmexico\/wp-json\/wp\/v2\/categories?post=7830"},{"taxonomy":"post_tag","embeddable":true,"href":"https:\/\/redsemlac.com\/semmexico\/wp-json\/wp\/v2\/tags?post=7830"}],"curies":[{"name":"wp","href":"https:\/\/api.w.org\/{rel}","templated":true}]}}