{"id":78235,"date":"2024-03-06T10:57:55","date_gmt":"2024-03-06T16:57:55","guid":{"rendered":"https:\/\/redsemlac.com\/semmexico\/?p=78235"},"modified":"2024-03-06T10:58:13","modified_gmt":"2024-03-06T16:58:13","slug":"mirada-violeta-marzo-el-mes-de-las-mujeres-y-el-mas-peligroso-para-las-defensoras","status":"publish","type":"post","link":"https:\/\/redsemlac.com\/semmexico\/mirada-violeta-marzo-el-mes-de-las-mujeres-y-el-mas-peligroso-para-las-defensoras\/","title":{"rendered":"Mirada Violeta| Marzo, el mes de las mujeres y el m\u00e1s peligroso para las defensoras."},"content":{"rendered":"\n<p class=\"wp-block-paragraph\"><strong>Guadalupe Ramos Ponce<\/strong><\/p>\n\n\n\n<p class=\"wp-block-paragraph\">SemM\u00e9xico, Guadalajara, Jalisco, 6 de marzo, 2024.- Ya se acerca el 8 de marzo, d\u00eda internacional de las mujeres, una fecha emblem\u00e1tica en el mundo que moviliza a miles de ni\u00f1as y mujeres a salir a las calles en un solo grito de exigencia a los Estados femicidas\/feminicidas, patriarcales y mis\u00f3ginos.<\/p>\n\n\n\n<p class=\"wp-block-paragraph\">En este mes, las instituciones del Estado se visten de \u201cmorado feminista\u201d y se dicen promotoras de los derechos de las mujeres. Sin embargo, la realidad es muy distinta.<\/p>\n\n\n\n<p class=\"wp-block-paragraph\">De acuerdo con ONU Mujeres, uno de los principales obst\u00e1culos para\u202f<a href=\"https:\/\/www.unwomen.org\/es\/noticias\/en-la-mira\/2022\/09\/en-la-mira-objetivo-de-desarrollo-sostenible-5\">lograr la igualdad de g\u00e9nero en 2030<\/a>\u202fes&nbsp;<a href=\"https:\/\/www.unwomen.org\/en\/digital-library\/publications\/2023\/09\/progress-on-the-sustainable-development-goals-the-gender-snapshot-2023\">la\u202falarmante falta de financiamiento<\/a>,\u202fcon un abrumador d\u00e9ficit anual de 360.000 millones de d\u00f3lares, en las medidas destinadas para alcanzar la igualdad de g\u00e9nero.\u202f\u202f&nbsp;<\/p>\n\n\n\n<p class=\"wp-block-paragraph\">Desde 2020, la pandemia del COVID-19, conflictos geopol\u00edticos, desastres clim\u00e1ticos y turbulencias econ\u00f3micas han empujado a 75 millones de personas m\u00e1s a la pobreza severa. Esto podr\u00eda llevar a m\u00e1s de 342 millones de mujeres y ni\u00f1as a vivir por debajo del umbral de pobreza en 2030.<\/p>\n\n\n\n<p class=\"wp-block-paragraph\">El actual sistema econ\u00f3mico\u202f<a href=\"https:\/\/www.unwomen.org\/en\/digital-library\/publications\/2023\/11\/feminist-climate-justice-a-framework-for-action\">exacerba la pobreza, la desigualdad y el deterioro medioambiental<\/a>, afectando de manera desproporcionada a las mujeres y m\u00e1s a\u00fan aquellas que enfrentan m\u00faltiples discriminaciones. Los movimientos de mujeres que abogan por modelos alternativos proponen avanzar hacia una sociedad de los cuidados que preserve el medioambiente y la sostenibilidad de la vida, reconociendo los conocimientos de las mujeres ind\u00edgenas que amplifiquen la voz de las mujeres y su rol protag\u00f3nico en una econom\u00eda que no acelere m\u00e1s a\u00fan el cambio clim\u00e1tico, que no sea depredadora de los ecosistemas y permita un desarrollo sostenible. Financiar iniciativas de desarrollo local alternativo y a las organizaciones que hacen<\/p>\n\n\n\n<p class=\"wp-block-paragraph\">Las organizaciones feministas lideran la lucha contra la pobreza y la desigualdad de las mujeres en toda su diversidad. Sin embargo, est\u00e1n abogando y trabajando casi sin recursos, ya que reciben un escaso apoyo de la cooperaci\u00f3n internacional, los fondos multilaterales, los presupuestos nacionales o la filantrop\u00eda. Lo m\u00e1s grave de esto, es que las mujeres que asumen el papel de defensoras de los derechos humanos, tambi\u00e9n viven el riesgo permanente de la precariedad y de la privaci\u00f3n de la vida. De acuerdo a un informe de la Iniciativa Mesoamericana de Defensoras,<\/p>\n\n\n\n<p class=\"wp-block-paragraph\">durante los \u00faltimos a\u00f1os el mes de marzo ha sido el mes que ha marcado el pico anual m\u00e1s elevado de agresiones contra defensoras. As\u00ed, durante los meses de marzo de los \u00faltimos cuatro a\u00f1os, de 2020 a 2023, registraron 2,901 agresiones en M\u00e9xico, Honduras, El Salvador y Nicaragua.<\/p>\n\n\n\n<p class=\"wp-block-paragraph\">En un contexto de creciente estigmatizaci\u00f3n y criminalizaci\u00f3n al movimiento feminista en la regi\u00f3n, no es casualidad que esto suceda en el mes que ha sido llamado \u201cel mes de las mujeres\u201d, alrededor de la celebraci\u00f3n del 8 de marzo, D\u00eda Internacional de las Mujeres, cuando&nbsp;miles de mujeres en toda la regi\u00f3n alzamos nuestras voces en las calles y en las redes sociales para seguir avanzando juntas en la conquista de nuestros derechos.&nbsp;<\/p>\n\n\n\n<p class=\"wp-block-paragraph\">Las principales agresiones documentadas a nivel regional durante los meses de marzo del periodo analizado fueron: hostigamientos (418); violencia f\u00edsica, verbal o psicol\u00f3gica (365); amenazas (261); impedimentos o ataques por comunicar o recibir informaci\u00f3n (170) o por manifestarse pac\u00edficamente (156); campa\u00f1as de desprestigio (161) y ciber acoso (72). Tambi\u00e9n documentaron 65 detenciones arbitrarias; 45 inicios de causas o juicios penales, fiscales o administrativos que no corresponden a los hechos o que claramente descansan en hechos falsos; y 58 agresiones que involucran el uso excesivo de la fuerza.&nbsp;<\/p>\n\n\n\n<p class=\"wp-block-paragraph\">En el caso de M\u00e9xico, la represi\u00f3n para contener la marea feminista en las calles, se hace presente.&nbsp;Entre 2020 y 2023 documentaron 1,239 agresiones contra defensoras en el pa\u00eds durante el mes de marzo. De \u00e9stas, 66% se dieron en acciones colectivas, incluyendo: 201 situaciones donde se ejerci\u00f3 violencia f\u00edsica, psicol\u00f3gica y verbal en contra de defensoras; 85 agresiones para limitar el derecho a comunicar y\/o recibir informaci\u00f3n; 51 limitaciones, impedimentos y\/o ataques por manifestarse pac\u00edficamente; 51 agresiones donde hubo uso excesivo de la fuerza por parte de las autoridades p\u00fablicas y 39 detenciones arbitrarias.<\/p>\n\n\n\n<p class=\"wp-block-paragraph\">Este viernes 8 de marzo, el llamado es a la movilizaci\u00f3n y al cuidado colectivo.<\/p>\n\n\n\n<p class=\"wp-block-paragraph\">En Guadalajara les esperamos en la rotonda de jaliscienses ilustres a las 4:30 para salir hacia la Glorieta de las y los desaparecidos. Juntas somos m\u00e1s fuertes y florecemos desde las resistencias.<\/p>\n\n\n\n<p class=\"wp-block-paragraph\">Dra. Mar\u00eda Guadalupe Ramos Ponce<\/p>\n\n\n\n<p class=\"wp-block-paragraph\">Coordinadora de CLADEM en M\u00e9xico<\/p>\n\n\n\n<p class=\"wp-block-paragraph\">Profesora Investigadora de la UdeG.<\/p>\n\n\n\n<p class=\"wp-block-paragraph\">@dralupitaramosp<\/p>\n\n\n\n<p class=\"wp-block-paragraph\"><a href=\"mailto:lupitaramosponce@gmail.com\" target=\"_blank\" rel=\"noreferrer noopener\">lupitaramosponce@gmail.com<\/a><\/p>\n\n\n\n<p class=\"wp-block-paragraph\">Canal de Youtoube Dra. Lupita Ramos.<\/p>\n\n\n\n<p class=\"wp-block-paragraph\"><a href=\"https:\/\/www.youtube.com\/channel\/UCQ_bKrt9f4rkb7VST7-sYrg\">https:\/\/www.youtube.com\/channel\/UCQ_bKrt9f4rkb7VST7-sYrg<\/a><\/p>\n\n\n\n<p class=\"wp-block-paragraph\">&nbsp;<a href=\"http:\/\/www.cladem.org\/\" target=\"_blank\" rel=\"noreferrer noopener\">www.cladem.org<\/a><\/p>\n\n\n\n<p class=\"wp-block-paragraph\"><a href=\"mailto:clademjalsc@gmail.com.mx\" target=\"_blank\" rel=\"noreferrer noopener\">clademjalsc@gmail.com<\/a><\/p>\n","protected":false},"excerpt":{"rendered":"<p>Ya se acerca el 8 de marzo, d\u00eda internacional de las mujeres, una fecha emblem\u00e1tica en el mundo que moviliza a miles de ni\u00f1as y mujeres a salir a las calles en un solo grito de exigencia a los Estados femicidas\/feminicidas, patriarcales y mis\u00f3ginos.<\/p>\n","protected":false},"author":3,"featured_media":8967,"comment_status":"open","ping_status":"open","sticky":false,"template":"","format":"standard","meta":{"_monsterinsights_skip_tracking":false,"footnotes":""},"categories":[82,110,91,35],"tags":[],"class_list":["post-78235","post","type-post","status-publish","format-standard","has-post-thumbnail","category-la-opinion","category-la-opinion-columnas","category-lupita-ramos-ponce","category-opinion"],"_links":{"self":[{"href":"https:\/\/redsemlac.com\/semmexico\/wp-json\/wp\/v2\/posts\/78235","targetHints":{"allow":["GET"]}}],"collection":[{"href":"https:\/\/redsemlac.com\/semmexico\/wp-json\/wp\/v2\/posts"}],"about":[{"href":"https:\/\/redsemlac.com\/semmexico\/wp-json\/wp\/v2\/types\/post"}],"author":[{"embeddable":true,"href":"https:\/\/redsemlac.com\/semmexico\/wp-json\/wp\/v2\/users\/3"}],"replies":[{"embeddable":true,"href":"https:\/\/redsemlac.com\/semmexico\/wp-json\/wp\/v2\/comments?post=78235"}],"version-history":[{"count":0,"href":"https:\/\/redsemlac.com\/semmexico\/wp-json\/wp\/v2\/posts\/78235\/revisions"}],"wp:featuredmedia":[{"embeddable":true,"href":"https:\/\/redsemlac.com\/semmexico\/wp-json\/wp\/v2\/media\/8967"}],"wp:attachment":[{"href":"https:\/\/redsemlac.com\/semmexico\/wp-json\/wp\/v2\/media?parent=78235"}],"wp:term":[{"taxonomy":"category","embeddable":true,"href":"https:\/\/redsemlac.com\/semmexico\/wp-json\/wp\/v2\/categories?post=78235"},{"taxonomy":"post_tag","embeddable":true,"href":"https:\/\/redsemlac.com\/semmexico\/wp-json\/wp\/v2\/tags?post=78235"}],"curies":[{"name":"wp","href":"https:\/\/api.w.org\/{rel}","templated":true}]}}