{"id":7820,"date":"2018-07-19T22:01:19","date_gmt":"2018-07-19T22:01:19","guid":{"rendered":"https:\/\/redsemlac.com\/semmexico\/?p=7820"},"modified":"2023-07-21T14:32:18","modified_gmt":"2023-07-21T19:32:18","slug":"disminuye-el-numero-de-diputadas-en-el-congreso-de-jalisco","status":"publish","type":"post","link":"https:\/\/redsemlac.com\/semmexico\/disminuye-el-numero-de-diputadas-en-el-congreso-de-jalisco\/","title":{"rendered":"Disminuye el n\u00famero de diputadas en el Congreso de Jalisco"},"content":{"rendered":"\n<p class=\"wp-block-paragraph\">Esta impugnaci\u00f3n representar\u00e1 una oportunidad para que los Tribunales electorales puedan entrar al estudio.<\/p>\n\n\n\n<h5 class=\"wp-block-heading\"> Motivo de reflexi\u00f3n e incluso de impugnaci\u00f3n de designaciones de representaci\u00f3n proporcional.<\/h5>\n\n\n\n<p class=\"wp-block-paragraph\"><a href=\"https:\/\/semmexico.com\/gallery-post.php?id=5340#\">Lupita Ramos<\/a><\/p>\n\n\n\n<p class=\"wp-block-paragraph\">SemM\u00e9xico, 19 julio 2018.- Como les adelant\u00e9 en mi columna de la semana anterior en donde abord\u00e9 el tema de los avances y retrocesos en Jalisco con el tema de la paridad, es en la conformaci\u00f3n del Congreso del Estado donde tuvimos un retroceso importante en la representaci\u00f3n paritaria.&nbsp;<\/p>\n\n\n\n<p class=\"wp-block-paragraph\">Despu\u00e9s de tener un crecimiento de representaci\u00f3n de mujeres en el Congreso del Estado y pasar del 23 % a 41 %, en la legislatura pasada en donde contamos con la participaci\u00f3n de 18 mujeres; de manera preocupante, en el a\u00f1o de la paridad electoral y contrario a lo que ocurri\u00f3 en el Congreso de la Uni\u00f3n y en la mayor\u00eda de los congresos estatales, en Jalisco no s\u00f3lo no hubo avance paritario, sino que incluso hubo retrocesos, ya que pasamos de contar con 18 diputadas en el legislativo anterior a 15 en el proceso actual.&nbsp;<\/p>\n\n\n\n<p class=\"wp-block-paragraph\">Sin duda es motivo de an\u00e1lisis, de reflexi\u00f3n e incluso de impugnaci\u00f3n a las designaciones de representaci\u00f3n proporcional.&nbsp;<\/p>\n\n\n\n<p class=\"wp-block-paragraph\">Esto es lo que hicimos las ciudadanas que conformamos Parit\u00e9, el Observatorio Ciudadano de participaci\u00f3n pol\u00edtica de las mujeres, quienes este lunes 17 de julio impugnamos la resoluci\u00f3n del&nbsp;&nbsp;acuerdo IEPC-ACG-197\/2018, mediante el cual se efectu\u00f3 el C\u00f3mputo Estatal de la elecci\u00f3n de diputaciones por el principio de representaci\u00f3n proporcional, calificaci\u00f3n de la elecci\u00f3n y realiz\u00f3 la asignaci\u00f3n de diputaciones por el principio de representaci\u00f3n proporcional, con motivo de los resultados obtenidos en la jornada electoral del Proceso Electoral Concurrente 2017-2018.&nbsp;&nbsp;<\/p>\n\n\n\n<p class=\"wp-block-paragraph\">Como ciudadanas jaliscienses tenemos un inter\u00e9s leg\u00edtimo en la causa, ya que de manera evidente el acuerdo que se combate afecta de manera directa y grave los derechos pol\u00edtico electorales de las mujeres, g\u00e9nero del que formamos parte y que integra de forma mayoritaria la poblaci\u00f3n y ciudadan\u00eda de la entidad.<\/p>\n\n\n\n<p class=\"wp-block-paragraph\">Seg\u00fan el Registro Federal de Electores del Instituto Nacional Electoral, las mujeres jaliscienses constituimos el 51.83 % de los 5,930,897 ciudadanas y ciudadanos que conforma la Lista Nominal de Electores de Jalisco, y en el acuerdo que se impugna no se expres\u00f3 el prop\u00f3sito de la paridad constitucionalmente establecida a nivel federal y local, para la integraci\u00f3n del Congreso del Estado de Jalisco.&nbsp;<\/p>\n\n\n\n<p class=\"wp-block-paragraph\">Esta impugnaci\u00f3n que presentamos, sin duda representar\u00e1 una oportunidad para que los Tribunales electorales puedan entrar al estudio y an\u00e1lisis del principio constitucional de la Paridad y la manera en que es protegido por las autoridades electorales locales. En Jalisco advertimos que al&nbsp;no determinar la paridad en la integraci\u00f3n de la legislatura en las candidaturas por Representaci\u00f3n Proporcional&nbsp;&nbsp;afecta directamente a las mujeres dado que NO existir\u00e1 una representaci\u00f3n de hecho y de derecho en las decisiones del \u00f3rgano legislativo.&nbsp;<\/p>\n\n\n\n<p class=\"wp-block-paragraph\">La impugnaci\u00f3n la realizamos en nuestra condici\u00f3n de mujeres, ciudadanas y residentes de la entidad, nuestra pretensi\u00f3n al interponer este juicio ciudadano para dejar sin efectos el acuerdo IEPC-ACG-197\/2018, es que se emita uno nuevo que garantice la paridad en la integraci\u00f3n del Congreso del Estado de Jalisco en la pr\u00f3xima legislatura.<\/p>\n\n\n\n<p class=\"wp-block-paragraph\">En CLADEM decimos que utilizamos el Derecho como una herramienta de Cambio. Sin duda, estamos abriendo los caminos jur\u00eddicos necesarios para que las mujeres se vivan plenas titulares de los derechos humanos. Ya les contar\u00e9 lo que resuelvan los tribunales, en tanto, seguiremos abriendo caminos para la plena democracia paritaria.&nbsp;<\/p>\n\n\n\n<p class=\"wp-block-paragraph\">lupitaramosponce@gmail.com<\/p>\n\n\n\n<p class=\"wp-block-paragraph\">@lupitaramosponce<\/p>\n","protected":false},"excerpt":{"rendered":"<p>Esta impugnaci\u00f3n representar\u00e1 una oportunidad para que los Tribunales electorales puedan entrar al estudio. Motivo de reflexi\u00f3n e incluso de impugnaci\u00f3n de designaciones de representaci\u00f3n proporcional. Lupita Ramos SemM\u00e9xico, 19 julio 2018.- Como les adelant\u00e9 en mi columna de la semana anterior en donde abord\u00e9 el tema de los avances y retrocesos en Jalisco con [&hellip;]<\/p>\n","protected":false},"author":3,"featured_media":7651,"comment_status":"open","ping_status":"open","sticky":false,"template":"","format":"standard","meta":{"_monsterinsights_skip_tracking":false,"footnotes":""},"categories":[689,91],"tags":[],"class_list":["post-7820","post","type-post","status-publish","format-standard","has-post-thumbnail","category-689","category-lupita-ramos-ponce"],"_links":{"self":[{"href":"https:\/\/redsemlac.com\/semmexico\/wp-json\/wp\/v2\/posts\/7820","targetHints":{"allow":["GET"]}}],"collection":[{"href":"https:\/\/redsemlac.com\/semmexico\/wp-json\/wp\/v2\/posts"}],"about":[{"href":"https:\/\/redsemlac.com\/semmexico\/wp-json\/wp\/v2\/types\/post"}],"author":[{"embeddable":true,"href":"https:\/\/redsemlac.com\/semmexico\/wp-json\/wp\/v2\/users\/3"}],"replies":[{"embeddable":true,"href":"https:\/\/redsemlac.com\/semmexico\/wp-json\/wp\/v2\/comments?post=7820"}],"version-history":[{"count":0,"href":"https:\/\/redsemlac.com\/semmexico\/wp-json\/wp\/v2\/posts\/7820\/revisions"}],"wp:featuredmedia":[{"embeddable":true,"href":"https:\/\/redsemlac.com\/semmexico\/wp-json\/wp\/v2\/media\/7651"}],"wp:attachment":[{"href":"https:\/\/redsemlac.com\/semmexico\/wp-json\/wp\/v2\/media?parent=7820"}],"wp:term":[{"taxonomy":"category","embeddable":true,"href":"https:\/\/redsemlac.com\/semmexico\/wp-json\/wp\/v2\/categories?post=7820"},{"taxonomy":"post_tag","embeddable":true,"href":"https:\/\/redsemlac.com\/semmexico\/wp-json\/wp\/v2\/tags?post=7820"}],"curies":[{"name":"wp","href":"https:\/\/api.w.org\/{rel}","templated":true}]}}