{"id":78190,"date":"2024-03-05T10:46:50","date_gmt":"2024-03-05T16:46:50","guid":{"rendered":"https:\/\/redsemlac.com\/semmexico\/?p=78190"},"modified":"2024-03-05T10:47:38","modified_gmt":"2024-03-05T16:47:38","slug":"alto-comisionado-de-la-onu-pide-seguridad-en-periodo-electoral-de-mexico","status":"publish","type":"post","link":"https:\/\/redsemlac.com\/semmexico\/alto-comisionado-de-la-onu-pide-seguridad-en-periodo-electoral-de-mexico\/","title":{"rendered":"Alto comisionado de la ONU pide seguridad en periodo electoral de M\u00e9xico"},"content":{"rendered":"\n<ul class=\"wp-block-list\">\n<li>\u00abEste inmenso ejercicio de los derechos pol\u00edticos y civiles debe salvaguardarse de la violencia\u00bb, dijo Volker T\u00fcrk<\/li>\n\n\n\n<li>El crimen organizado representa un peligro para los derechos de las personas en AL<\/li>\n<\/ul>\n\n\n\n<p class=\"wp-block-paragraph\">EFE y Rafael Ram\u00edrez<\/p>\n\n\n\n<p class=\"wp-block-paragraph\">SemM\u00e9xico\/SoldeM\u00e9xico, Ginebra, Suiza, 5 de marzo, 2024.- El alto comisionado de la&nbsp;ONU&nbsp;para los Derechos Humanos,&nbsp;Volker T\u00fcrk,&nbsp;dijo que se debe proteger de la violencia el importante periodo electoral en el que ha entrado M\u00e9xico, sacudido por una serie de asesinatos de candidatos y funcionarios p\u00fablicos.<\/p>\n\n\n\n<p class=\"wp-block-paragraph\">\u201cEn M\u00e9xico, en junio coincidir\u00e1n varios procesos electorales en los que est\u00e1 prevista la elecci\u00f3n de m\u00e1s de 20 mil cargos p\u00fablicos, entre ellos la&nbsp;Presidencia, todos los integrantes del&nbsp;Congreso Federal&nbsp;y un amplio abanico de representantes y&nbsp;autoridades estatales y locales. Este inmenso ejercicio de los derechos pol\u00edticos y civiles debe ser resguardado de la violencia\u201d, dijo T\u00fcrk ayer.<\/p>\n\n\n\n<p class=\"wp-block-paragraph\">La declaraci\u00f3n del alto comisionado de la&nbsp;ONU&nbsp;para los&nbsp;Derechos Humanos&nbsp;se da un d\u00eda despu\u00e9s del asesinato de Alfredo Gonz\u00e1lez D\u00edaz, candidato a la presidencia municipal de&nbsp;Atoyac de \u00c1lvarez,&nbsp;Guerrero. Con \u00e9l, suman 17 aspirantes a cargos de elecci\u00f3n popular privados de la vida de manera violenta durante el presente proceso electoral que inici\u00f3 en septiembre pasado, de acuerdo con informaci\u00f3n recopilada por&nbsp;Organizaci\u00f3n&nbsp;Editorial Mexicana&nbsp;(OEM).<\/p>\n\n\n\n<p class=\"wp-block-paragraph\">El presidente&nbsp;Andr\u00e9s Manuel L\u00f3pez Obrador&nbsp;descalific\u00f3 ayer la declaraci\u00f3n de&nbsp;Volker T\u00fcrk&nbsp;y se\u00f1al\u00f3 que&nbsp;est\u00e1 en contra de su Gobierno.<\/p>\n\n\n\n<p class=\"wp-block-paragraph\">\u201cEl alto comisionado es muy, con todo respeto, muy tendencioso, est\u00e1 en contra de nosotros y hace comparsa con los que quieren demostrar que&nbsp;M\u00e9xico&nbsp;es un pa\u00eds muy violento\u201d, se\u00f1al\u00f3 el&nbsp;Presidente&nbsp;ayer durante su conferencia ma\u00f1anera.<\/p>\n\n\n\n<p class=\"wp-block-paragraph\">L\u00f3pez Obrador asegur\u00f3 que se brinda protecci\u00f3n a los candidatos que participan en el presente proceso electoral,&nbsp;pero dijo desconocer cu\u00e1ntos la reciben.<\/p>\n\n\n\n<p class=\"wp-block-paragraph\">\u201cBastantes, todos los que solicitan la protecci\u00f3n se les da, pero no tengo el dato. Pero s\u00ed, la instrucci\u00f3n (&#8230;) Ma\u00f1ana (hoy)&nbsp;Rosa Icela&nbsp;les puede decir cu\u00e1ntos. Los candidatos a presidentes, las candidatas a presidenta, a presidentas, todos tienen\u201d, dijo.<\/p>\n\n\n\n<p class=\"wp-block-paragraph\">Para el alto comisionado de los&nbsp;Derechos Humanos de la ONU, el crimen organizado representa un peligro para los derechos de las personas en los pa\u00edses de&nbsp;Am\u00e9rica&nbsp;Latina, incluyendo M\u00e9xico. \u201cLa prevalencia y la&nbsp;violencia&nbsp;de las&nbsp;pandillas&nbsp;y el&nbsp;crimen organizado&nbsp;tienen graves impactos en las vidas y los derechos de millones de personas, incluso en&nbsp;Ecuador, Hait\u00ed, Honduras y M\u00e9xico\u201d.<\/p>\n\n\n\n<p class=\"wp-block-paragraph\">El&nbsp;2 de junio,&nbsp;M\u00e9xico vivir\u00e1 el&nbsp;proceso electoral m\u00e1s amplio de su historia,&nbsp;al que est\u00e1n convocadas m\u00e1s de 97 millones de personas que votar\u00e1n para renovar 20 mil 375 cargos, incluyendo la Presidencia de la Rep\u00fablica, los 500 esca\u00f1os de la C\u00e1mara de Diputados y los 128 del Senado, as\u00ed como nueve gubernaturas.<\/p>\n\n\n\n<p class=\"wp-block-paragraph\">En este escenario,&nbsp;17 aspirantes a cargos de elecci\u00f3n popular fueron asesinados&nbsp;de septiembre a la fecha. Michoac\u00e1n es el estado con m\u00e1s homicidios, con cuatro, seguido de Guerrero y Veracruz que suman tres cada uno; Chiapas, dos, y Morelos, Colima, Ciudad de M\u00e9xico, Jalisco y Estado de M\u00e9xico registran uno, respectivamente.<\/p>\n\n\n\n<p class=\"wp-block-paragraph\">Del total de las v\u00edctimas,&nbsp;15 buscaban un cargo local: 13 iban por una presidencia municipal,&nbsp;uno por una regidur\u00eda y uno m\u00e1s por una diputaci\u00f3n local. Los otros dos iban por cargos federales, al Senado y a la C\u00e1mara de Diputados.<\/p>\n\n\n\n<p class=\"wp-block-paragraph\">La presencia de grupos del crimen organizado en entidades como&nbsp;Guerrero y Michoac\u00e1n&nbsp;propici\u00f3 que los&nbsp;partidos pol\u00edticos&nbsp;no registraran candidatos en algunas zonas o que renunciaran a sus aspiraciones debido a amenazas.<\/p>\n\n\n\n<p class=\"wp-block-paragraph\">Pero para el&nbsp;Gobierno federal&nbsp;esto se trata de una campa\u00f1a de desinformaci\u00f3n por parte de sus opositores, quienes, dijo, buscan explotar el tema de la&nbsp;violencia&nbsp;electoral.<\/p>\n\n\n\n<p class=\"wp-block-paragraph\">\u201cAhora est\u00e1 la&nbsp;campa\u00f1a&nbsp;del ambiente de&nbsp;violencia. As\u00ed como trajeron a los periodistas estos famosos a decir que yo era narcotraficante y que no les funcion\u00f3, as\u00ed ahora, van a seguir enrareciendo el ambiente o a buscar enrarecer el ambiente con lo de la&nbsp;violencia&#8230; Hubo dos&nbsp;asesinatos&nbsp;de dos candidatos en Maravat\u00edo&nbsp;(&#8230;) Y la nota, estaba yo viendo a Ciro ya zopiloteando, diciendo: \u2018Pues se est\u00e1, sin duda, enrareciendo el ambiente de violencia\u2019\u201d, dijo la semana pasada luego del asesinato de dos candidatos e n un s\u00f3lo d\u00eda en&nbsp;Maravat\u00edo, Michoac\u00e1n.<\/p>\n\n\n\n<p class=\"wp-block-paragraph\">Volker T\u00fcrk&nbsp;tambi\u00e9n advirti\u00f3 sobre los peligros de la&nbsp;inteligencia artificial (IA)&nbsp;en el entorno de elecciones en el que se encuentra el mundo. \u201cMe preocupa profundamente la perspectiva de intensas campa\u00f1as de desinformaci\u00f3n en el contexto de las elecciones, alimentadas por la inteligencia artificial generativa\u201d, dijo.<\/p>\n\n\n\n<p class=\"wp-block-paragraph\">Durante 2024, alrededor de&nbsp;60 pa\u00edses tendr\u00e1n elecciones. Adem\u00e1s de M\u00e9xico, Estados Unidos y Rusia eligen presidente, en medio de un ambiente de polarizaci\u00f3n exacerbada por los propios candidatos.<\/p>\n\n\n\n<p class=\"wp-block-paragraph\">\u201cMuchos pol\u00edticos exacerban deliberadamente el antagonismo y la xenofobia para recabar apoyos, sobre todo en periodos electorales\u201d, dijo&nbsp;Volker T\u00fcrk.<\/p>\n\n\n\n<p class=\"wp-block-paragraph\">SEM-Sol de M\u00e9xico<\/p>\n","protected":false},"excerpt":{"rendered":"<p>EFE y Rafael Ram\u00edrez SemM\u00e9xico\/SoldeM\u00e9xico, Ginebra, Suiza, 5 de marzo, 2024.- El alto comisionado de la&nbsp;ONU&nbsp;para los Derechos Humanos,&nbsp;Volker T\u00fcrk,&nbsp;dijo que se debe proteger de la violencia el importante periodo electoral en el que ha entrado M\u00e9xico, sacudido por una serie de asesinatos de candidatos y funcionarios p\u00fablicos. \u201cEn M\u00e9xico, en junio coincidir\u00e1n varios procesos [&hellip;]<\/p>\n","protected":false},"author":3,"featured_media":78191,"comment_status":"open","ping_status":"open","sticky":false,"template":"","format":"standard","meta":{"_monsterinsights_skip_tracking":false,"footnotes":""},"categories":[141],"tags":[],"class_list":["post-78190","post","type-post","status-publish","format-standard","has-post-thumbnail","category-elecciones-2020-2021"],"_links":{"self":[{"href":"https:\/\/redsemlac.com\/semmexico\/wp-json\/wp\/v2\/posts\/78190","targetHints":{"allow":["GET"]}}],"collection":[{"href":"https:\/\/redsemlac.com\/semmexico\/wp-json\/wp\/v2\/posts"}],"about":[{"href":"https:\/\/redsemlac.com\/semmexico\/wp-json\/wp\/v2\/types\/post"}],"author":[{"embeddable":true,"href":"https:\/\/redsemlac.com\/semmexico\/wp-json\/wp\/v2\/users\/3"}],"replies":[{"embeddable":true,"href":"https:\/\/redsemlac.com\/semmexico\/wp-json\/wp\/v2\/comments?post=78190"}],"version-history":[{"count":0,"href":"https:\/\/redsemlac.com\/semmexico\/wp-json\/wp\/v2\/posts\/78190\/revisions"}],"wp:featuredmedia":[{"embeddable":true,"href":"https:\/\/redsemlac.com\/semmexico\/wp-json\/wp\/v2\/media\/78191"}],"wp:attachment":[{"href":"https:\/\/redsemlac.com\/semmexico\/wp-json\/wp\/v2\/media?parent=78190"}],"wp:term":[{"taxonomy":"category","embeddable":true,"href":"https:\/\/redsemlac.com\/semmexico\/wp-json\/wp\/v2\/categories?post=78190"},{"taxonomy":"post_tag","embeddable":true,"href":"https:\/\/redsemlac.com\/semmexico\/wp-json\/wp\/v2\/tags?post=78190"}],"curies":[{"name":"wp","href":"https:\/\/api.w.org\/{rel}","templated":true}]}}