{"id":78118,"date":"2024-03-04T16:22:10","date_gmt":"2024-03-04T22:22:10","guid":{"rendered":"https:\/\/redsemlac.com\/semmexico\/?p=78118"},"modified":"2024-03-04T16:22:10","modified_gmt":"2024-03-04T22:22:10","slug":"cuba-mujeres-rurales-empoderarse-en-el-surco-y-en-la-vida","status":"publish","type":"post","link":"https:\/\/redsemlac.com\/semmexico\/cuba-mujeres-rurales-empoderarse-en-el-surco-y-en-la-vida\/","title":{"rendered":"Cuba: Mujeres rurales, empoderarse en el surco y en la vida"},"content":{"rendered":"\n<p class=\"wp-block-paragraph\"><br>Dixie<em> <\/em>Edith<\/p>\n\n\n\n<p class=\"wp-block-paragraph\">SemM\u00e9xico\/Semlac, La Habana, Cuba, 4 de&nbsp; marzo, 2024.-&nbsp; La independencia econ\u00f3mica de las mujeres y una gesti\u00f3n productiva amigable con el medio ambiente son resultados compartidos por dos proyectos de cooperaci\u00f3n que apuestan por la seguridad alimentaria en Cuba, coincidieron algunas de sus protagonistas&nbsp;durante un encuentro el 29 de febrero, en La Habana.<\/p>\n\n\n\n<p class=\"wp-block-paragraph\">\u00abCompartir experiencias para seguir avanzando\u00bb fue el prop\u00f3sito del Taller de intercambio de aprendizajes y rutas para la sostenibilidad de los procesos impulsados por los proyectos Apoyo a la Intercooperaci\u00f3n Agropecuaria (Apocoop) y Apoyo a la seguridad alimentaria y nutricional en dos municipios de Camag\u00fcey (Caproca), luego de varios a\u00f1os funcionando en algunas provincias del pa\u00eds.<\/p>\n\n\n\n<p class=\"wp-block-paragraph\">\u00abEl proyecto nos ha ense\u00f1ado a ser m\u00e1s independientes, m\u00e1s empoderadas y, sobre todo, nos deja muchos conocimientos, lo mismo en lo personal que en la agricultura\u00bb, asegur\u00f3 a SEMlac Liudradna Borges Noy, productora de la finca La Esperanza, en Gu\u00e1imaro, uno de los municipios beneficiados por Caproca, a unos 500 kil\u00f3metros de la capital.<br>Borges ha incorporado maneras m\u00e1s eficientes de producir y trabajar la tierra, pero tambi\u00e9n de gestionar la vida en familia y en pareja junto a su esposo Alexis, con quien trata de \u00abcompartir las tareas del campo y las del hogar\u00bb, asever\u00f3 durante el intercambio.<\/p>\n\n\n\n<p class=\"wp-block-paragraph\">\u00abNos ense\u00f1aron a caminar, a producir de forma diferente. Ahora el desaf\u00edo es garantizar sostenibilidad, que podamos andar solas\u00bb, razon\u00f3, por su parte, Davani Alonso Molina, quien coordina el proyecto Apocoop en la provincia de Artemisa, a 60 kil\u00f3metros al oeste de La Habana.<br><br><strong>\u00bfC\u00f3mo hacer sostenibles en el tiempo dos proyectos que se iniciaron con un respaldo de la cooperaci\u00f3n internacional que ya va cerrando?<\/strong><\/p>\n\n\n\n<p class=\"wp-block-paragraph\">Para\u00a0Elena Gentili, representante de Oxfam en Cuba, organizaci\u00f3n que ha acompa\u00f1ado ambas experiencias, dos resultados han sido relevantes y aportan elementos ante esa interrogante: el fortalecimiento del cooperativismo y del desarrollo agroecol\u00f3gico con enfoque de g\u00e9nero.<\/p>\n\n\n\n<p class=\"wp-block-paragraph\">Pero tambi\u00e9n ha sido clave tener un buen conocimiento de las realidades particulares de cada finca o cooperativa, para poder transformarlas; junto a la combinaci\u00f3n de l\u00edneas de acci\u00f3n econ\u00f3micas, de apoyo a la familia y las comunidades, coincidieron participantes del taller.<\/p>\n\n\n\n<p class=\"wp-block-paragraph\">A juicio de Gentili, el espacio de intercambio de este \u00faltimo d\u00eda de febrero debe servir no solo para compartir resultados, sino para abrir y promover un di\u00e1logo de experiencias y reflexiones; \u00abpara cosechar de estas iniciativas, pero tambi\u00e9n para seguir sembrando\u00bb.<br><\/p>\n\n\n\n<p class=\"wp-block-paragraph\"><strong>Proyectos interconectados<\/strong><\/p>\n\n\n\n<p class=\"wp-block-paragraph\">Apocoop, presente en 17 municipios de cuatro provincias -Artemisa, Sancti Sp\u00edritus, Las Tunas y Guant\u00e1namo-, trabaja desde 2015 en el fortalecimiento de la gesti\u00f3n de cooperativas agropecuarias bajo la coordinaci\u00f3n de la Asociaci\u00f3n Nacional de Agricultores Peque\u00f1os (Anap) y el acompa\u00f1amiento de Oxfam y la Agencia Suiza para el Desarrollo y la Cooperaci\u00f3n (Cosude).<\/p>\n\n\n\n<p class=\"wp-block-paragraph\">Durante esos a\u00f1os ha garantizado que m\u00e1s del 50 por ciento de los nuevos empleos generados correspondan a mujeres, cuyas remuneraciones superan el salario promedio en el sector estatal.<\/p>\n\n\n\n<p class=\"wp-block-paragraph\">\u00abEste proyecto ha aportado herramientas de trabajo para las cooperativas y tambi\u00e9n para otros actores econ\u00f3micos que tienen relaci\u00f3n con ella\u00bb, explic\u00f3 a SEMlac Adalicia Morales Madrazo, funcionaria al frente del departamento de colaboraci\u00f3n de la Anap en Las Tunas, a m\u00e1s de 650 kil\u00f3metros de La Habana.<\/p>\n\n\n\n<p class=\"wp-block-paragraph\">\u00abSu eje es fomentar relaciones de intercooperaci\u00f3n y eso se extiende a los organismos e instituciones que forman parte del desarrollo local de los municipios\u00bb, agreg\u00f3.<\/p>\n\n\n\n<p class=\"wp-block-paragraph\"><br>Entre los recursos m\u00e1s \u00fatiles aportados por Apocoop se encuentran insumos para la siembra, sistemas de riego, semillas y posturas, pero, sobre todo, capacitaci\u00f3n y habilidades para hacer alianzas.<\/p>\n\n\n\n<p class=\"wp-block-paragraph\"><br>\u00abRecibimos equipos para aprovechar mejor las producciones de nuestro huerto intensivo y para el m\u00f3dulo pecuario, como una electrobomba y dep\u00f3sitos de agua. Pero tambi\u00e9n nos ense\u00f1aron a intercambiar posturas, a vincularnos a otras cooperativas y a sentirnos mujeres m\u00e1s libres y seguras\u00bb, contrast\u00f3 Martha Orsell Adeis, presidenta de la cooperativa de cr\u00e9ditos y servicios (CCS) Gonzalo Falc\u00f3n, de Manat\u00ed, en Las Tunas.<\/p>\n\n\n\n<p class=\"wp-block-paragraph\"><br>El proyecto Caproca, en tanto, tiene como l\u00ednea de trabajo fundamental apoyar la seguridad alimentaria desde una agricultura familiar, resiliente ante los impactos del cambio clim\u00e1tico y con liderazgo de mujeres y j\u00f3venes.<\/p>\n\n\n\n<p class=\"wp-block-paragraph\"><br>Implementado por la Asociaci\u00f3n Cubana de Producci\u00f3n Animal (Acpa) y OXFAM, con contribuciones de la Agencia Francesa para el Desarrollo (AFD) y las ONG francesas Secours Populaire Fran\u00e7ais (SPF) y Comit\u00e9 Catholique Contre Faim et pour D\u00e9veloppement (CCFD -Terre solidaire), desarrolla procesos de transformaci\u00f3n agroecol\u00f3gica en fincas familiares de Gu\u00e1imaro y Jimaguay\u00fa, en Camag\u00fcey.<br>\u00abHa sido un proyecto muy beneficioso. Me transform\u00f3 como mujer, me hizo ver el mundo desde otra perspectiva y me dio la posibilidad de ayudar a otras mujeres y darles empleo\u00bb, cont\u00f3 a SEMlac&nbsp;Yunelkis Rivero Mayedo, lideresa de la finca \u00abDos Hermanos\u00bb, en Jimaguay\u00fa.<\/p>\n\n\n\n<p class=\"wp-block-paragraph\"><br>Cuando Rivero Mayedo obtuvo la titularidad de sus tierras, muchas personas pensaron que no las podr\u00eda sacar adelante por ser mujer y, adem\u00e1s, divorciada.<br>\u00abPero fui demostrando mi capacidad para transformar y desarrollar mi finca y avanzar en el camino de la agroecolog\u00eda, algo de lo cual no ten\u00eda ning\u00fan conocimiento y fui incorporando a ra\u00edz del proyecto\u00bb, agreg\u00f3.<\/p>\n\n\n\n<p class=\"wp-block-paragraph\"><br>\u00abAprendimos mucho de compartir, de valores humanos, de c\u00f3mo darnos a respetar sin necesidad de atropellar a nadie. Este proyecto, lo he dicho en varias ocasiones, es lo mejor que me ha pasado en mucho tiempo\u00bb, afirm\u00f3 Rivero Mayedo.<br>Tanto Apocoop como Caproca cuentan con estrategias bien dise\u00f1adas de comunicaci\u00f3n, que han ayudado a visibilizar los resultados productivos y tambi\u00e9n los beneficios de empoderar a mujeres y de romper con h\u00e1bitos productivos muy arraigados en los campos cubanos.<\/p>\n\n\n\n<p class=\"wp-block-paragraph\"><br>\u00abNecesitamos que toda esa ciencia con que cuenta el pa\u00eds llegue al campesinado cubano. Falta mucho por hacer en estos espacios donde tenemos personas que llevan a\u00f1os trabajando de una manera y les cuesta cambiar. Debemos seguir mostrando el valor de la agroecolog\u00eda, los beneficios de consumir alimentos, sanos y nutritivos\u00bb, valora Yania Medina Morales, especialista de la Acpa y coordinadora de Caproca.<\/p>\n\n\n\n<p class=\"wp-block-paragraph\"><br>Para Doraida Garc\u00eda Ponce, productora de la finca La Luna, tambi\u00e9n de Jimaguay\u00fa, escuchar a otras productoras intervenir en estos espacios le produce \u00absentimientos contradictorios\u00bb, confes\u00f3.<\/p>\n\n\n\n<p class=\"wp-block-paragraph\"><br>\u00abPor un lado, siento tristeza porque los pasos que hemos dado a\u00fan son peque\u00f1os. Todav\u00eda hay muchas mujeres que no saben o no han podido liberarse, avanzar. Por otro lado, siento orgullo porque han sido pasos firmes, aunque sean pocos.<br>\u00abNo importa si eres de la ciudad o del campo, hemos aprendido que tenemos derecho a ser libres, a la igualdad\u00bb, reflexion\u00f3 durante el debate.<\/p>\n\n\n\n<p class=\"wp-block-paragraph\">*<a href=\"mailto:dixiedith@gmail.com\"><em>dixiedith@gmail.com<\/em><\/a><\/p>\n","protected":false},"excerpt":{"rendered":"<p>Dixie Edith SemM\u00e9xico\/Semlac, La Habana, Cuba, 4 de&nbsp; marzo, 2024.-&nbsp; La independencia econ\u00f3mica de las mujeres y una gesti\u00f3n productiva amigable con el medio ambiente son resultados compartidos por dos proyectos de cooperaci\u00f3n que apuestan por la seguridad alimentaria en Cuba, coincidieron algunas de sus protagonistas&nbsp;durante un encuentro el 29 de febrero, en La Habana. [&hellip;]<\/p>\n","protected":false},"author":3,"featured_media":78119,"comment_status":"open","ping_status":"open","sticky":false,"template":"","format":"standard","meta":{"_monsterinsights_skip_tracking":false,"footnotes":""},"categories":[53],"tags":[815,817,522,810,814,149,816],"class_list":["post-78118","post","type-post","status-publish","format-standard","has-post-thumbnail","category-internacional","tag-apocoop","tag-cooperacion-internacional","tag-cuba","tag-internacional","tag-la-habana","tag-mujeres","tag-oxfam"],"_links":{"self":[{"href":"https:\/\/redsemlac.com\/semmexico\/wp-json\/wp\/v2\/posts\/78118","targetHints":{"allow":["GET"]}}],"collection":[{"href":"https:\/\/redsemlac.com\/semmexico\/wp-json\/wp\/v2\/posts"}],"about":[{"href":"https:\/\/redsemlac.com\/semmexico\/wp-json\/wp\/v2\/types\/post"}],"author":[{"embeddable":true,"href":"https:\/\/redsemlac.com\/semmexico\/wp-json\/wp\/v2\/users\/3"}],"replies":[{"embeddable":true,"href":"https:\/\/redsemlac.com\/semmexico\/wp-json\/wp\/v2\/comments?post=78118"}],"version-history":[{"count":0,"href":"https:\/\/redsemlac.com\/semmexico\/wp-json\/wp\/v2\/posts\/78118\/revisions"}],"wp:featuredmedia":[{"embeddable":true,"href":"https:\/\/redsemlac.com\/semmexico\/wp-json\/wp\/v2\/media\/78119"}],"wp:attachment":[{"href":"https:\/\/redsemlac.com\/semmexico\/wp-json\/wp\/v2\/media?parent=78118"}],"wp:term":[{"taxonomy":"category","embeddable":true,"href":"https:\/\/redsemlac.com\/semmexico\/wp-json\/wp\/v2\/categories?post=78118"},{"taxonomy":"post_tag","embeddable":true,"href":"https:\/\/redsemlac.com\/semmexico\/wp-json\/wp\/v2\/tags?post=78118"}],"curies":[{"name":"wp","href":"https:\/\/api.w.org\/{rel}","templated":true}]}}