{"id":78114,"date":"2024-03-04T16:16:11","date_gmt":"2024-03-04T22:16:11","guid":{"rendered":"https:\/\/redsemlac.com\/semmexico\/?p=78114"},"modified":"2024-03-04T16:16:12","modified_gmt":"2024-03-04T22:16:12","slug":"opinion-ivan-onate-poeta-ecuatoriano","status":"publish","type":"post","link":"https:\/\/redsemlac.com\/semmexico\/opinion-ivan-onate-poeta-ecuatoriano\/","title":{"rendered":"Opini\u00f3n | Iv\u00e1n O\u00f1ate, poeta ecuatoriano"},"content":{"rendered":"\n<p class=\"wp-block-paragraph\">Florencio Salazar<\/p>\n\n\n\n<p class=\"wp-block-paragraph\">Sent\u00ed que su voz abarcaba de pronto una dimensi\u00f3n m\u00e1s amplia.<\/p>\n\n\n\n<p class=\"wp-block-paragraph\">Alejandro Gonz\u00e1lez<\/p>\n\n\n\n<p class=\"wp-block-paragraph\">SemM\u00e9xico, Chilpancingo, Gro, 4 de marzo, 2024.-La Universidad Central de Ecuador es una casa llena de blasones. Fundada hace 404 a\u00f1os irradia conocimiento. Este d\u00eda yergue su se\u00f1or\u00edo al otorgar reconocimiento de Doctor Honoris Causa al pol\u00edgrafo -en el sentido que se entrega a Azor\u00edn como talento m\u00faltiple de la escritura- a Iv\u00e1n O\u00f1ate (1948).<\/p>\n\n\n\n<p class=\"wp-block-paragraph\">El poeta ecuatoriano ha escrito una docena de poemarios y es un profesor sobresaliente, que ha impartido c\u00e1tedra en las m\u00e1s prestigiadas universidades de Londres, Texas, Florida Washington, Lovaina, Lieja, Lille, Nuevo Le\u00f3n y UNAM, entre otras. Algunos poemas han sido musicalizados y sus cuentos llevados al cine.<\/p>\n\n\n\n<p class=\"wp-block-paragraph\">No cometer\u00e9 el absurdo de referir sobre la calidad de su obra. Prefiero recordar mis impresiones cuando lo vi, lo escuch\u00e9 y dialogamos a prop\u00f3sito del XXII Encuentro de Poetas Latinos, realizado en octubre del a\u00f1o pasado en la Ciudad de Aguascalientes, M\u00e9xico.<\/p>\n\n\n\n<p class=\"wp-block-paragraph\">En la lejana distancia de unos cuantos metros, en el recibidor del hotel del que fuimos hu\u00e9spedes, Iv\u00e1n O\u00f1ate parec\u00eda una ciudad amurallada por la firmeza del rostro y la textura de la barba y la pelambre. En la proximidad f\u00edsica se mantiene esa imagen, pero ahora est\u00e1n levantados el puente levadizo y el rastrillo y se accede a una conversaci\u00f3n alentadora.<\/p>\n\n\n\n<p class=\"wp-block-paragraph\">La ense\u00f1anza de la semi\u00f3tica, la interpretaci\u00f3n de los s\u00edmbolos literarios, la aventura de salir a flote con las botas cargadas de agua antes de que el mar versificara su poema sombr\u00edo. Escuchar en su voz las voces de Mario Vargas Llosa y Gabriel Garc\u00eda M\u00e1rquez. Y tener la verosimilitud para que su poes\u00eda se eleve, como Remedios La Bella, por las s\u00e1banas hacia el insondable universo.<\/p>\n\n\n\n<p class=\"wp-block-paragraph\">Supongo, que en Iv\u00e1n O\u00f1ate, igual que en Patrick O&#8217;brian, las palabras \u00abfluyen m\u00e1s r\u00e1pido que la pluma\u00bb con largos estallidos de creatividad y largos periodos de silenciosa reflexi\u00f3n (The Paris Review, Vol. II, Acantilado, 2021). Se advierte: \u00abUn sue\u00f1o\/ Sin la tentaci\u00f3n de alcanzarlo\/ Es un sue\u00f1o olvidado\/ un sue\u00f1o muerto\u00bb. Y mantiene el discurso de poeta-fil\u00f3sofo: \u00abOh, noche\/ pasos que van y vienen\/ cuerpos\/ que caen<\/p>\n\n\n\n<p class=\"wp-block-paragraph\">cansados para siempre\u00bb<\/p>\n\n\n\n<p class=\"wp-block-paragraph\">Es la poes\u00eda ensimismada en respuestas a la \u00fanica pregunta que cuestiona a los seres humanos. De ah\u00ed lo notable de la poes\u00eda de Iv\u00e1n O\u00f1ate, despojada de artilugios; el rey desnudo que se sabe desnudo, que se surte en el lenguaje miscel\u00e1neo: el tuyo, el m\u00edo y el de todos.<\/p>\n\n\n\n<p class=\"wp-block-paragraph\">\u00abEl arte de la conversaci\u00f3n quiere ense\u00f1arnos cada d\u00eda que la verosimilitud de lo que se dice depende del grado de convicci\u00f3n de quien habla\u00bb, como afirma William Ospina. Por ese motivo, el retorno de Aguascalientes a la Ciudad de M\u00e9xico, afortunadamente para m\u00ed m\u00e1s largo de lo previsto, ha sido un poderoso nutriente de Iv\u00e1n O\u00f1ate, un dign\u00edsimo Doctor Honoris Causa (a diferencia de esos dizque institutos y colegios que en M\u00e9xico comercializan doctorados horroris causa).<\/p>\n\n\n\n<p class=\"wp-block-paragraph\">Me siento sumamente honrado de que la Universidad Central de Ecuador, me haya solicitado estas palabras, para ser le\u00eddas en el evento acad\u00e9mico. Solo quiero agregar que hay personas recientemente conocidas, pero cuya amistad nos ha acompa\u00f1ado apenas colapsaron las nebulosos y se produjo la creaci\u00f3n. As\u00ed de antigua es mi amistad con este gran poeta.<\/p>\n\n\n\n<p class=\"wp-block-paragraph\">He le\u00eddo del ecuatoriano La nada sagrada y El \u00e1ngel ajeno, cada uno de ellos con una c\u00e1lida dedicatoria.<\/p>\n\n\n\n<p class=\"wp-block-paragraph\">Hemos hecho el compromiso de su asistencia a Arcadia Centro Cultural de Chilpancingo, para que comparta con esta luminosa nube de j\u00f3venes poetas guerrerenses -destacadamente mujeres- el misterio de la poes\u00eda, que ha sido y ser\u00e1 antes y despu\u00e9s de la palabra.<\/p>\n\n\n\n<p class=\"wp-block-paragraph\">Van magn\u00edficos los versos de Iv\u00e1n con la merecida toga.<\/p>\n\n\n\n<p class=\"wp-block-paragraph\">*Al presente texto he agregado unas l\u00edneas m\u00e1s para adecuarlo a mi colaboraci\u00f3n semanal.&nbsp; La ceremonia se realiz\u00f3 el 1\u00b0 de marzo anterior.<\/p>\n","protected":false},"excerpt":{"rendered":"<p>Florencio Salazar Sent\u00ed que su voz abarcaba de pronto una dimensi\u00f3n m\u00e1s amplia. Alejandro Gonz\u00e1lez SemM\u00e9xico, Chilpancingo, Gro, 4 de marzo, 2024.-La Universidad Central de Ecuador es una casa llena de blasones. Fundada hace 404 a\u00f1os irradia conocimiento. Este d\u00eda yergue su se\u00f1or\u00edo al otorgar reconocimiento de Doctor Honoris Causa al pol\u00edgrafo -en el sentido [&hellip;]<\/p>\n","protected":false},"author":3,"featured_media":30273,"comment_status":"open","ping_status":"open","sticky":false,"template":"","format":"standard","meta":{"_monsterinsights_skip_tracking":false,"footnotes":""},"categories":[199,35],"tags":[144,459],"class_list":["post-78114","post","type-post","status-publish","format-standard","has-post-thumbnail","category-florencio-salazar-adame","category-opinion","tag-guerrero","tag-opinion"],"_links":{"self":[{"href":"https:\/\/redsemlac.com\/semmexico\/wp-json\/wp\/v2\/posts\/78114","targetHints":{"allow":["GET"]}}],"collection":[{"href":"https:\/\/redsemlac.com\/semmexico\/wp-json\/wp\/v2\/posts"}],"about":[{"href":"https:\/\/redsemlac.com\/semmexico\/wp-json\/wp\/v2\/types\/post"}],"author":[{"embeddable":true,"href":"https:\/\/redsemlac.com\/semmexico\/wp-json\/wp\/v2\/users\/3"}],"replies":[{"embeddable":true,"href":"https:\/\/redsemlac.com\/semmexico\/wp-json\/wp\/v2\/comments?post=78114"}],"version-history":[{"count":0,"href":"https:\/\/redsemlac.com\/semmexico\/wp-json\/wp\/v2\/posts\/78114\/revisions"}],"wp:featuredmedia":[{"embeddable":true,"href":"https:\/\/redsemlac.com\/semmexico\/wp-json\/wp\/v2\/media\/30273"}],"wp:attachment":[{"href":"https:\/\/redsemlac.com\/semmexico\/wp-json\/wp\/v2\/media?parent=78114"}],"wp:term":[{"taxonomy":"category","embeddable":true,"href":"https:\/\/redsemlac.com\/semmexico\/wp-json\/wp\/v2\/categories?post=78114"},{"taxonomy":"post_tag","embeddable":true,"href":"https:\/\/redsemlac.com\/semmexico\/wp-json\/wp\/v2\/tags?post=78114"}],"curies":[{"name":"wp","href":"https:\/\/api.w.org\/{rel}","templated":true}]}}