{"id":7806,"date":"2019-04-08T20:38:43","date_gmt":"2019-04-08T20:38:43","guid":{"rendered":"https:\/\/redsemlac.com\/semmexico\/?p=7806"},"modified":"2023-07-21T14:48:14","modified_gmt":"2023-07-21T19:48:14","slug":"la-senorita-triggs","status":"publish","type":"post","link":"https:\/\/redsemlac.com\/semmexico\/la-senorita-triggs\/","title":{"rendered":"La Se\u00f1orita Triggs"},"content":{"rendered":"\n<p class=\"wp-block-paragraph\">La capital por arriba del token de mujeres delegadas en el sexenio Miguel de la Madrid<\/p>\n\n\n\n<h5 class=\"wp-block-heading\"> Ninguno de sus nombres ha sido utilizado para nombrar calles, plazas, mercados\u2026<\/h5>\n\n\n\n<p class=\"wp-block-paragraph\"><a href=\"https:\/\/semmexico.com\/gallery-post.php?id=7835#\">Georgina C\u00e1rdenas<\/a><\/p>\n\n\n\n<p class=\"wp-block-paragraph\">SemM\u00e9xico, 8 abril 2019.- No soy historiadora, pero siempre he sentido una inclinaci\u00f3n especial hacia ella, la historia nos permite entender y contrastar lo que sucedi\u00f3 con nuestro presente. Me parece especialmente significativo reinsertar a las mujeres que han sido protagonistas de la historia pol\u00edtica administrativa de la capital; la ciudad se encuentra en deuda con ellas, ninguno de sus nombres ha sido utilizados para nombrar calles, centros culturales, plazas p\u00fablicas, mercados, nada. Como si nunca hubieran estado ah\u00ed. Ojal\u00e1 las cosas empiecen a cambiar y sus aportes a la ciudad sean recuperados, sin que pese la adscripci\u00f3n partidista, sino que simplemente recuperemos sus aportes y lo que construyeron para mejorar la capital.<\/p>\n\n\n\n<p class=\"wp-block-paragraph\">&nbsp;Pareciera que nunca hubieran estado presentes en la administraci\u00f3n p\u00fablica de la capital, es dif\u00edcil rastrear sus nombres en los archivos y muchas alcald\u00edas no tienen informaci\u00f3n sobre sus gobernantes anteriores, la ley de archivos es relativamente reciente, y a pesar de ello, el archivo muerto se sigue concentrando en bodegas, s\u00f3tanos, centros deportivos o lugares que carecen de condiciones \u00f3ptimas para preservar los archivos y documentos oficiales. Incluso cuando se trata de administraciones de signo partidista diferente al que gobierna, la situaci\u00f3n es peor, ya sea porque la administraci\u00f3n saliente no dej\u00f3 nada o porque la actual no se esfuerza por rescatar y reconocer los aciertos anteriores.<\/p>\n\n\n\n<p class=\"wp-block-paragraph\">A partir de un recuento que he realizado desde 2013 identifico a por lo menos 21 delegadas. Sin duda, podr\u00edan ser m\u00e1s, pero insisto, en que hay poca informaci\u00f3n sobre ellas. Destaca un sexenio donde las delegadas superaron lo que Rosabeth Kanter (1977) llamaba&nbsp;<em>token,&nbsp;<\/em>es decir, tuvieron m\u00e1s de 15 % de representaci\u00f3n de su grupo y se encontraban en ese 30 % que a\u00f1os m\u00e1s tarde, Dahlerup (1986) llamar\u00eda masa cr\u00edtica. Si bien, no sabemos qu\u00e9 tanto se relacionaron entre s\u00ed las delegadas, conocemos que cinco mujeres fueron nombradas en 1982.<\/p>\n\n\n\n<p class=\"wp-block-paragraph\">Pero qui\u00e9nes fueron ellas y c\u00f3mo fue que llegaron ah\u00ed. Durante la administraci\u00f3n de Miguel de la Madrid, a trav\u00e9s del regente Ram\u00f3n Aguirre fueron designadas como delegadas Angelica Luna Parra en \u00c1lvaro Obreg\u00f3n, Eugenia Moreno G\u00f3mez en Benito Ju\u00e1rez, Mar\u00eda In\u00e9s Sol\u00eds Gonz\u00e1lez en Cuajimalpa, Julieta Mendivil Blanco en Iztacalco y Carolina Hern\u00e1ndez Pinz\u00f3n en Milpa Alta.<\/p>\n\n\n\n<p class=\"wp-block-paragraph\">Cuando tuve la oportunidad de entrevistar a Ang\u00e9lica Luna Parra en 2016, ella me coment\u00f3 que esta presencia importante de mujeres fue resultado de los esfuerzos de Luz Lajous por visibilizar a las mujeres, ya que integr\u00f3 un directorio de mujeres con preparaci\u00f3n y experiencia que pod\u00edan ocupar cargos p\u00fablicos, y sab\u00eda que de esta forma no podr\u00eda haber objeci\u00f3n alguna para su nombramiento. Y es que, si bien las mujeres pod\u00edan sufragar y ser electas a nivel municipal en 1947, su representaci\u00f3n pol\u00edtica era m\u00ednima, los patrones socioculturales que las relegaban de la esfera p\u00fablica se expresaban de forma m\u00e1s abierta en ese tiempo. Sin embargo, las cifras de delegadas nos indican que al menos en \u00e9ste rubro, la propuesta de Luz Lajous prosper\u00f3, porque las mujeres tuvieron el 31% del total de la representaci\u00f3n, incluso es un porcentaje mayor que el que tienen las alcaldesas ahora con todo y la paridad. Es relevante esta situaci\u00f3n ya que sucedi\u00f3 cuando ninguno de los partidos pol\u00edticos hablaba de cuotas de g\u00e9nero y mucho menos de paridad, con ello la capital se distingui\u00f3 en el pa\u00eds y en Am\u00e9rica Latina por tener esta importante cifra de mujeres en su gobierno local.<\/p>\n\n\n\n<p class=\"wp-block-paragraph\">No obstante, todav\u00eda tenemos pendientes, y es que es necesario escuchar la voz de las que a\u00fan viven. Como lo dec\u00edamos Gabriela Williams y yo en la columna pasada, nos interesa su testimonio, conocer c\u00f3mo fue gobernar en ese momento en el que lo hicieron y cu\u00e1les fueron sus aportes a la ciudad. Qu\u00e9 represent\u00f3 gobernar delegaciones con diferentes problemas y en algunos casos, con altos \u00edndices de poblaci\u00f3n -incluso m\u00e1s pobladas que algunas entidades del pa\u00eds. C\u00f3mo fueron los presupuestos para su administraci\u00f3n \u00bfhubo alg\u00fan sesgo de g\u00e9nero?, c\u00f3mo las trat\u00f3 la prensa, en fin, nos interesa su historia y sobre todo, su contribuci\u00f3n a la capital.<\/p>\n\n\n\n<p class=\"wp-block-paragraph\">Ojal\u00e1 se animen a contar su experiencia y con ello, r construyamos la historia y podamos mostrar a las actuales y futuras generaciones que las mujeres siempre hemos estado ah\u00ed, haciendo pol\u00edtica, ya sea (la denominada) informal o formal, pero siempre hemos estado ah\u00ed y somos agentes de cambio.<\/p>\n","protected":false},"excerpt":{"rendered":"<p>La capital por arriba del token de mujeres delegadas en el sexenio Miguel de la Madrid Ninguno de sus nombres ha sido utilizado para nombrar calles, plazas, mercados\u2026 Georgina C\u00e1rdenas SemM\u00e9xico, 8 abril 2019.- No soy historiadora, pero siempre he sentido una inclinaci\u00f3n especial hacia ella, la historia nos permite entender y contrastar lo que [&hellip;]<\/p>\n","protected":false},"author":3,"featured_media":7807,"comment_status":"open","ping_status":"open","sticky":false,"template":"","format":"standard","meta":{"_monsterinsights_skip_tracking":false,"footnotes":""},"categories":[690,92],"tags":[],"class_list":["post-7806","post","type-post","status-publish","format-standard","has-post-thumbnail","category-690","category-georgina-cardenas-acosta"],"_links":{"self":[{"href":"https:\/\/redsemlac.com\/semmexico\/wp-json\/wp\/v2\/posts\/7806","targetHints":{"allow":["GET"]}}],"collection":[{"href":"https:\/\/redsemlac.com\/semmexico\/wp-json\/wp\/v2\/posts"}],"about":[{"href":"https:\/\/redsemlac.com\/semmexico\/wp-json\/wp\/v2\/types\/post"}],"author":[{"embeddable":true,"href":"https:\/\/redsemlac.com\/semmexico\/wp-json\/wp\/v2\/users\/3"}],"replies":[{"embeddable":true,"href":"https:\/\/redsemlac.com\/semmexico\/wp-json\/wp\/v2\/comments?post=7806"}],"version-history":[{"count":0,"href":"https:\/\/redsemlac.com\/semmexico\/wp-json\/wp\/v2\/posts\/7806\/revisions"}],"wp:featuredmedia":[{"embeddable":true,"href":"https:\/\/redsemlac.com\/semmexico\/wp-json\/wp\/v2\/media\/7807"}],"wp:attachment":[{"href":"https:\/\/redsemlac.com\/semmexico\/wp-json\/wp\/v2\/media?parent=7806"}],"wp:term":[{"taxonomy":"category","embeddable":true,"href":"https:\/\/redsemlac.com\/semmexico\/wp-json\/wp\/v2\/categories?post=7806"},{"taxonomy":"post_tag","embeddable":true,"href":"https:\/\/redsemlac.com\/semmexico\/wp-json\/wp\/v2\/tags?post=7806"}],"curies":[{"name":"wp","href":"https:\/\/api.w.org\/{rel}","templated":true}]}}