{"id":77997,"date":"2024-03-01T12:01:29","date_gmt":"2024-03-01T18:01:29","guid":{"rendered":"https:\/\/redsemlac.com\/semmexico\/?p=77997"},"modified":"2024-03-01T12:11:24","modified_gmt":"2024-03-01T18:11:24","slug":"imca-anuncia-creactiva-tercer-encuentro-de-las-mujeres-en-las-artes","status":"publish","type":"post","link":"https:\/\/redsemlac.com\/semmexico\/imca-anuncia-creactiva-tercer-encuentro-de-las-mujeres-en-las-artes\/","title":{"rendered":"IMCA anuncia CREACTIVA: Tercer Encuentro de las Mujeres en las Artes"},"content":{"rendered":"\n<p class=\"wp-block-paragraph\">F\u00e1tima Parra<\/p>\n\n\n\n<p class=\"wp-block-paragraph\">SemM\u00e9xico\/Radio Sonora, 1\u00ba. de marzo, 2024.- Del 6 al 8 de marzo, el Instituto Municipal de Cultura y Arte (IMCA) llevar\u00e1 a cabo \u201cCREACTIVA\u201d Tercer Encuentro de las Mujeres en las Artes, en el marco del D\u00eda Internacional de la Mujer.<\/p>\n\n\n\n<p class=\"wp-block-paragraph\">La directora de la dependencia municipal, Marianna Gonz\u00e1lez Gastelum, mencion\u00f3 que este evento busca reconocer y promover el trabajo de mujeres en las artes.<\/p>\n\n\n\n<p class=\"wp-block-paragraph\">\u201cSi ve\u00edamos la necesidad de que las mujeres que nos dedicamos a este rubro podamos compartir experiencias, trabajar en equipo desde un punto de vista positivo y propositivo\u201d, explic\u00f3.<\/p>\n\n\n\n<p class=\"wp-block-paragraph\">Durante el encuentro se impartir\u00e1 la charla \u201cMujeres libres de violencia\u201d por CZarina Olo\u00f1o, tambi\u00e9n se inaugurar\u00e1 la exposici\u00f3n fotogr\u00e1fica \u201cReflejo\u201d, entre otras actividades como una mesa de reflexi\u00f3n t\u00edtulada \u201cMujeres compartiendo arte\u201d y la presentaci\u00f3n del libro \u201cMala Flor\u201d, de Susana Haro.<\/p>\n\n\n\n<p class=\"wp-block-paragraph\">\u00abCREACTIVA\u00bb tendr\u00e1 lugar en el Centro Cultural \u00c1gora y la Plaza Zaragoza y puedes consultar el programa completo al ingresar a imca.hermosillo.gob.mx.<\/p>\n\n\n\n<p class=\"wp-block-paragraph\"><\/p>\n","protected":false},"excerpt":{"rendered":"<p>F\u00e1tima Parra SemM\u00e9xico\/Radio Sonora, 1\u00ba. de marzo, 2024.- Del 6 al 8 de marzo, el Instituto Municipal de Cultura y Arte (IMCA) llevar\u00e1 a cabo \u201cCREACTIVA\u201d Tercer Encuentro de las Mujeres en las Artes, en el marco del D\u00eda Internacional de la Mujer. La directora de la dependencia municipal, Marianna Gonz\u00e1lez Gastelum, mencion\u00f3 que este [&hellip;]<\/p>\n","protected":false},"author":3,"featured_media":77998,"comment_status":"open","ping_status":"open","sticky":false,"template":"","format":"standard","meta":{"_monsterinsights_skip_tracking":false,"footnotes":""},"categories":[45],"tags":[769,762,766,768,770],"class_list":["post-77997","post","type-post","status-publish","format-standard","has-post-thumbnail","category-cultura","tag-centro-cultural-agora","tag-dia-internacional-de-la-mujer","tag-imca","tag-mujeres-en-las-artes","tag-plaza-zaragoza"],"_links":{"self":[{"href":"https:\/\/redsemlac.com\/semmexico\/wp-json\/wp\/v2\/posts\/77997","targetHints":{"allow":["GET"]}}],"collection":[{"href":"https:\/\/redsemlac.com\/semmexico\/wp-json\/wp\/v2\/posts"}],"about":[{"href":"https:\/\/redsemlac.com\/semmexico\/wp-json\/wp\/v2\/types\/post"}],"author":[{"embeddable":true,"href":"https:\/\/redsemlac.com\/semmexico\/wp-json\/wp\/v2\/users\/3"}],"replies":[{"embeddable":true,"href":"https:\/\/redsemlac.com\/semmexico\/wp-json\/wp\/v2\/comments?post=77997"}],"version-history":[{"count":0,"href":"https:\/\/redsemlac.com\/semmexico\/wp-json\/wp\/v2\/posts\/77997\/revisions"}],"wp:featuredmedia":[{"embeddable":true,"href":"https:\/\/redsemlac.com\/semmexico\/wp-json\/wp\/v2\/media\/77998"}],"wp:attachment":[{"href":"https:\/\/redsemlac.com\/semmexico\/wp-json\/wp\/v2\/media?parent=77997"}],"wp:term":[{"taxonomy":"category","embeddable":true,"href":"https:\/\/redsemlac.com\/semmexico\/wp-json\/wp\/v2\/categories?post=77997"},{"taxonomy":"post_tag","embeddable":true,"href":"https:\/\/redsemlac.com\/semmexico\/wp-json\/wp\/v2\/tags?post=77997"}],"curies":[{"name":"wp","href":"https:\/\/api.w.org\/{rel}","templated":true}]}}