{"id":7790,"date":"2018-08-16T20:16:16","date_gmt":"2018-08-16T20:16:16","guid":{"rendered":"https:\/\/redsemlac.com\/semmexico\/?p=7790"},"modified":"2023-07-21T14:32:45","modified_gmt":"2023-07-21T19:32:45","slug":"coordenada-21","status":"publish","type":"post","link":"https:\/\/redsemlac.com\/semmexico\/coordenada-21\/","title":{"rendered":"Coordenada"},"content":{"rendered":"\n<p class=\"wp-block-paragraph\">El aborto: Un tema de salud p\u00fablica<\/p>\n\n\n\n<h5 class=\"wp-block-heading\"> \u2022 \u00bfQui\u00e9n gana con el aborto clandestino?<\/h5>\n\n\n\n<p class=\"wp-block-paragraph\"><a href=\"https:\/\/semmexico.com\/gallery-post.php?id=5588#\">Lupita Ramos<\/a><\/p>\n\n\n\n<p class=\"wp-block-paragraph\">SemM\u00e9xico, 16 agosto 2018.- La despenalizaci\u00f3n del aborto es un reclamo hist\u00f3rico de los movimientos feministas en Am\u00e9rica Latina y en el mundo. En los \u00faltimos meses, miramos con atenci\u00f3n la discusi\u00f3n sobre ese tema en el Congreso legislativo en Argentina. Lo que poca gente sabe, es que este proceso lleva mas de 13 a\u00f1os desde que iniciara en 2005 la Campa\u00f1a Nacional por el Derecho al Aborto Legal, Seguro y Gratuito, una alianza federal formada por movimientos de mujeres, pol\u00edticos y sociales, que logr\u00f3 llevar el debate al Congreso, obteniendo la sanci\u00f3n afirmativa en la c\u00e1mara de diputados y el rechazo por una diferencia de seis votos en la c\u00e1mara de senadores.<\/p>\n\n\n\n<p class=\"wp-block-paragraph\">Desde el a\u00f1o 2005 se ha presentado seis veces&nbsp;el Proyecto de Interrupci\u00f3n Voluntaria del Embarazo (IVE) en la C\u00e1mara de Diputados. En congresos anteriores lleg\u00f3 a tener&nbsp;la firma de 60 legisladores&nbsp;de los distintos partidos pol\u00edticos, pero nunca lleg\u00f3 al recinto. En su momento se advirti\u00f3 que hubo presiones de la Iglesia y de los gobiernos anteriores. Se argument\u00f3 que a\u00fan no estaban las condiciones dadas para dar este debate.<\/p>\n\n\n\n<p class=\"wp-block-paragraph\">Sin embargo, las condiciones en este 2018 cambiaron, en Argentina se gener\u00f3 un movimiento muy importante respecto de los feminicidios y la violencia contra las mujeres, moviliz\u00e1ndose en las marchas del #NiUnaMenos e impulsando los paros de mujeres y las denuncias de abuso en distintos \u00e1mbitos que permitieron que por fin, despu\u00e9s de 13 a\u00f1os de campa\u00f1a, se llegara a la discusi\u00f3n del aborto en el Congreso legislativo Argentino.<\/p>\n\n\n\n<p class=\"wp-block-paragraph\">Sin duda, este paso fue de gran importancia al generar el debate en torno a la despenalizaci\u00f3n del aborto no solo en Argentina sino en varios pa\u00edses de la regi\u00f3n. El pasado 8 de agosto una marea verde se movi\u00f3 como tsunami por toda Am\u00e9rica Latina y el Caribe; la ola impulsora arranc\u00f3 en el Cono Sur y fueron subiendo por todo el continente; los colectivos feministas y miles de mujeres con un pa\u00f1uelo verde tomaron las calles, las aulas y diferentes espacios de sus pa\u00edses en M\u00e9xico, Brasil, Panam\u00e1, Guatemala, Costa Rica, Per\u00fa, Ecuador, Bolivia, Paraguay, Chile, Uruguay, etc., para manifestarse y apoyar la lucha de las mujeres argentinas por conseguir la legalizaci\u00f3n de la Interrupci\u00f3n Voluntaria del Embarazo (IVE); la movilizaci\u00f3n en redes sociales se hizo bajo la consigna de&nbsp;<a href=\"https:\/\/distintaslatitudes.net\/aborto-america-latina-2018\" target=\"_blank\" rel=\"noreferrer noopener\">#AbortoLegalYA<\/a>. La exigencia no s\u00f3lo era para Argentina, se extendi\u00f3 a toda la regi\u00f3n.<\/p>\n\n\n\n<p class=\"wp-block-paragraph\">El Senado argentino finalmente se decidi\u00f3 por la continuidad del aborto clandestino. En las calles resonaba la consigna: \u201c\u00a1Asesinos, asesinos, asesinos son ustedes, en abortos clandestinos las que mueren son mujeres!\u201d.<\/p>\n\n\n\n<p class=\"wp-block-paragraph\">Desafortunado el desenlace para las mujeres en Argentina. Seg\u00fan informaci\u00f3n de la Campa\u00f1a Nacional, \u201cdesde 1983&nbsp;han muerto m\u00e1s de tres mil mujeres&nbsp;por&nbsp;abortos inseguros, estiman que se realizan&nbsp;500 mil abortos inseguros cada a\u00f1o, que alrededor de 60 mil mujeres deben internarse por complicaciones de estas pr\u00e1cticas inseguras y que unas cien mueren. Son estimaciones porque no hay estad\u00edsticas claras de abortos.<\/p>\n\n\n\n<p class=\"wp-block-paragraph\">Seg\u00fan el Ministerio de Salud de la Naci\u00f3n Argentina, en 2016 murieron 245 mujeres por causas maternas:&nbsp;43 por embarazos terminados en abortos, el resto, por enfermedades que el embarazo profundiz\u00f3&nbsp;o&nbsp;provoc\u00f3.&nbsp;De ah\u00ed la pregunta \u00bfQui\u00e9n gana con el aborto clandestino al ser \u00e9ste un grav\u00edsimo problema de salud p\u00fablica? &nbsp;<\/p>\n\n\n\n<p class=\"wp-block-paragraph\">Garantizar la vida y la salud de las mujeres es la&nbsp;gran deuda de la democracia. Por eso insistimos en que el Estado debe garantizar: Educaci\u00f3n sexual para decidir, anticonceptivos para no abortar y aborto legal para no morir.<\/p>\n\n\n\n<p class=\"wp-block-paragraph\"><a href=\"mailto:lupitaramosponce@gmail.com\">lupitaramosponce@gmail.com<\/a><\/p>\n\n\n\n<p class=\"wp-block-paragraph\">@lupitaramosponce<br><\/p>\n","protected":false},"excerpt":{"rendered":"<p>El aborto: Un tema de salud p\u00fablica \u2022 \u00bfQui\u00e9n gana con el aborto clandestino? Lupita Ramos SemM\u00e9xico, 16 agosto 2018.- La despenalizaci\u00f3n del aborto es un reclamo hist\u00f3rico de los movimientos feministas en Am\u00e9rica Latina y en el mundo. En los \u00faltimos meses, miramos con atenci\u00f3n la discusi\u00f3n sobre ese tema en el Congreso legislativo [&hellip;]<\/p>\n","protected":false},"author":3,"featured_media":7651,"comment_status":"open","ping_status":"open","sticky":false,"template":"","format":"standard","meta":{"_monsterinsights_skip_tracking":false,"footnotes":""},"categories":[689,91],"tags":[],"class_list":["post-7790","post","type-post","status-publish","format-standard","has-post-thumbnail","category-689","category-lupita-ramos-ponce"],"_links":{"self":[{"href":"https:\/\/redsemlac.com\/semmexico\/wp-json\/wp\/v2\/posts\/7790","targetHints":{"allow":["GET"]}}],"collection":[{"href":"https:\/\/redsemlac.com\/semmexico\/wp-json\/wp\/v2\/posts"}],"about":[{"href":"https:\/\/redsemlac.com\/semmexico\/wp-json\/wp\/v2\/types\/post"}],"author":[{"embeddable":true,"href":"https:\/\/redsemlac.com\/semmexico\/wp-json\/wp\/v2\/users\/3"}],"replies":[{"embeddable":true,"href":"https:\/\/redsemlac.com\/semmexico\/wp-json\/wp\/v2\/comments?post=7790"}],"version-history":[{"count":0,"href":"https:\/\/redsemlac.com\/semmexico\/wp-json\/wp\/v2\/posts\/7790\/revisions"}],"wp:featuredmedia":[{"embeddable":true,"href":"https:\/\/redsemlac.com\/semmexico\/wp-json\/wp\/v2\/media\/7651"}],"wp:attachment":[{"href":"https:\/\/redsemlac.com\/semmexico\/wp-json\/wp\/v2\/media?parent=7790"}],"wp:term":[{"taxonomy":"category","embeddable":true,"href":"https:\/\/redsemlac.com\/semmexico\/wp-json\/wp\/v2\/categories?post=7790"},{"taxonomy":"post_tag","embeddable":true,"href":"https:\/\/redsemlac.com\/semmexico\/wp-json\/wp\/v2\/tags?post=7790"}],"curies":[{"name":"wp","href":"https:\/\/api.w.org\/{rel}","templated":true}]}}