{"id":77880,"date":"2024-02-28T09:46:55","date_gmt":"2024-02-28T15:46:55","guid":{"rendered":"https:\/\/redsemlac.com\/semmexico\/?p=77880"},"modified":"2024-02-28T09:46:55","modified_gmt":"2024-02-28T15:46:55","slug":"mirada-violeta-red-nacional-de-defensoras-de-derechos-humanos","status":"publish","type":"post","link":"https:\/\/redsemlac.com\/semmexico\/mirada-violeta-red-nacional-de-defensoras-de-derechos-humanos\/","title":{"rendered":"Mirada Violeta| Red Nacional de Defensoras de Derechos Humanos"},"content":{"rendered":"\n<p class=\"wp-block-paragraph\"><strong>Guadalupe Ramos Ponce<\/strong><strong><\/strong><\/p>\n\n\n\n<p class=\"wp-block-paragraph\">SemM\u00e9xico, Guadalajara, Jalisco, 28 de febrero, 2024.- Recientemente, tuvo lugar el 5to encuentro de la Red Nacional de Defensoras de Derechos Humanos, de la que formo parte. Mujeres periodistas y defensoras de Derechos Humanos de 27 entidades federativas de M\u00e9xico presentes en Morelia, Michoac\u00e1n, refrendamos el Pacto de tejer en Red, de fortalecer nuestra alianza por la vida y la protecci\u00f3n para afrontar violencias y desigualdades con las que grupos de poder pretenden silenciarnos y detener nuestras luchas por la justicia y la igualdad.&nbsp;Comparto aqu\u00ed parte del posicionamiento pol\u00edtico de la Red:<\/p>\n\n\n\n<p class=\"wp-block-paragraph\">\u201cDespu\u00e9s de 8 a\u00f1os atravesados por la pandemia nos pudimos reencontrar para honrar a 93 compa\u00f1eras que ya no est\u00e1n con nosotras por haber sido v\u00edctimas de asesinato, los cuales est\u00e1n impunes. Tambi\u00e9n rendimos homenaje p\u00f3stumo a Sandra Peniche Quintal y a Blanca Vel\u00e1squez D\u00edaz, defensoras incansables que abrieron brechas importantes en la defensa de derechos sexuales y reproductivos y derechos laborales en la industria maquiladora, respectivamente, quienes nos trascendieron por el desgaste de sus cuerpos en la lucha\u201d.<\/p>\n\n\n\n<p class=\"wp-block-paragraph\">La Red Nacional de Defensoras de Derechos Humanos nace hace 13 a\u00f1os y est\u00e1 integrada por 434 mujeres defensoras y periodistas y 143 organizaciones. Somos buscadoras en un pa\u00eds herido por la desaparici\u00f3n de miles de personas, periodistas sacando a la luz los abusos del poder; mujeres de la diversidad sexual luchando por nuestros derechos; trabajadoras exigiendo condiciones dignas de trabajo; j\u00f3venes afirmando nuestra autonom\u00eda sexual y reproductiva. Somos integrantes de pueblos originarios y campesinos que defendemos nuestro territorio de proyectos extractivos que destruyen la vida, somos las que alzamos la voz ante el feminicidio y acompa\u00f1amos a las mujeres que viven violencia. Somos defensoras de derechos humanos hasta que la dignidad se haga costumbre.<\/p>\n\n\n\n<p class=\"wp-block-paragraph\">Denunciamos que del a\u00f1o 2020 al 2023 y de acuerdo al registro Nacional de la Red de M\u00e9xico, 1547 mujeres periodistas y defensoras de derechos humanos de este pa\u00eds hemos sufrido 6870 agresiones. En estos a\u00f1os 33 compa\u00f1eras fueron asesinadas impunemente y se cometieron 23 intentos de asesinatos. Que Oaxaca, Michoac\u00e1n, Ciudad de M\u00e9xico y el Estado de M\u00e9xico son los lugares en los que registramos m\u00e1s agresiones, cometidas en el marco de manifestaciones, la defensa del territorio, la exigencia de verdad, justicia y reparaci\u00f3n y la defensa de la libertad de expresi\u00f3n. Ni autoridades locales ni federales cumplen con su obligaci\u00f3n de garantizar un entorno seguro para defender derechos humanos y en muchos territorios son las principales perpetradoras de las violencias en nuestra contra.<\/p>\n\n\n\n<p class=\"wp-block-paragraph\">En este contexto, confirmamos que nuestra labor de defensa de Derechos Humanos es necesaria y vital, que la organizaci\u00f3n de las mujeres diversas, de todas las generaciones, contextos, condiciones, situaciones y posiciones de vida, sostienen nuestra red, pero adem\u00e1s salva nuestras vidas. Reiteramos que la Protecci\u00f3n Integral Feminista como construcci\u00f3n pr\u00e1ctica pol\u00edtica personal y colectiva, es nuestra primera estrategia para mantener nuestra acci\u00f3n. Asumimos que al reconocernos como sujetas pol\u00edticas en los movimientos sociales diversos, el cuidado es uno de nuestros derechos.<\/p>\n\n\n\n<p class=\"wp-block-paragraph\">Las mujeres defensoras y periodistas de Derechos Humanos que integramos la Red Nacional en M\u00e9xico (RNDDHMX) reafirmamos que \u201csomos sembradoras de esperanza, paz y democracia, de un pa\u00eds m\u00e1s justo y seguro para todas. Seguiremos luchando codo a codo y sin tregua para que el hecho de ser Defensoras de Derechos Humanos no sea sin\u00f3nimo de riesgo\u201d.<\/p>\n\n\n\n<p class=\"wp-block-paragraph\">Cuidarnos tambi\u00e9n es pol\u00edtico, las defensoras somos semillas de cambio y construimos Redes que salvan vidas.<\/p>\n\n\n\n<p class=\"wp-block-paragraph\">Dra. Mar\u00eda Guadalupe Ramos Ponce<\/p>\n\n\n\n<p class=\"wp-block-paragraph\">Coordinadora de CLADEM en M\u00e9xico<\/p>\n\n\n\n<p class=\"wp-block-paragraph\">Profesora Investigadora de la UdeG.<\/p>\n\n\n\n<p class=\"wp-block-paragraph\">@dralupitaramosp<\/p>\n","protected":false},"excerpt":{"rendered":"<p>Somos defensoras de derechos humanos hasta que la dignidad se haga costumbre.<\/p>\n","protected":false},"author":3,"featured_media":69833,"comment_status":"open","ping_status":"open","sticky":false,"template":"","format":"standard","meta":{"_monsterinsights_skip_tracking":false,"footnotes":""},"categories":[91,35],"tags":[149,459],"class_list":["post-77880","post","type-post","status-publish","format-standard","has-post-thumbnail","category-lupita-ramos-ponce","category-opinion","tag-mujeres","tag-opinion"],"_links":{"self":[{"href":"https:\/\/redsemlac.com\/semmexico\/wp-json\/wp\/v2\/posts\/77880","targetHints":{"allow":["GET"]}}],"collection":[{"href":"https:\/\/redsemlac.com\/semmexico\/wp-json\/wp\/v2\/posts"}],"about":[{"href":"https:\/\/redsemlac.com\/semmexico\/wp-json\/wp\/v2\/types\/post"}],"author":[{"embeddable":true,"href":"https:\/\/redsemlac.com\/semmexico\/wp-json\/wp\/v2\/users\/3"}],"replies":[{"embeddable":true,"href":"https:\/\/redsemlac.com\/semmexico\/wp-json\/wp\/v2\/comments?post=77880"}],"version-history":[{"count":0,"href":"https:\/\/redsemlac.com\/semmexico\/wp-json\/wp\/v2\/posts\/77880\/revisions"}],"wp:featuredmedia":[{"embeddable":true,"href":"https:\/\/redsemlac.com\/semmexico\/wp-json\/wp\/v2\/media\/69833"}],"wp:attachment":[{"href":"https:\/\/redsemlac.com\/semmexico\/wp-json\/wp\/v2\/media?parent=77880"}],"wp:term":[{"taxonomy":"category","embeddable":true,"href":"https:\/\/redsemlac.com\/semmexico\/wp-json\/wp\/v2\/categories?post=77880"},{"taxonomy":"post_tag","embeddable":true,"href":"https:\/\/redsemlac.com\/semmexico\/wp-json\/wp\/v2\/tags?post=77880"}],"curies":[{"name":"wp","href":"https:\/\/api.w.org\/{rel}","templated":true}]}}