{"id":77874,"date":"2024-02-28T09:10:17","date_gmt":"2024-02-28T15:10:17","guid":{"rendered":"https:\/\/redsemlac.com\/semmexico\/?p=77874"},"modified":"2024-02-28T09:10:18","modified_gmt":"2024-02-28T15:10:18","slug":"bellas-y-airosas-2024-se-ha-llevado-grandes-mujeres-patricia-corres-enriqueta-tunon-y-pilar-gonzalbo","status":"publish","type":"post","link":"https:\/\/redsemlac.com\/semmexico\/bellas-y-airosas-2024-se-ha-llevado-grandes-mujeres-patricia-corres-enriqueta-tunon-y-pilar-gonzalbo\/","title":{"rendered":"Bellas y Airosas| 2024 se ha llevado grandes mujeres: Patricia Corres, Enriqueta Tu\u00f1\u00f3n y Pilar Gonzalbo"},"content":{"rendered":"\n<p class=\"wp-block-paragraph\"><strong>Elvira Hern\u00e1ndez Carballido<\/strong><\/p>\n\n\n\n<p class=\"wp-block-paragraph\">SemM\u00e9xico, Pachuca, Hidalgo, 28 de febrero, 2024.- Es dif\u00edcil despedirse de las personas entra\u00f1ables en nuestra vida, pero una manera de hacer menos doloroso ese adi\u00f3s es evocarlas con cari\u00f1o y valorando todo lo que nos dieron. En estos primeros dos meses de 2024 ya hemos sufrido tres tristes p\u00e9rdidas: Patricia Corres Ayala, Enriqueta Tu\u00f1\u00f3n Pablos y Pilar Gonzalbo, investigadoras dedicadas tanto a reflexionar como a recuperar la presencia de las mujeres en nuestra sociedad y en la historia de M\u00e9xico.<\/p>\n\n\n\n<p class=\"wp-block-paragraph\">La primera de ellas, Patricia Corres Ayala, fue mi maestra en 1980 en el Colegio de Ciencias y Humanidades (CCH) Sur. \u00bfQu\u00e9 veremos en la asignatura de \u00c9tica? Nos pregunt\u00f3 en el primer d\u00eda de clases y ella misma respondi\u00f3: El estudio de la situaci\u00f3n de las mujeres. \u00bfEso se estudia?, yo creo que nos preguntamos en silencio todo el grupo. La libertad de c\u00e1tedra le daba posibilidad de integrar temas que ella consideraba muy necesarios y fue as\u00ed como por primera vez en mi vida tom\u00e9 clases de feminismo.<\/p>\n\n\n\n<p class=\"wp-block-paragraph\">Le\u00edmos desde \u201cEl segundo sexo\u201d de Simone de Beauvoir hasta los primeros n\u00fameros de revista Fem, todav\u00eda conservo algunos ejemplares subrayados por la ceceachera que fui. Durante dos semestres me empap\u00e9 de las reflexiones feministas y me identifiqu\u00e9 totalmente con ellas. Nunca volv\u00ed a ver a mi profesora, pero ya me hab\u00eda contagiado su esp\u00edritu apasionado.<\/p>\n\n\n\n<p class=\"wp-block-paragraph\">Fue licenciada en Psicolog\u00eda y Maestra en Filosof\u00eda por la UNAM. Realiz\u00f3 su doctorado en la Universidad de la Sorbona, Francia. Escribi\u00f3 diversos libros, entre algunos de ellos: <em>Raz\u00f3n y experiencia en la psicolog\u00eda, Alteridad y tiempo en el sujeto y la historia <\/em>y<em> La memoria del olvido<\/em>. Nacida en 1950, trabaj\u00f3 en la Facultad de Psicolog\u00eda de la UNAM durante 50 a\u00f1os. Recibi\u00f3 el Premio Juana de Asbaje Ram\u00edrez 2003, otorgado por la misma universidad. Este 1 de enero de 2024 nos quedamos sin ella, pero su pensamiento sigue latiendo en cada libro y revista donde public\u00f3.<\/p>\n\n\n\n<p class=\"wp-block-paragraph\">Apenas iba asimilando esta despedida cuando una esquela provoc\u00f3 un llanto solidario, el 13 de enero parti\u00f3 la Dra. Enriqueta Tu\u00f1\u00f3n Pablos, historiadora precursora del estudio de las mujeres mexicanas en diferentes escenarios. Mi primer acercamiento con su trabajo fue una hermosa colecci\u00f3n editorial de cuatro vol\u00famenes, donde ella fue responsable del n\u00famero uno y gracias a su dedicaci\u00f3n tenemos en las manos textos que hacen referencia a la poblaci\u00f3n femenina antes de la conquista. La obra se titula: <em>El \u00e1lbum de la mujer. Antolog\u00eda ilustrada de las mexicanas, Vol 1\/ \u00c9poca prehisp\u00e1nica<\/em>. Cada uno de los documentos que la investigadoras compil\u00f3 describe o expone la vida de las mujeres en ese periodo hist\u00f3rico. Escribi\u00f3 una gran variedad de libros y art\u00edculos, siempre con ese compromiso de recuperar y hacer visibles a las mexicanas. Entre mis favoritos:<\/p>\n\n\n\n<ul class=\"wp-block-list\">\n<li>Por fin\u2026 ya podemos elegir y ser electas! El sufragio femenino en M\u00e9xico, 1935-1953. (2002).<\/li>\n\n\n\n<li>\u201cAmalia Castillo Led\u00f3n, una feminista en un mundo de hombres, 1929-1953\u201d, en&nbsp;De espacios dom\u00e9sticos y mundos p\u00fablicos. El siglo de las mujeres en M\u00e9xico. (2010)<\/li>\n\n\n\n<li>\u201cLos movimientos de las mujeres en pro del sufragio en M\u00e9xico 1917 \u2013 1953\u201d, revista&nbsp;Sotavento.&nbsp; (1997)<\/li>\n<\/ul>\n\n\n\n<p class=\"wp-block-paragraph\">Nacida en 1945, la pasi\u00f3n por historiadora provoc\u00f3 que ella estudiara en la UNAM tanto la licenciatura como el doctorado, ah\u00ed tambi\u00e9n imparti\u00f3 clases, as\u00ed como conferencias y cursos. Sus trabajos han sido consultados por todas las que nos interesamos en hacernos visibles en los escenario hist\u00f3ricos del pa\u00eds. Junto con sus hermanas, Esperanza y Julia, han llenado muchos huecos en la historia de M\u00e9xico al hacer visibles la participaci\u00f3n de las mujeres.<\/p>\n\n\n\n<p class=\"wp-block-paragraph\">Y hace unos d\u00edas, otra esquela oprime el alma:<\/p>\n\n\n\n<p class=\"wp-block-paragraph\"><em>\u201cHoy 26 de&nbsp;febrero muy temprano ha muerto Pilar Gonzalbo Aizpuru, mujer de lucha, gran maestra,&nbsp;generos\u00edsima madre y fant\u00e1stica abuela. Nos entristece despedirla. Celebramos su larga vida&nbsp;de trabajo y ejemplo\u201d.<\/em><em><\/em><\/p>\n\n\n\n<p class=\"wp-block-paragraph\">\u00bfQui\u00e9n no realiz\u00f3 sus trabajos hist\u00f3ricos o apoy\u00f3 contextos representativos de la vida de las mujeres mexicanas con la obra de Pilar Gonzalbo? \u201cLa educaci\u00f3n de la mujer en la Nueva Espa\u00f1a\u201d y \u201cLas mujeres en la Nueva Espa\u00f1a. Educaci\u00f3n y vida cotidiana\u201d fueron referentes obligatorios en muchas tesis e investigaciones. Otra l\u00ednea muy significativa que ella trabaj\u00f3 fue la vida cotidiana en otros siglos, destaca el libro \u201cLa Historia y lo Cotidiano\u201d.<\/p>\n\n\n\n<p class=\"wp-block-paragraph\">Si bien ella naci\u00f3 en Espa\u00f1a, vino a M\u00e9xico a realizar sus estudios de posgrado y ya no la dejamos irse, y ella quiso quedarse. Fue as\u00ed como estudi\u00f3 en la UNAM la maestr\u00eda y el doctorado en Historia. Fue profesora investigadora en el Centro de Estudios Hist\u00f3ricos de El Colegio de M\u00e9xico donde alguna vez tuve oportunidad de charlar con ella, de agradecerle su compromiso y reiterarle mi admiraci\u00f3n.<\/p>\n\n\n\n<p class=\"wp-block-paragraph\">Entre los diversos reconocimientos que recibi\u00f3 pueden mencionarse el galard\u00f3n \u201cGarc\u00eda Cubas\u201d, que entrega el&nbsp; Instituto Nacional de&nbsp;Antropolog\u00eda e Historia al reconocimiento del trabajo editorial en los \u00e1mbitos antropol\u00f3gicos e hist\u00f3ricos, haber sido nombrada investigadora em\u00e9rita del Sistema Nacional de Investigadores y el Premio Nacional de Ciencias y Artes 2007.<\/p>\n\n\n\n<p class=\"wp-block-paragraph\">Hasta pronto, queridas pioneras de las investigaciones que miran y destacan a las mujeres en diversos escenarios sociales.<\/p>\n","protected":false},"excerpt":{"rendered":"<p>Hasta pronto, queridas pioneras de las investigaciones que miran y destacan a las mujeres en diversos escenarios sociales.<\/p>\n","protected":false},"author":3,"featured_media":70197,"comment_status":"open","ping_status":"open","sticky":false,"template":"","format":"standard","meta":{"_monsterinsights_skip_tracking":false,"footnotes":""},"categories":[201,202,35],"tags":[149,459],"class_list":["post-77874","post","type-post","status-publish","format-standard","has-post-thumbnail","category-bellas-y-airosas","category-elvira-hernandez-carballido","category-opinion","tag-mujeres","tag-opinion"],"_links":{"self":[{"href":"https:\/\/redsemlac.com\/semmexico\/wp-json\/wp\/v2\/posts\/77874","targetHints":{"allow":["GET"]}}],"collection":[{"href":"https:\/\/redsemlac.com\/semmexico\/wp-json\/wp\/v2\/posts"}],"about":[{"href":"https:\/\/redsemlac.com\/semmexico\/wp-json\/wp\/v2\/types\/post"}],"author":[{"embeddable":true,"href":"https:\/\/redsemlac.com\/semmexico\/wp-json\/wp\/v2\/users\/3"}],"replies":[{"embeddable":true,"href":"https:\/\/redsemlac.com\/semmexico\/wp-json\/wp\/v2\/comments?post=77874"}],"version-history":[{"count":0,"href":"https:\/\/redsemlac.com\/semmexico\/wp-json\/wp\/v2\/posts\/77874\/revisions"}],"wp:featuredmedia":[{"embeddable":true,"href":"https:\/\/redsemlac.com\/semmexico\/wp-json\/wp\/v2\/media\/70197"}],"wp:attachment":[{"href":"https:\/\/redsemlac.com\/semmexico\/wp-json\/wp\/v2\/media?parent=77874"}],"wp:term":[{"taxonomy":"category","embeddable":true,"href":"https:\/\/redsemlac.com\/semmexico\/wp-json\/wp\/v2\/categories?post=77874"},{"taxonomy":"post_tag","embeddable":true,"href":"https:\/\/redsemlac.com\/semmexico\/wp-json\/wp\/v2\/tags?post=77874"}],"curies":[{"name":"wp","href":"https:\/\/api.w.org\/{rel}","templated":true}]}}