{"id":77863,"date":"2024-02-28T08:54:06","date_gmt":"2024-02-28T14:54:06","guid":{"rendered":"https:\/\/redsemlac.com\/semmexico\/?p=77863"},"modified":"2024-02-28T08:54:06","modified_gmt":"2024-02-28T14:54:06","slug":"labor-de-coreografas-y-creadoras-escenicas-acentua-la-programacion-de-marzo-en-el-centro-cultural-del-bosque","status":"publish","type":"post","link":"https:\/\/redsemlac.com\/semmexico\/labor-de-coreografas-y-creadoras-escenicas-acentua-la-programacion-de-marzo-en-el-centro-cultural-del-bosque\/","title":{"rendered":"Labor de core\u00f3grafas y creadoras esc\u00e9nicas acent\u00faa la programaci\u00f3n de marzo en el Centro Cultural del Bosque"},"content":{"rendered":"\n<ul class=\"wp-block-list\">\n<li><strong>La Coordinaci\u00f3n Nacional de Danza del INBAL llevar\u00e1 a cabo la temporada\u00a0<em>Universos femeninos<\/em>\u00a0en el Teatro de la Danza\u00a0<em>Guillermina Bravo.<\/em><\/strong><\/li>\n<\/ul>\n\n\n\n<ul class=\"wp-block-list\">\n<li><strong>La Sala Principal del Palacio de Bellas Artes albergar\u00e1 una gala danc\u00edstica en homenaje a la core\u00f3grafa mexicana Gladiola Orozco.<\/strong><\/li>\n<\/ul>\n\n\n\n<p class=\"wp-block-paragraph\"><strong>Redacci\u00f3n<\/strong><strong><\/strong><\/p>\n\n\n\n<p class=\"wp-block-paragraph\">SemM\u00e9xico, Ciudad de M\u00e9xico, 28 de febrero, 2024.- Las autoridades culturales del gobierno anuncian un programa donde resalta la labor de bailarinas, durante el mes de marzo, el mes de las mujeres.<\/p>\n\n\n\n<p class=\"wp-block-paragraph\">Esto se organiz\u00f3 por la Secretar\u00eda de Cultura del Gobierno de M\u00e9xico y el Instituto Nacional de Bellas Artes y Literatura (INBAL), a trav\u00e9s de la Coordinaci\u00f3n Nacional de Danza.<\/p>\n\n\n\n<p class=\"wp-block-paragraph\">En comunicado oficial informa que el Colectivo Mujeres en la M\u00fasica, AC, y la Coordinadora Internacional de Mujeres en el Arte&nbsp;(Comu<em>A<\/em>rte), bajo la direcci\u00f3n de la compositora y music\u00f3loga Leticia Armijo, presentan el&nbsp;<em>XXX Encuentro Internacional \u2013 XXVI Iberoamericano de Mujeres en el Arte<\/em>, actividad que visibiliza y reconoce la labor de las mujeres que han dedicado su vida al arte.<\/p>\n\n\n\n<p class=\"wp-block-paragraph\">En este contexto, del jueves 29 de febrero al domingo 3 de marzo, la Compa\u00f1\u00eda Muhuvidanza, interpretar\u00e1 las piezas&nbsp;<em>Ra\u00edces migrantes&nbsp;<\/em>y&nbsp;<em>Di\u00e1logos de seducci\u00f3n y locura (En memoria de Bernardo Ben\u00edtez),<\/em>&nbsp;mientras que la Escuela de Danza Contempor\u00e1nea del Centro Cultural Ollin Yoliztli, con la direcci\u00f3n general de Consuelo V\u00e1zquez Garc\u00eda, ejecutar\u00e1 el programa&nbsp;<em>Sue\u00f1os de plata, 25 a\u00f1os de historia,&nbsp;<\/em>conmemorando su primer cuarto de siglo de existencia. Las funciones se llevar\u00e1n a cabo en el Teatro de la Danza&nbsp;<em>Guillermina Bravo<\/em>.<\/p>\n\n\n\n<p class=\"wp-block-paragraph\">Tambi\u00e9n se efectuar\u00e1 la temporada&nbsp;<em>Universos femeninos<\/em>, la cual reunir\u00e1 a tres agrupaciones coreogr\u00e1ficas en el Teatro de la Danza&nbsp;<em>Guillermina Bravo<\/em>&nbsp;para mostrar&nbsp;obras en las que confluyen las miradas de creadoras contempor\u00e1neas provenientes de distintos estados del territorio nacional.<\/p>\n\n\n\n<p class=\"wp-block-paragraph\">Del 7 al 10 de marzo ser\u00e1 el turno del Centro de Producci\u00f3n de Danza Contempor\u00e1nea (Ceprodac) que presentar\u00e1 el programa&nbsp;<em>Rita e Inez, universos paralelos<\/em>, bajo la direcci\u00f3n art\u00edstica de Cecilia Lugo. Este programa doble incluir\u00e1 las piezas&nbsp;<em>Diarios de Rita Berl\u00edn<\/em>, estreno coreogr\u00e1fico de Mar\u00eda Brezzo y&nbsp;<em>Porvenir perdido<\/em>, de Silvia Unzueta.<\/p>\n\n\n\n<p class=\"wp-block-paragraph\">Despu\u00e9s, la compa\u00f1\u00eda de danza Luna Creciente llegar\u00e1 desde Nuevo Le\u00f3n con el espect\u00e1culo esc\u00e9nico&nbsp;<em>Mujer Guerrero<\/em>, dirigido por Dolores Bernal, que busca reflejar aspectos de la mujer como la femineidad y la fertilidad, al mismo tiempo que cuestiona la situaci\u00f3n de \u00e9sta en su entorno social. Las funciones ser\u00e1n del jueves 14 al domingo 17 de marzo.<\/p>\n\n\n\n<p class=\"wp-block-paragraph\">La temporada&nbsp;<em>Universos femeninos<\/em>&nbsp;cerrar\u00e1 con las presentaciones de la obra danc\u00edstica&nbsp;<em>El rostro<\/em>, a cargo de la compa\u00f1\u00eda Bruja Danza, encabezada por la creadora poblana Alejandra Ram\u00edrez. Este montaje en el que se exploran los prejuicios y estereotipos en torno al ser de lo femenino podr\u00e1 presenciarse del jueves 21 al domingo 24 de marzo.<\/p>\n\n\n\n<figure class=\"wp-block-image size-large\"><a href=\"https:\/\/redsemlac.com\/semmexico\/wp-content\/uploads\/2024\/02\/danza2.jpg\"><img decoding=\"async\" src=\"https:\/\/redsemlac.com\/semmexico\/wp-content\/uploads\/2024\/02\/danza2-1024x688.jpg\" alt=\"\" class=\"wp-image-77864\"\/><\/a><\/figure>\n\n\n\n<p class=\"wp-block-paragraph\">Por otra parte, el lunes 11, martes 12 y martes 19 de marzo, el Teatro de la Danza&nbsp;<em>Guillermina Bravo<\/em>&nbsp;fungir\u00e1 como una de las sedes del 24\u00ba Encuentro de&nbsp;<em>Nueva Danza, Nueva M\u00fasica<\/em>, proyecto coordinado por Consuelo S\u00e1nchez, que cuenta con m\u00e1s de dos d\u00e9cadas de&nbsp;promover la producci\u00f3n, creaci\u00f3n, distribuci\u00f3n y consumo de la obra de core\u00f3grafos, compositores, int\u00e9rpretes, maestros e investigadores de varios estados de la Rep\u00fablica.<\/p>\n\n\n\n<h2 class=\"wp-block-heading\"><strong>La Compa\u00f1\u00eda Nacional de Danza deleitar\u00e1 al p\u00fablico familiar<\/strong><strong><\/strong><\/h2>\n\n\n\n<p class=\"wp-block-paragraph\">Con una temporada que ser\u00e1 del 9 al 24 de marzo, la Compa\u00f1\u00eda Nacional de Danza se dar\u00e1 cita en el Teatro de la Danza&nbsp;<em>Guillermina Bravo&nbsp;<\/em>para presentar funciones del ballet&nbsp;<em>La fille mal garde\u00e9 (La ni\u00f1a malcriada)<\/em>. Es una puesta en escena familiar que&nbsp;desarrolla, con algunos tintes c\u00f3micos, la historia de amor entre la joven pareja de Lissete y Col\u00e1s, y c\u00f3mo logra triunfar a pesar de los planes de Simonne, la ambiciosa madre de ella.&nbsp;Con direcci\u00f3n art\u00edstica de Elisa Carrillo y Cuauht\u00e9moc N\u00e1jera, la&nbsp;adaptaci\u00f3n danc\u00edstica es de la CND, basada en la obra original de Enrique Mart\u00ednez con m\u00fasica de los compositores Ludwig Hertel y Ferdinand Herold. La entrada ser\u00e1 libre, sujeta a disponibilidad.<\/p>\n\n\n\n<figure class=\"wp-block-image size-large\"><a href=\"https:\/\/redsemlac.com\/semmexico\/wp-content\/uploads\/2024\/02\/danza3.jpg\"><img decoding=\"async\" src=\"https:\/\/redsemlac.com\/semmexico\/wp-content\/uploads\/2024\/02\/danza3-1024x683.jpg\" alt=\"\" class=\"wp-image-77865\"\/><\/a><\/figure>\n\n\n\n<h2 class=\"wp-block-heading\"><strong>Ceprodac rendir\u00e1 homenaje a Gladiola Orozco<\/strong><strong><\/strong><\/h2>\n\n\n\n<p class=\"wp-block-paragraph\">El s\u00e1bado 16 de marzo a las 19:00 horas, la Sala Principal del Palacio de Bellas Artes ser\u00e1 sede del homenaje a la trayectoria ejemplar de Gladiola Orozco, bailarina, core\u00f3grafa, maestra y directora del Ballet Teatro del Espacio, cuya labor la convierte en un personaje fundamental de la danza contempor\u00e1nea mexicana.<\/p>\n\n\n\n<p class=\"wp-block-paragraph\">La Coordinaci\u00f3n Nacional de Danza y el Centro de Producci\u00f3n de Danza Contempor\u00e1nea (Ceprodac) reconocer\u00e1n la labor de la maestra Orozco con la presentaci\u00f3n de un programa danc\u00edstico doble, bajo la direcci\u00f3n art\u00edstica de Cecilia Lugo. El elenco de Ceprodac, interpretar\u00e1&nbsp;<em>Diarios de Rita Berl\u00edn<\/em>, propuesta conceptual contempor\u00e1nea de la core\u00f3grafa Mar\u00eda Brezzo, en la que se brinda un gui\u00f1o al mundo \u00edntimo de una mujer que escribe su vida frente a una computadora, acci\u00f3n que se desdobla en un lenguaje de movimiento muy provocativo. Tambi\u00e9n se escenificar\u00e1&nbsp;<em>Signos, el cuerpo de la noche<\/em>, propuesta coreogr\u00e1fica contundente, cuya idea original y coreograf\u00eda son de \u00d3scar Ruvalcaba, que comparte desde un lenguaje at\u00e1vico el devenir de las relaciones humanas.<\/p>\n\n\n\n<p class=\"wp-block-paragraph\">Consulta cartelera en&nbsp;<a href=\"http:\/\/www.danza.inba.gob.mx\/\" target=\"_blank\" rel=\"noreferrer noopener\">www.danza.inba.gob.mx<\/a>&nbsp;y redes sociales @danzaInba; programaci\u00f3n sujeta a cambios.<\/p>\n\n\n\n<figure class=\"wp-block-image size-large\"><a href=\"https:\/\/redsemlac.com\/semmexico\/wp-content\/uploads\/2024\/02\/danza4.jpg\"><img decoding=\"async\" src=\"https:\/\/redsemlac.com\/semmexico\/wp-content\/uploads\/2024\/02\/danza4-1024x683.jpg\" alt=\"\" class=\"wp-image-77866\"\/><\/a><\/figure>\n","protected":false},"excerpt":{"rendered":"<p>La Coordinaci\u00f3n Nacional de Danza del INBAL llevar\u00e1 a cabo la temporada\u00a0Universos femeninos\u00a0en el Teatro de la Danza\u00a0Guillermina Bravo.<\/p>\n","protected":false},"author":3,"featured_media":77867,"comment_status":"open","ping_status":"open","sticky":false,"template":"","format":"standard","meta":{"_monsterinsights_skip_tracking":false,"footnotes":""},"categories":[205],"tags":[149],"class_list":["post-77863","post","type-post","status-publish","format-standard","has-post-thumbnail","category-8-de-marzo","tag-mujeres"],"_links":{"self":[{"href":"https:\/\/redsemlac.com\/semmexico\/wp-json\/wp\/v2\/posts\/77863","targetHints":{"allow":["GET"]}}],"collection":[{"href":"https:\/\/redsemlac.com\/semmexico\/wp-json\/wp\/v2\/posts"}],"about":[{"href":"https:\/\/redsemlac.com\/semmexico\/wp-json\/wp\/v2\/types\/post"}],"author":[{"embeddable":true,"href":"https:\/\/redsemlac.com\/semmexico\/wp-json\/wp\/v2\/users\/3"}],"replies":[{"embeddable":true,"href":"https:\/\/redsemlac.com\/semmexico\/wp-json\/wp\/v2\/comments?post=77863"}],"version-history":[{"count":0,"href":"https:\/\/redsemlac.com\/semmexico\/wp-json\/wp\/v2\/posts\/77863\/revisions"}],"wp:featuredmedia":[{"embeddable":true,"href":"https:\/\/redsemlac.com\/semmexico\/wp-json\/wp\/v2\/media\/77867"}],"wp:attachment":[{"href":"https:\/\/redsemlac.com\/semmexico\/wp-json\/wp\/v2\/media?parent=77863"}],"wp:term":[{"taxonomy":"category","embeddable":true,"href":"https:\/\/redsemlac.com\/semmexico\/wp-json\/wp\/v2\/categories?post=77863"},{"taxonomy":"post_tag","embeddable":true,"href":"https:\/\/redsemlac.com\/semmexico\/wp-json\/wp\/v2\/tags?post=77863"}],"curies":[{"name":"wp","href":"https:\/\/api.w.org\/{rel}","templated":true}]}}