{"id":77857,"date":"2024-02-28T08:41:24","date_gmt":"2024-02-28T14:41:24","guid":{"rendered":"https:\/\/redsemlac.com\/semmexico\/?p=77857"},"modified":"2024-02-28T08:41:25","modified_gmt":"2024-02-28T14:41:25","slug":"rumbo-al-8m-instituto-de-transparencia-acceso-a-la-informacion-publica-proteccion-de-datos-personales-y-rendicion-de-cuentas-de-la-ciudad-de-mexico-hace-jornada","status":"publish","type":"post","link":"https:\/\/redsemlac.com\/semmexico\/rumbo-al-8m-instituto-de-transparencia-acceso-a-la-informacion-publica-proteccion-de-datos-personales-y-rendicion-de-cuentas-de-la-ciudad-de-mexico-hace-jornada\/","title":{"rendered":"Rumbo al #8M, Instituto de Transparencia, Acceso a la Informaci\u00f3n P\u00fablica, Protecci\u00f3n de Datos Personales y Rendici\u00f3n de Cuentas de la Ciudad de M\u00e9xico hace jornada"},"content":{"rendered":"\n<ul class=\"wp-block-list\">\n<li><strong>Las comisionadas realizar\u00e1n foro: \u201c\u00a1CON M\u00c1S INFORMACI\u00d3N, M\u00c1S VOZ! Estrategias para romper brechas de g\u00e9nero\u00bb.<\/strong><\/li>\n<\/ul>\n\n\n\n<ul class=\"wp-block-list\">\n<li><strong>La jornada ser\u00e1 el pr\u00f3ximo 5 de marzo, de 10 a 14 horas, har\u00e1 transmisi\u00f3n en vivo.<\/strong><\/li>\n<\/ul>\n\n\n\n<p class=\"wp-block-paragraph\"><strong>Redacci\u00f3n<\/strong><\/p>\n\n\n\n<p class=\"wp-block-paragraph\">SemM\u00e9xico, Ciudad de M\u00e9xico, 28 de febrero, 2024.- Para conmemorar el D\u00eda Internacional de la Mujer 2024, #8M, las Comisionadas Ciudadanas del Instituto de Transparencia, Acceso a la Informaci\u00f3n P\u00fablica, Protecci\u00f3n de Datos Personales y Rendici\u00f3n de Cuentas de la Ciudad de M\u00e9xico (INFO CDMX), Marina San Mart\u00edn Rebolloso, Mar\u00eda del Carmen Nava Polina y Laura Lizette Enr\u00edquez Rodr\u00edguez, llevar\u00e1n a cabo, el pr\u00f3ximo martes 5 de marzo, el Foro: \u201c\u00a1Con m\u00e1s informaci\u00f3n, m\u00e1s voz! Estrategias para romper brechas de g\u00e9nero\u201d.<\/p>\n\n\n\n<p class=\"wp-block-paragraph\">Este Foro tiene como prop\u00f3sito hacer visibles las desigualdades que a\u00fan padecen las mujeres en diversos \u00e1mbitos, tanto p\u00fablicos como privados, as\u00ed como la manera en que los derechos de acceso a la informaci\u00f3n y de protecci\u00f3n de datos personales pueden incidir en su identificaci\u00f3n, disminuci\u00f3n y erradicaci\u00f3n.<\/p>\n\n\n\n<p class=\"wp-block-paragraph\">El Foro, que se realizar\u00e1 en las instalaciones del INFO Ciudad de M\u00e9xico y por v\u00eda zoom, ser\u00e1 de las 10:00 a las 14:00 horas y se dividir\u00e1 en tres paneles de discusi\u00f3n y reflexi\u00f3n.<\/p>\n\n\n\n<figure class=\"wp-block-image size-full\"><a href=\"https:\/\/redsemlac.com\/semmexico\/wp-content\/uploads\/2024\/02\/inti2.jpg\"><img loading=\"lazy\" decoding=\"async\" width=\"593\" height=\"321\" src=\"https:\/\/redsemlac.com\/semmexico\/wp-content\/uploads\/2024\/02\/inti2.jpg\" alt=\"\" class=\"wp-image-77858\"\/><\/a><\/figure>\n\n\n\n<p class=\"wp-block-paragraph\">El Panel 1, que ser\u00e1 moderado por la comisionada ciudadana Marina San Mart\u00edn Rebolloso, se denominar\u00e1 \u201cEmpoderarnos a trav\u00e9s de la informaci\u00f3n\u201d; el Panel 2 ser\u00e1 moderado por la comisionada ciudadana Mar\u00eda del Carmen Nava Polina y llevar\u00e1 por nombre \u201cDerecho a saber para impulsar un sistema de cuidados\u201d; y, por \u00faltimo, el Panel 3 tendr\u00e1 la moderaci\u00f3n de la Comisionada Ciudadana Laura Lizette Enr\u00edquez Rodr\u00edguez, bajo el tema \u201cEmpoderarnos a trav\u00e9s del acceso a nuestros datos personales: expediente cl\u00ednico\u201d.<\/p>\n\n\n\n<p class=\"wp-block-paragraph\">Para este a\u00f1o, ONU Mujeres conmemorar\u00e1 el 8 de marzo bajo el lema \u201cFinanciar los derechos de las mujeres: acelerar la igualdad\u201d, ya que -considera- que uno de los principales obst\u00e1culos para\u202f2030\u202fes \u201cla\u202falarmante falta de financiamiento,\u202fcon un abrumador d\u00e9ficit anual de 360.000 millones de d\u00f3lares, en las medidas destinadas a alcanzar la igualdad de g\u00e9nero\u201d. \u202f\u202f<\/p>\n\n\n\n<p class=\"wp-block-paragraph\">\u201cEl tiempo se acaba. La igualdad de g\u00e9nero sigue siendo el mayor reto en materia de derechos humanos. Invertir en pol\u00edticas para avanzar la igualdad de g\u00e9nero es un imperativo desde la perspectiva de derechos humanos y la piedra angular para crear sociedades inclusivas. Los avances para las mujeres benefician a todas las personas en todo el mundo\u201d, puntualiza ONU Mujeres.<\/p>\n\n\n\n<p class=\"wp-block-paragraph\">El Foro: \u201c\u00a1Con m\u00e1s informaci\u00f3n, m\u00e1s voz! Estrategias para romper brechas de g\u00e9nero\u201d podr\u00e1 seguirse por las diferentes redes sociales del Instituto de Transparencia de la Ciudad de M\u00e9xico.<\/p>\n\n\n\n<p class=\"wp-block-paragraph\">@InfoCdMex&nbsp; <a href=\"http:\/\/www.infodf.org.mx\/\">http:\/\/www.infodf.org.mx\/<\/a><\/p>\n\n\n\n<figure class=\"wp-block-image size-full\"><a href=\"https:\/\/redsemlac.com\/semmexico\/wp-content\/uploads\/2024\/02\/inti3.jpg\"><img loading=\"lazy\" decoding=\"async\" width=\"873\" height=\"491\" src=\"https:\/\/redsemlac.com\/semmexico\/wp-content\/uploads\/2024\/02\/inti3.jpg\" alt=\"\" class=\"wp-image-77859\"\/><\/a><\/figure>\n","protected":false},"excerpt":{"rendered":"<p>Las comisionadas realizar\u00e1n foro: \u201c\u00a1CON M\u00c1S INFORMACI\u00d3N, M\u00c1S VOZ! Estrategias para romper brechas de g\u00e9nero\u00bb.<\/p>\n","protected":false},"author":3,"featured_media":77860,"comment_status":"open","ping_status":"open","sticky":false,"template":"","format":"standard","meta":{"_monsterinsights_skip_tracking":false,"footnotes":""},"categories":[205],"tags":[149],"class_list":["post-77857","post","type-post","status-publish","format-standard","has-post-thumbnail","category-8-de-marzo","tag-mujeres"],"_links":{"self":[{"href":"https:\/\/redsemlac.com\/semmexico\/wp-json\/wp\/v2\/posts\/77857","targetHints":{"allow":["GET"]}}],"collection":[{"href":"https:\/\/redsemlac.com\/semmexico\/wp-json\/wp\/v2\/posts"}],"about":[{"href":"https:\/\/redsemlac.com\/semmexico\/wp-json\/wp\/v2\/types\/post"}],"author":[{"embeddable":true,"href":"https:\/\/redsemlac.com\/semmexico\/wp-json\/wp\/v2\/users\/3"}],"replies":[{"embeddable":true,"href":"https:\/\/redsemlac.com\/semmexico\/wp-json\/wp\/v2\/comments?post=77857"}],"version-history":[{"count":0,"href":"https:\/\/redsemlac.com\/semmexico\/wp-json\/wp\/v2\/posts\/77857\/revisions"}],"wp:featuredmedia":[{"embeddable":true,"href":"https:\/\/redsemlac.com\/semmexico\/wp-json\/wp\/v2\/media\/77860"}],"wp:attachment":[{"href":"https:\/\/redsemlac.com\/semmexico\/wp-json\/wp\/v2\/media?parent=77857"}],"wp:term":[{"taxonomy":"category","embeddable":true,"href":"https:\/\/redsemlac.com\/semmexico\/wp-json\/wp\/v2\/categories?post=77857"},{"taxonomy":"post_tag","embeddable":true,"href":"https:\/\/redsemlac.com\/semmexico\/wp-json\/wp\/v2\/tags?post=77857"}],"curies":[{"name":"wp","href":"https:\/\/api.w.org\/{rel}","templated":true}]}}