{"id":77796,"date":"2024-02-26T14:38:43","date_gmt":"2024-02-26T20:38:43","guid":{"rendered":"https:\/\/redsemlac.com\/semmexico\/?p=77796"},"modified":"2024-02-26T14:38:43","modified_gmt":"2024-02-26T20:38:43","slug":"la-unam-y-la-scjn-suman-esfuerzos-contra-la-trata-de-personas","status":"publish","type":"post","link":"https:\/\/redsemlac.com\/semmexico\/la-unam-y-la-scjn-suman-esfuerzos-contra-la-trata-de-personas\/","title":{"rendered":"La UNAM y la SCJN suman esfuerzos contra la trata de personas"},"content":{"rendered":"\n<ul class=\"wp-block-list\">\n<li><strong>Presentan el Manual sobre Trata de Personas, elaborado por expertos universitarios para apoyar la labor de jueces y magistrados.<\/strong><\/li>\n<\/ul>\n\n\n\n<ul class=\"wp-block-list\">\n<li><strong>Incluye mejores herramientas para combatir uno de los delitos graves y que m\u00e1s violenta las garant\u00edas individuales.<\/strong><\/li>\n<\/ul>\n\n\n\n<p class=\"wp-block-paragraph\"><strong>Redacci\u00f3n<\/strong><\/p>\n\n\n\n<p class=\"wp-block-paragraph\">SemM\u00e9xico\/Noticias UNAM, Ciudad de M\u00e9xico, 26 de febrero, 2024.- A solicitud de la Suprema Corte de Justicia de la Naci\u00f3n (SCJN), la Universidad Nacional Aut\u00f3noma de M\u00e9xico (UNAM) elabor\u00f3 el Manual sobre Trata de Personas, a fin de que el sistema de justicia de nuestro pa\u00eds cuente con mejores herramientas jur\u00eddicas y cient\u00edficas que permitan abatir este flagelo que representa una de las violaciones m\u00e1s graves a los derechos humanos.<\/p>\n\n\n\n<p class=\"wp-block-paragraph\">Fue elaborado por la Catedra Extraordinaria sobre Trata de Personas, que coordina Mario Luis Fuentes Alcal\u00e1, investigador del Programa Universitario de Estudios del Desarrollo, y ser\u00e1 motivo de reflexi\u00f3n y an\u00e1lisis durante el Seminario Permanente sobre Violaciones Graves a los Derechos Humanos: di\u00e1logos en torno al Manual sobre Trata de Personas.<\/p>\n\n\n\n<p class=\"wp-block-paragraph\">Al respecto, la directora del Instituto de Investigaciones Jur\u00eddicas de la UNAM, M\u00f3nica Gonz\u00e1lez Contr\u00f3, al inaugurar los trabajos del Seminario subray\u00f3 la importancia de estrechar los lazos de cooperaci\u00f3n con la SCJN para generar este material y abrir espacios acad\u00e9micos para la discusi\u00f3n en torno a este complejo fen\u00f3meno.<\/p>\n\n\n\n<p class=\"wp-block-paragraph\">\u201cEste Seminario es una muestra muy importante sobre c\u00f3mo debe constituirse una colaboraci\u00f3n entre la academia y los \u00f3rganos encargados de impartir justicia, para dar respuesta a los enormes desaf\u00edos que nos presenta nuestra realidad, como es la trata de personas\u201d, apunt\u00f3.<\/p>\n\n\n\n<p class=\"wp-block-paragraph\">Este problema involucra el traslado de personas -a trav\u00e9s de varios pa\u00edses- y representa desaf\u00edos sustanciales en cuanto a su detecci\u00f3n; es una transgresi\u00f3n que se comete a la sombra, en la cual las v\u00edctimas est\u00e1n amenazadas y es dif\u00edcil que denuncien, precisamente porque implica su subordinaci\u00f3n ante quien comete el delito.<\/p>\n\n\n\n<p class=\"wp-block-paragraph\">Al hacer uso de la palabra, la titular de la Unidad General de Conocimiento Cient\u00edfico y Derechos Humanos de la SCJN, Alejandra Rabasa Salinas, resalt\u00f3 el orgullo que representa participar con la UNAM y con sus instituciones para acercar el conocimiento y una visi\u00f3n interdisciplinaria a la Judicatura Federal y a la toma de decisiones en el sistema de justicia.<\/p>\n\n\n\n<p class=\"wp-block-paragraph\">Definitivamente, como se demuestra en este Manual que tenemos el orgullo de presentar, este crimen requiere de esa manera de abordarlo y de un di\u00e1logo abierto entre las distintas disciplinas para entender este fen\u00f3meno tan complejo y que tiene vertientes, las cuales requieren de la colaboraci\u00f3n de todas aquellas instituciones que se relacionan con la agenda de seguridad p\u00fablica, pero tambi\u00e9n con la de procuraci\u00f3n e impartici\u00f3n de justicia, argument\u00f3.<\/p>\n\n\n\n<p class=\"wp-block-paragraph\">Rabasa Salinas dijo que este acto es una oportunidad inmejorable para abrir el di\u00e1logo y la discusi\u00f3n entre academia, Judicatura y sociedad civil para escuchar propuestas encaminadas a poner un freno a este grave asunto.<\/p>\n\n\n\n<p class=\"wp-block-paragraph\">Consider\u00f3 que no puede atenderse de manera segmentada, toda vez que, casi siempre, cuando llega al \u00e1mbito de la Judicatura, trae detr\u00e1s una serie de estrategias fallidas en donde se incluyen los delitos asociados y los factores de vulnerabilidad de las v\u00edctimas.<\/p>\n\n\n\n<p class=\"wp-block-paragraph\">Cuando el tema llega a la Judicatura como m\u00e1xima instancia de impartici\u00f3n de justicia, es porque atr\u00e1s hay una serie de instituciones y mecanismos de prevenci\u00f3n que han fallado y que terminan reforzando el delito y las problem\u00e1ticas conexas que genera la trata de personas, enfatiz\u00f3.<\/p>\n\n\n\n<p class=\"wp-block-paragraph\">La mirada de la Judicatura Federal tiene que ser capaz de dimensionar la complejidad del di\u00e1logo entre disciplinas que deben juntarse para comprender este fen\u00f3meno y, sobre todo, para escuchar claramente los problemas de los afectados, entender qui\u00e9nes son, adem\u00e1s de saber c\u00f3mo puede prevenirse el il\u00edcito.<\/p>\n\n\n\n<p class=\"wp-block-paragraph\">\u201cQue la justicia tenga tambi\u00e9n un car\u00e1cter disuasivo, con mecanismos de prevenci\u00f3n que atiendan los factores estructurales que se conjuntan para que exista la trata de personas, y se analice con una mirada interseccional en todo momento\u201d, manifest\u00f3.<\/p>\n\n\n\n<h2 class=\"wp-block-heading\"><strong>Efectiva impartici\u00f3n de justicia<\/strong><\/h2>\n\n\n\n<p class=\"wp-block-paragraph\">En su oportunidad, Fuentes Alcal\u00e1, titular de la C\u00e1tedra Extraordinaria Trata de Personas, de la UNAM, detall\u00f3 que el Manual busca constituirse en un instrumento did\u00e1ctico para fortalecer la labor judicial; debe estar abierto al di\u00e1logo y a una revisi\u00f3n cr\u00edtica sobre la manera en que se imparte justicia en nuestro pa\u00eds.<\/p>\n\n\n\n<p class=\"wp-block-paragraph\">\u201cEl documento, como todo manual, debe someterse a discusi\u00f3n y a una constante actualizaci\u00f3n con las aportaciones de los especialistas interesados, con la idea de que se convierta en una valiosa herramienta que complemente la reflexi\u00f3n de los que imparten justicia y permita encontrar respuestas a c\u00f3mo detenemos las violencias\u201d, indic\u00f3.<\/p>\n\n\n\n<p class=\"wp-block-paragraph\">Detr\u00e1s de este, continu\u00f3, hay una obsesiva convicci\u00f3n de que una efectiva impartici\u00f3n de justicia es el instrumento por excelencia para romper con el ciclo de agresiones.<\/p>\n\n\n\n<p class=\"wp-block-paragraph\">Fuentes Alcal\u00e1 consider\u00f3 que como parte de las discusiones tambi\u00e9n se debe trascender el lenguaje jur\u00eddico de quienes imparten justicia y utilizan conceptos y t\u00e9rminos espec\u00edficos. Los lenguajes de las ciencias profundizan, pero tambi\u00e9n a\u00edslan; por eso es importante sumar todos y las visiones posibles, incluida la ciencia pol\u00edtica o la filosof\u00eda cr\u00edtica que conlleva a una reflexi\u00f3n social.<\/p>\n\n\n\n<p class=\"wp-block-paragraph\">Se requiere de una visi\u00f3n m\u00e1s amplia que ayude a comprender a todos, la urgencia de detener las violencias extremas llamadas trata de personas, afirm\u00f3.<\/p>\n\n\n\n<p class=\"wp-block-paragraph\">El Manual sobre Trata de Personas consta de ocho cap\u00edtulos; fue elaborado con las aportaciones de 13 investigadores universitarios especialistas en la materia.<\/p>\n","protected":false},"excerpt":{"rendered":"<p>Presentan el Manual sobre Trata de Personas, elaborado por expertos universitarios para apoyar la labor de jueces y magistrados.<\/p>\n","protected":false},"author":3,"featured_media":77797,"comment_status":"open","ping_status":"open","sticky":false,"template":"","format":"standard","meta":{"_monsterinsights_skip_tracking":false,"footnotes":""},"categories":[682],"tags":[],"class_list":["post-77796","post","type-post","status-publish","format-standard","has-post-thumbnail","category-noticias"],"_links":{"self":[{"href":"https:\/\/redsemlac.com\/semmexico\/wp-json\/wp\/v2\/posts\/77796","targetHints":{"allow":["GET"]}}],"collection":[{"href":"https:\/\/redsemlac.com\/semmexico\/wp-json\/wp\/v2\/posts"}],"about":[{"href":"https:\/\/redsemlac.com\/semmexico\/wp-json\/wp\/v2\/types\/post"}],"author":[{"embeddable":true,"href":"https:\/\/redsemlac.com\/semmexico\/wp-json\/wp\/v2\/users\/3"}],"replies":[{"embeddable":true,"href":"https:\/\/redsemlac.com\/semmexico\/wp-json\/wp\/v2\/comments?post=77796"}],"version-history":[{"count":0,"href":"https:\/\/redsemlac.com\/semmexico\/wp-json\/wp\/v2\/posts\/77796\/revisions"}],"wp:featuredmedia":[{"embeddable":true,"href":"https:\/\/redsemlac.com\/semmexico\/wp-json\/wp\/v2\/media\/77797"}],"wp:attachment":[{"href":"https:\/\/redsemlac.com\/semmexico\/wp-json\/wp\/v2\/media?parent=77796"}],"wp:term":[{"taxonomy":"category","embeddable":true,"href":"https:\/\/redsemlac.com\/semmexico\/wp-json\/wp\/v2\/categories?post=77796"},{"taxonomy":"post_tag","embeddable":true,"href":"https:\/\/redsemlac.com\/semmexico\/wp-json\/wp\/v2\/tags?post=77796"}],"curies":[{"name":"wp","href":"https:\/\/api.w.org\/{rel}","templated":true}]}}