{"id":77793,"date":"2024-02-26T10:06:55","date_gmt":"2024-02-26T16:06:55","guid":{"rendered":"https:\/\/redsemlac.com\/semmexico\/?p=77793"},"modified":"2024-02-26T10:06:55","modified_gmt":"2024-02-26T16:06:55","slug":"los-capitales-nacionaliza-amlo-la-salinera-essa-se-indemniza-a-mitsubishi","status":"publish","type":"post","link":"https:\/\/redsemlac.com\/semmexico\/los-capitales-nacionaliza-amlo-la-salinera-essa-se-indemniza-a-mitsubishi\/","title":{"rendered":"Los Capitales| Nacionaliza AMLO la salinera ESSA; se indemniza a Mitsubishi"},"content":{"rendered":"\n<p class=\"wp-block-paragraph\"><strong>Edgar Gonz\u00e1lez Mart\u00ednez&nbsp;<\/strong><strong><\/strong><\/p>\n\n\n\n<p class=\"wp-block-paragraph\">SemM\u00e9xico, Ciudad de M\u00e9xico, 26 de febrero, 2024.- La nacionalizaci\u00f3n de la Exportadora de Sal (ESSA), esto es, la salinera ubicada en Guerrero Negro, en Baja California, era uno de los asuntos pendientes del gobierno actual para que los beneficios de esa empresa, -una de las m\u00e1s grandes del mundo-,&nbsp;generados por nuestros recursos naturales, se queden en nuestro pa\u00eds y se aprovechen para el bienestar del pueblo de M\u00e9xico.<\/p>\n\n\n\n<p class=\"wp-block-paragraph\">\u201cESSA, hasta hoy era una empresa con participaci\u00f3n estatal mayoritaria con el 51 por ciento y el resto pertenec\u00eda a la empresa Mitsubishi\u201d. Para la adquisici\u00f3n de las acciones de Mitsubishi se invirtieron mil 500 millones de pesos; con una participaci\u00f3n final del 25 por ciento del Servicio Geol\u00f3gico Mexicano y del 75 por ciento por parte del Fideicomiso de Fomento Minero, ESSA cuenta con la salina m\u00e1s grande del mundo, con una producci\u00f3n superior a 8 millones de toneladas anuales y una alta calidad de sal, capaz de abastecer la industria de la regi\u00f3n Asia-Pac\u00edfico y costa este de Am\u00e9rica del Norte, adem\u00e1s de la capacidad para recibir y cargar barcos de hasta 180 mil toneladas.<\/p>\n\n\n\n<p class=\"wp-block-paragraph\">Nuestro pa\u00eds, indic\u00f3 el presidente Andr\u00e9s Manuel L\u00f3pez Obrador, se encuentra en el s\u00e9ptimo lugar a nivel mundial, con una producci\u00f3n de sal de 8.7 toneladas m\u00e9tricas y, junto con Chile, son los principales productores de Am\u00e9rica Latina. Adem\u00e1s, afirm\u00f3 que la sal es un insumo importante en industrias como la farmac\u00e9utica, textil, qu\u00edmica, construcci\u00f3n y petroqu\u00edmica, por lo que es un recurso muy importante en la nueva pol\u00edtica industrial de M\u00e9xico.<\/p>\n\n\n\n<p class=\"wp-block-paragraph\">Asimismo, se envi\u00f3 un mensaje a los trabajadores de Exportadora de Sal, donde asegur\u00f3 que estar\u00e1n garantizados sus derechos y puestos laborales y que seguir\u00e1n trabajando de la mano por el futuro de M\u00e9xico.<\/p>\n\n\n\n<p class=\"wp-block-paragraph\">La ESSA, no es solo una empresa, es tambi\u00e9n una comunidad. Y con un manejo honesto y responsable de ella se impulsar\u00e1 la econom\u00eda local para el bienestar de la poblaci\u00f3n de Guerrero Negro y municipios aleda\u00f1os, con un crecimiento econ\u00f3mico sostenible y equitativo.<\/p>\n\n\n\n<h2 class=\"wp-block-heading\"><strong>Los \u201cvaivenes\u201d de la Cuenta corriente de M\u00e9xico<\/strong><strong><\/strong><\/h2>\n\n\n\n<p class=\"wp-block-paragraph\">Despu\u00e9s de haber registrado un d\u00e9ficit de 17.7 mil millones de USD en 2022, la cuenta corriente mostr\u00f3 un d\u00e9ficit de 5.7 mil millones de USD en 2023 En t\u00e9rminos de PIB, el d\u00e9ficit de cuenta corriente se ubic\u00f3 en 0.5 %.<\/p>\n\n\n\n<p class=\"wp-block-paragraph\">La informaci\u00f3n correspondiente al cuarto trimestre de 2023 indica que la cuenta corriente registr\u00f3 un super\u00e1vit de 11.7 mil millones de USD, cuya cifra anualizada equivaldr\u00eda a 2.46 % del PIB. Para 2024 prevemos que la cuenta corriente muestre un d\u00e9ficit de aproximadamente 12.0 mil millones de USD (0.7 % del PIB).<\/p>\n\n\n\n<p class=\"wp-block-paragraph\">Al analizar el comportamiento de la cuenta corriente correspondiente al cuarto trimestre de 2023, esta registr\u00f3 un mayor super\u00e1vit que en el tercer trimestre de 2023.<\/p>\n\n\n\n<p class=\"wp-block-paragraph\">Ello se explica principalmente por el mayor super\u00e1vit en la balanza de mercanc\u00edas no petroleras y, en segunda instancia, por el menor d\u00e9ficit en la balanza de servicios.&nbsp;Cuando comparamos el comportamiento de la cuenta corriente durante el cuarto trimestre de 2023 vs. el mismo lapso del a\u00f1o previo, podemos notar que en esta ocasi\u00f3n se registr\u00f3 un mayor super\u00e1vit debido principalmente al menor d\u00e9ficit en la balanza de mercanc\u00edas petroleras y, en segundo lugar, al menor d\u00e9ficit en la balanza del ingreso primario.<\/p>\n\n\n\n<p class=\"wp-block-paragraph\">Por su parte, la balanza de mercanc\u00edas no petroleras del cuarto trimestre de 2023 fue 6,528 millones de d\u00f3lares vs. 5,651 millones de d\u00f3lares en el cuarto trimestre de 2022.&nbsp; &nbsp; &nbsp; &nbsp;<\/p>\n\n\n\n<p class=\"wp-block-paragraph\">En relaci\u00f3n con la Inversi\u00f3n Extranjera Directa Neta (IEDN), este indicador registr\u00f3 29,629 millones de USD en 2023 vs. 22,443 millones de USD en 2022 (cifra preliminar). Es decir, la IEDN mostr\u00f3 un incremento anual de 32.0 %. Si bien ser\u00e1 necesario esperar un tiempo para conocer las cifras definitivas de la IEDN correspondientes a 2023, este indicador muestra que contin\u00faan los beneficios de la integraci\u00f3n a las cadenas globales de valor.<\/p>\n\n\n\n<p class=\"wp-block-paragraph\">Cabe destacar que la balanza comercial no hab\u00eda registrado un super\u00e1vit desde el segundo trimestre de 2021. Dado el hecho estilizado de que la balanza comercial muestra un comportamiento contrac\u00edclico, el super\u00e1vit comercial del cuarto trimestre de 2023 es otro indicador que sugiere que la econom\u00eda mexicana fren\u00f3 su ritmo de crecimiento a finales del a\u00f1o pasado. Anticipamos que la balanza comercial muestre un menor d\u00e9ficit en 2024 en relaci\u00f3n al observado el a\u00f1o pasado (0.3 % del PIB) ante la expectativa de un crecimiento econ\u00f3mico de 2.5 % para 2024 vs. 3.2 % en 2023.<\/p>\n\n\n\n<p class=\"wp-block-paragraph\">Para que el pa\u00eds pueda maximizar los beneficios econ\u00f3micos del&nbsp;<em>nearshoring<\/em>&nbsp;en el mediano y largo plazo, se recomienda que el siguiente gobierno federal invierta en infraestructura y fomente la IED en energ\u00edas renovables, veh\u00edculos el\u00e9ctricos y tecnolog\u00edas de la informaci\u00f3n.&nbsp;<\/p>\n\n\n\n<h2 class=\"wp-block-heading\"><strong>Banqueros felicitan a Elisa de Anda Madrazo por su participaci\u00f3n en el GAFI<\/strong><strong><\/strong><\/h2>\n\n\n\n<p class=\"wp-block-paragraph\">La Asociaci\u00f3n de Bancos de M\u00e9xico (ABM) felicita a&nbsp;Elisa de Anda Madrazo&nbsp;por su nombramiento como presidenta del&nbsp;Grupo de Acci\u00f3n Financiera Internacional (GAFI),&nbsp;para el periodo julio de 2024 &#8211; junio de 2026, en representaci\u00f3n de M\u00e9xico.<\/p>\n\n\n\n<p class=\"wp-block-paragraph\">El GAFI es la principal organizaci\u00f3n internacional de prevenci\u00f3n y combate al lavado de dinero y otros delitos financieros. Establece los est\u00e1ndares que se espera adopten todos los pa\u00edses, sus autoridades, instituciones financieras y otros sectores relevantes, y eval\u00faa el cumplimiento de \u00e9stos.<\/p>\n\n\n\n<p class=\"wp-block-paragraph\">De Anda Madrazo, actual servidora p\u00fablica de la Secretar\u00eda de Hacienda y Cr\u00e9dito P\u00fablico (SHCP), cuenta con una importante trayectoria como representante de M\u00e9xico ante el GAFI desde 2015, ocupando distintos encargos, incluyendo el de vicepresidenta.<\/p>\n\n\n\n<p class=\"wp-block-paragraph\"><a href=\"mailto:loscapitales@yahoo.com.mx\" target=\"_blank\" rel=\"noreferrer noopener\">loscapitales@yahoo.com.mx<\/a><\/p>\n\n\n\n<p class=\"wp-block-paragraph\"><a href=\"http:\/\/www.agendadeinversiones.com.mx\/\" target=\"_blank\" rel=\"noreferrer noopener\">www.agendadeinversiones.com.mx<\/a><\/p>\n\n\n\n<p class=\"wp-block-paragraph\">Twiter: @Edgar4712<\/p>\n","protected":false},"excerpt":{"rendered":"<p>La salinera ubicada en Guerrero Negro, en Baja California, es una de las m\u00e1s grandes del mundo.<\/p>\n","protected":false},"author":3,"featured_media":75979,"comment_status":"open","ping_status":"open","sticky":false,"template":"","format":"standard","meta":{"_monsterinsights_skip_tracking":false,"footnotes":""},"categories":[750,35],"tags":[459],"class_list":["post-77793","post","type-post","status-publish","format-standard","has-post-thumbnail","category-edgar-gonzalez-martinez","category-opinion","tag-opinion"],"_links":{"self":[{"href":"https:\/\/redsemlac.com\/semmexico\/wp-json\/wp\/v2\/posts\/77793","targetHints":{"allow":["GET"]}}],"collection":[{"href":"https:\/\/redsemlac.com\/semmexico\/wp-json\/wp\/v2\/posts"}],"about":[{"href":"https:\/\/redsemlac.com\/semmexico\/wp-json\/wp\/v2\/types\/post"}],"author":[{"embeddable":true,"href":"https:\/\/redsemlac.com\/semmexico\/wp-json\/wp\/v2\/users\/3"}],"replies":[{"embeddable":true,"href":"https:\/\/redsemlac.com\/semmexico\/wp-json\/wp\/v2\/comments?post=77793"}],"version-history":[{"count":0,"href":"https:\/\/redsemlac.com\/semmexico\/wp-json\/wp\/v2\/posts\/77793\/revisions"}],"wp:featuredmedia":[{"embeddable":true,"href":"https:\/\/redsemlac.com\/semmexico\/wp-json\/wp\/v2\/media\/75979"}],"wp:attachment":[{"href":"https:\/\/redsemlac.com\/semmexico\/wp-json\/wp\/v2\/media?parent=77793"}],"wp:term":[{"taxonomy":"category","embeddable":true,"href":"https:\/\/redsemlac.com\/semmexico\/wp-json\/wp\/v2\/categories?post=77793"},{"taxonomy":"post_tag","embeddable":true,"href":"https:\/\/redsemlac.com\/semmexico\/wp-json\/wp\/v2\/tags?post=77793"}],"curies":[{"name":"wp","href":"https:\/\/api.w.org\/{rel}","templated":true}]}}