{"id":77789,"date":"2024-02-26T09:39:14","date_gmt":"2024-02-26T15:39:14","guid":{"rendered":"https:\/\/redsemlac.com\/semmexico\/?p=77789"},"modified":"2024-02-26T09:39:14","modified_gmt":"2024-02-26T15:39:14","slug":"en-el-conflicto-rusia-ucrania-sin-solucion-a-corto-plazo-donde-sufren-especialmente-70-por-ciento-infancia-y-mujeres","status":"publish","type":"post","link":"https:\/\/redsemlac.com\/semmexico\/en-el-conflicto-rusia-ucrania-sin-solucion-a-corto-plazo-donde-sufren-especialmente-70-por-ciento-infancia-y-mujeres\/","title":{"rendered":"En el conflicto Rusia-Ucrania, sin soluci\u00f3n a corto plazo, donde sufren especialmente 70 por ciento infancia y mujeres"},"content":{"rendered":"\n<ul class=\"wp-block-list\">\n<li><strong>Resistencia factor para una eventual salida: David N\u00e1jera Rivas; para Luis Huacuja Acevedo el desgaste es generalizado.<\/strong><\/li>\n<\/ul>\n\n\n\n<ul class=\"wp-block-list\">\n<li><strong>Jos\u00e9 Joel Pe\u00f1a Llanes: 2024 ser\u00e1 clave para determinar el fin de esta \u201cguerra de agresi\u00f3n\u201d; en juego el futuro de la geopol\u00edtica europea: D\u00e1maso Morales Ram\u00edrez.<\/strong><\/li>\n<\/ul>\n\n\n\n<p class=\"wp-block-paragraph\"><strong>Redacci\u00f3n<\/strong><\/p>\n\n\n\n<p class=\"wp-block-paragraph\">SemM\u00e9xico\/Noticias UNAM, Ciudad de M\u00e9xico, 26 de febrero, 2024.- Para el conflicto entre Rusia y Ucrania, que cumple dos a\u00f1os, no se ve una salida pr\u00f3xima y es posible que se prolongue de manera indefinida, coincidieron en se\u00f1alar expertos de la Facultad de Ciencias Pol\u00edticas y Sociales y de la Facultad de Estudios Superiores Acatl\u00e1n, de la UNAM.<\/p>\n\n\n\n<p class=\"wp-block-paragraph\">Destacan como principal crisis humanitaria lo que viven y sufren en la poblaci\u00f3n, 70 por ciento ni\u00f1ez y mujeres, en medios de un silencio preocupante.<\/p>\n\n\n\n<p class=\"wp-block-paragraph\">En la mesa redonda Ucrania a dos a\u00f1os de la invasi\u00f3n. \u00bfQu\u00e9 viene a futuro?, el embajador David N\u00e1jera Rivas refiri\u00f3 que esta es una guerra de desgaste. La apuesta es cu\u00e1nto aguantar\u00eda cada una de las partes a mediano y largo plazo; ese factor es lo que le puede dar una eventual salida.<\/p>\n\n\n\n<p class=\"wp-block-paragraph\">Ahora, recalc\u00f3 el presidente de la mesa directiva de la Asociaci\u00f3n del Servicio Exterior Mexicano, no existen esas condiciones; en los pr\u00f3ximos meses la posibilidad de negociar vendr\u00e1 m\u00e1s por el desgaste que por los triunfos o derrotas militares, porque el apoyo pol\u00edtico en occidente vaya debilit\u00e1ndose y los costos econ\u00f3micos y la presi\u00f3n social sigan creciendo.<\/p>\n\n\n\n<p class=\"wp-block-paragraph\">Del lado ucraniano, detall\u00f3 el diplom\u00e1tico de carrera, no llegan los recursos; la situaci\u00f3n ha perdido respaldo p\u00fablico en el resto de Europa y las sociedades ya no ven con tanta simpat\u00eda aportar dinero para esta lucha, porque los efectos en sus propias econom\u00edas han sido dif\u00edciles, con inflaci\u00f3n y aumento en el costo de la energ\u00eda y alimentos.<\/p>\n\n\n\n<p class=\"wp-block-paragraph\">Los gobiernos nacionales van a anteponer la estabilidad de sus sistemas pol\u00edticos, sus partidos en el poder, etc\u00e9tera, antes que seguir brindando apoyo a Ucrania; esa es una clara apuesta de Putin y tiene el tiempo a su favor, abund\u00f3 N\u00e1jera Rivas.<\/p>\n\n\n\n<p class=\"wp-block-paragraph\">En tanto, para los rusos ha resultado ineficiente la venta de petr\u00f3leo y gas, sobre todo a la India, que los ha comprado a menores precios que los usuales y los ha pagado en rupias, cuando ellos necesitan d\u00f3lares o euros para comprar refacciones para su maquinaria b\u00e9lica y el mantenimiento de sus cadenas de producci\u00f3n. Ese tipo de presiones, de ambos lados, llevar\u00eda a encontrar una negociaci\u00f3n. \u201cVemos un desgaste creciente de las dos partes\u201d, argument\u00f3.<\/p>\n\n\n\n<p class=\"wp-block-paragraph\">El responsable del Programa de Estudios sobre la Uni\u00f3n Europea de la Facultad de Estudios Superiores Acatl\u00e1n, Luis Huacuja Acevedo, calific\u00f3 como complicado el panorama; no hay una salida a la vista y es posible que se alargue indefinidamente.<\/p>\n\n\n\n<p class=\"wp-block-paragraph\">La situaci\u00f3n se puede prolongar, los m\u00e1s afectados ser\u00e1n las y los habitantes en Ucrania y la infraestructura, \u201ccon el costo de recuperaci\u00f3n que esto tiene\u201d; el desgaste es generalizado y ocasiona que el tema quede \u201cmedio abandonado\u201d, o que, por lo menos, ya no sea la prioridad que fue hace dos a\u00f1os.<\/p>\n\n\n\n<p class=\"wp-block-paragraph\">El experto mencion\u00f3 que este conflicto va m\u00e1s all\u00e1 del \u00e1mbito espacial ucraniano, a la confrontaci\u00f3n de modelos econ\u00f3micos y democr\u00e1ticos, al enfrentamiento entre Rusia y occidente.<\/p>\n\n\n\n<p class=\"wp-block-paragraph\">\u201cEl ascenso de la extrema derecha es un tema complicado y preocupante para la Uni\u00f3n Europea, porque no se sabe c\u00f3mo quedar\u00e1 configurada la Euroc\u00e1mara, y porque se trata de un term\u00f3metro para las elecciones que se avecinan en distintas partes del viejo continente\u201d.<\/p>\n\n\n\n<p class=\"wp-block-paragraph\">A este panorama, agreg\u00f3 en la sala Fernando Ben\u00edtez de la FCPyS, se suma la elecci\u00f3n presidencial en Estados Unidos, la posibilidad, cada vez mayor, de que Donald Trump regrese a la Casa Blanca, y el conflicto en Medio Oriente.<\/p>\n\n\n\n<p class=\"wp-block-paragraph\">La credibilidad de occidente se ve lastimada: ante las mismas acusaciones que se lanzan contra Rusia, de cr\u00edmenes de guerra, ataque a hospitales y escuelas, etc\u00e9tera, \u201cse calla cuando se trata de Israel en contra del pueblo palestino\u201d.<\/p>\n\n\n\n<p class=\"wp-block-paragraph\">Frente a cerca de 30 mil muertos, 70 por ciento de ellos ni\u00f1os y mujeres, seg\u00fan estimaciones, \u201cguarda silencio\u201d, recalc\u00f3 Huacuja Acevedo.<\/p>\n\n\n\n<p class=\"wp-block-paragraph\">De acuerdo con el experto de la FCyPS, Jos\u00e9 Joel Pe\u00f1a Llanes, esta pugna, que viola el derecho internacional y las garant\u00edas fundamentales de millones, no se avizora una soluci\u00f3n, al menos en el corto plazo.<\/p>\n\n\n\n<p class=\"wp-block-paragraph\">El universitario opin\u00f3 que 2024 ser\u00e1 una fecha clave que puede o no determinar el fin de esta \u201cguerra de agresi\u00f3n\u201d, por el resultado de las elecciones en la Uni\u00f3n Americana, el Parlamento Europeo, Rusia y Ucrania.<\/p>\n\n\n\n<p class=\"wp-block-paragraph\">Record\u00f3 que existe divisi\u00f3n marcada entre los pa\u00edses que apoyan a esta \u00faltima naci\u00f3n, censurando y sancionando a su contrincante en la guerra, y aquellos que est\u00e1n con los rusos.<\/p>\n\n\n\n<p class=\"wp-block-paragraph\">Es una segmentaci\u00f3n que parece cl\u00e1sica entre occidente y oriente, donde vemos a la Uni\u00f3n Europea claramente alineada con la posici\u00f3n de EUA, Canad\u00e1 y otros miembros de la OTAN, y un n\u00famero considerable de estados africanos, del medio oriente, del sureste asi\u00e1tico y tres latinoamericanos (Venezuela, Cuba y Nicaragua), que respaldan a la naci\u00f3n m\u00e1s extensa del mundo.<\/p>\n\n\n\n<p class=\"wp-block-paragraph\">Refiri\u00f3 que el principal respaldo de M\u00e9xico a Ucrania ha sido en el seno de la Organizaci\u00f3n de las Naciones Unidas, donde ha votado en favor de llamar a Rusia para establecer un cese al fuego, abrir corredores humanitarios y permitir que ucranianas y ucranianos se desplacen de su territorio o, por lo menos, se les garantice su seguridad.<\/p>\n\n\n\n<p class=\"wp-block-paragraph\">De igual manera, present\u00f3 una propuesta de paz ante la Asamblea General de ese organismo, que no prosper\u00f3, la cual refer\u00eda la vocaci\u00f3n pac\u00edfica del Estado mexicano. Empero, el Ejecutivo federal tambi\u00e9n ha mantenido cierta neutralidad y no ha condenado abiertamente la conflagraci\u00f3n, aludiendo al principio de pol\u00edtica exterior de no intervenci\u00f3n en asuntos de otros Estados, expuso Pe\u00f1a Llanes.&nbsp;<\/p>\n\n\n\n<p class=\"wp-block-paragraph\">El coordinador del Centro de Estudios Europeos de la FCyPS, D\u00e1maso Morales Ram\u00edrez, asever\u00f3 que Rusia pretend\u00eda que fuera un conflicto r\u00e1pido, pero no ha sido as\u00ed, porque su contrincante fortaleci\u00f3 sus capacidades militares y de inteligencia. \u201cPor momentos caen ciudades ucranianas, pero son rescatadas\u201d; la situaci\u00f3n es cambiante.<\/p>\n\n\n\n<p class=\"wp-block-paragraph\">A ello se suman otros factores, precis\u00f3 el moderador de la sesi\u00f3n, como el posible regreso de Donald Trump a la presidencia y los cambios en el alto comando ucraniano. Adem\u00e1s, ante el conflicto en Medio Oriente parecer\u00eda que lo que ocurre en Ucrania se ha desdibujado. Lo cierto es que el problema sigue vivo y tiene que ver con el futuro de la geopol\u00edtica europea.<\/p>\n","protected":false},"excerpt":{"rendered":"<p>Jos\u00e9 Joel Pe\u00f1a Llanes: 2024 ser\u00e1 clave para determinar el fin de esta \u201cguerra de agresi\u00f3n\u201d; en juego el futuro de la geopol\u00edtica europea: D\u00e1maso Morales Ram\u00edrez.<\/p>\n","protected":false},"author":3,"featured_media":77790,"comment_status":"open","ping_status":"open","sticky":false,"template":"","format":"standard","meta":{"_monsterinsights_skip_tracking":false,"footnotes":""},"categories":[53],"tags":[],"class_list":["post-77789","post","type-post","status-publish","format-standard","has-post-thumbnail","category-internacional"],"_links":{"self":[{"href":"https:\/\/redsemlac.com\/semmexico\/wp-json\/wp\/v2\/posts\/77789","targetHints":{"allow":["GET"]}}],"collection":[{"href":"https:\/\/redsemlac.com\/semmexico\/wp-json\/wp\/v2\/posts"}],"about":[{"href":"https:\/\/redsemlac.com\/semmexico\/wp-json\/wp\/v2\/types\/post"}],"author":[{"embeddable":true,"href":"https:\/\/redsemlac.com\/semmexico\/wp-json\/wp\/v2\/users\/3"}],"replies":[{"embeddable":true,"href":"https:\/\/redsemlac.com\/semmexico\/wp-json\/wp\/v2\/comments?post=77789"}],"version-history":[{"count":0,"href":"https:\/\/redsemlac.com\/semmexico\/wp-json\/wp\/v2\/posts\/77789\/revisions"}],"wp:featuredmedia":[{"embeddable":true,"href":"https:\/\/redsemlac.com\/semmexico\/wp-json\/wp\/v2\/media\/77790"}],"wp:attachment":[{"href":"https:\/\/redsemlac.com\/semmexico\/wp-json\/wp\/v2\/media?parent=77789"}],"wp:term":[{"taxonomy":"category","embeddable":true,"href":"https:\/\/redsemlac.com\/semmexico\/wp-json\/wp\/v2\/categories?post=77789"},{"taxonomy":"post_tag","embeddable":true,"href":"https:\/\/redsemlac.com\/semmexico\/wp-json\/wp\/v2\/tags?post=77789"}],"curies":[{"name":"wp","href":"https:\/\/api.w.org\/{rel}","templated":true}]}}