{"id":7772,"date":"2018-08-02T19:58:54","date_gmt":"2018-08-02T19:58:54","guid":{"rendered":"https:\/\/redsemlac.com\/semmexico\/?p=7772"},"modified":"2023-07-21T14:32:47","modified_gmt":"2023-07-21T19:32:47","slug":"amlo-ya-hace-historia-rompe-moldes-y-protocolos","status":"publish","type":"post","link":"https:\/\/redsemlac.com\/semmexico\/amlo-ya-hace-historia-rompe-moldes-y-protocolos\/","title":{"rendered":"AMLO ya hace historia; rompe moldes y protocolos"},"content":{"rendered":"\n<p class=\"wp-block-paragraph\">Pe\u00f1a, \u00bfsu mandadero?<\/p>\n\n\n\n<h5 class=\"wp-block-heading\"> Buend\u00eda y Camarena, sus sangres manchan las manos de Bartlett<\/h5>\n\n\n\n<p class=\"wp-block-paragraph\"><a href=\"https:\/\/semmexico.com\/gallery-post.php?id=5458#\">Martha Elba Torres<\/a><\/p>\n\n\n\n<p class=\"wp-block-paragraph\">SemM\u00e9xico. Morelia. 2 de agosto de 2018.-&nbsp;A poquito m\u00e1s de un mes de las elecciones que le dieron el triunfo, sin la constancia de mayor\u00eda que lo declarar\u00e1 \u2013entonces s\u00ed- como Presidente electo y que se retrasa por culpa del PES, y todav\u00eda tener que esperar largos cuatro meses para tomar ocupar el cargo, una o uno se puede dar una idea del estado mental y emocional de Andr\u00e9s Manuel L\u00f3pez Obrador.<\/p>\n\n\n\n<p class=\"wp-block-paragraph\">Est\u00e1 angustiado, desesperado por concretar ya, algo del montonal de promesas de campa\u00f1a, pero los plazos legales son eso y no se pueden alterar. As\u00ed que, como siempre, ha optado por la f\u00e1cil: romper todas las formas pol\u00edticas y asumirse &nbsp;ya como Presidente. Al grado de decirle, a trav\u00e9s de mensajeros, al Presidente en funciones hasta el 30 de noviembre, lo que tiene que hacer.<\/p>\n\n\n\n<p class=\"wp-block-paragraph\">Quiero entender. Pe\u00f1a Nieto anda de vacaciones, y anteayer, desde la escalinata de los anuncios de la colonia Roma en la Ciudad de M\u00e9xico, dice a los medios que le pedir\u00e1 a Pe\u00f1a Nieto, que nada m\u00e1s reciba la constancia -en los primeros d\u00edas de septiembre-, le enviar\u00e1 su iniciativa para la creaci\u00f3n nuevamente de la Secretar\u00eda de Seguridad P\u00fablica Federal, para que la presente de inmediato a la C\u00e1mara de Diputados y entre en vigencia el 1 de diciembre que asume, entonces, la Presidencia.<\/p>\n\n\n\n<p class=\"wp-block-paragraph\">No est\u00e1 en duda, que en tres meses, su aplanadora en San L\u00e1zaro saca la Ley. Pero de eso, a que agarre a Pe\u00f1a de sirviente, no solo se me hace majadero, sino \u2013con todo respeto- est\u00fapido.<\/p>\n\n\n\n<p class=\"wp-block-paragraph\">Y explico por qu\u00e9.<\/p>\n\n\n\n<p class=\"wp-block-paragraph\">Para \u00bfqu\u00e9 carajos le manda decir a trav\u00e9s de los chismosos de la prensa que lo quiere de gato? En todo caso, se lo plantea en corto \u2013como si no pudiera-, lo convence de la importancia de probar estrategias distintas en seguridad, y en una de esas le dice que s\u00ed.<\/p>\n\n\n\n<p class=\"wp-block-paragraph\">Entonces Pe\u00f1a Nieto anuncia que enviar\u00e1 como iniciativa preferente la propuesta de su sucesor, porque las circunstancias del pa\u00eds as\u00ed lo ameritan, y todos felices y contentos. L\u00f3pez tendr\u00e1 junto a \u00e9l a su secretario de Seguridad P\u00fablica y Pe\u00f1a por lo menos no queda como un pendejo \u2013perd\u00f3n por la palabra-, sino como un acto de buena fe y cortes\u00eda para su sucesor.<\/p>\n\n\n\n<p class=\"wp-block-paragraph\">Pero no. El Peje es el Peje y hace las cosas a su manera, equivocadamente piensa esta columnista, en su desesperaci\u00f3n por transformar un pa\u00eds, que aunque no lo acepte abiertamente, sabe que le llevar\u00e1 m\u00e1s tiempo natural y jur\u00eddico y le costar\u00e1 m\u00e1s de lo que supon\u00eda o le hab\u00edan dicho.<\/p>\n\n\n\n<p class=\"wp-block-paragraph\">No creo que las formas con que su relevo se ha conducido estos \u00faltimos 33 meses le caigan bien a Pe\u00f1a, que guste o no ser\u00e1 el Presidente hasta el 30 de noviembre. Pero en sus zapatos, me cae que yo lo mando a la tiz y que se aguante hasta que tenga la original y verdadera Banda Presidencial cruzando sobre su pecho&#8230;<\/p>\n\n\n\n<p class=\"wp-block-paragraph\">&nbsp;&nbsp;&nbsp;&nbsp;&nbsp;&nbsp;&nbsp;&nbsp;&nbsp;&nbsp;&nbsp;&nbsp;&nbsp;&nbsp;&nbsp;&nbsp;&nbsp;&nbsp;&nbsp;&nbsp;&nbsp;&nbsp;&nbsp;&nbsp;&nbsp;&nbsp;&nbsp;&nbsp;&nbsp;&nbsp;&nbsp;&nbsp;&nbsp;&nbsp;&nbsp;&nbsp;&nbsp;&nbsp;&nbsp;&nbsp;&nbsp;&nbsp;&nbsp;&nbsp;&nbsp;&nbsp;&nbsp;&nbsp;&nbsp;&nbsp;&nbsp;&nbsp;&nbsp;&nbsp;&nbsp;&nbsp;&nbsp;&nbsp;&nbsp;&nbsp;&nbsp;&nbsp;&nbsp;&nbsp;&nbsp;&nbsp;&nbsp;&nbsp;&nbsp;&nbsp;&nbsp;&nbsp;&nbsp;&nbsp;&nbsp;&nbsp;&nbsp;&nbsp;&nbsp;&nbsp;&nbsp;&nbsp;&nbsp;&nbsp;&nbsp;&nbsp;&nbsp;&nbsp;&nbsp;&nbsp;&nbsp;&nbsp;&nbsp;&nbsp;&nbsp;&nbsp;&nbsp;&nbsp;&nbsp;&nbsp;&nbsp;&nbsp;&nbsp;&nbsp; ***<\/p>\n\n\n\n<p class=\"wp-block-paragraph\">Y esto viene al caso, porque ese mismo mi\u00e9rcoles 3, en Michoac\u00e1n, el gobernador Silvano Aureoles hizo una revelaci\u00f3n a los medios locales que nos permite revisar un detalle de ese encuentro que sostuvo L\u00f3pez Obrador con la Conago, el 12 de julio pasado y que no hab\u00eda trascendido.<\/p>\n\n\n\n<p class=\"wp-block-paragraph\">Molesto ya de tanta declaraci\u00f3n con af\u00e1n joditivo sobre seguridad y el manejo del presupuesto, y las \u00ednfulas del dirigente estatal de Morena, Roberto Pantoja, que ya se siente \u201ccoordinador\u201d presidencial aun cuando no siquiera ese cargo existe en la Constituci\u00f3n, pues explot\u00f3.<\/p>\n\n\n\n<p class=\"wp-block-paragraph\">A la naciente c\u00fapula pol\u00edtica morenista local inflada por los desplantes de su l\u00edder espiritual, le dijo que se esperen tantito para que se acuerden que no es lo mismo ser borracho que cantinero, y que sobre los intermediarios entre el Ejecutivo Federal y los estatales, le dijo muy claramente a L\u00f3pez Obrador que esa figura romper\u00eda el Pacto Federal, que no es otra cosa m\u00e1s que la esencia misma de nuestra naci\u00f3n: unidades territoriales soberanas que acuerdan compartir sus productos para su redistribuci\u00f3n. Pero hoy Amlo, como caudillo decimon\u00f3nico, quiere revivir a los virreyes para \u00e9l concentrar todo.<\/p>\n\n\n\n<p class=\"wp-block-paragraph\">Y es que no es solo Silvano el gobernador que no est\u00e1 dispuesto a tratar con el Presidente a trav\u00e9s del corre ve y dile. Son tambi\u00e9n Jaime Rodr\u00edguez de Nuevo Le\u00f3n y el jalisciense Enrique Alfaro los que han levantado la voz.<\/p>\n\n\n\n<p class=\"wp-block-paragraph\">Le\u00ed en eloccidental.com, declaraciones de un tal Jos\u00e9 Jaime Montes, que ser\u00e1 el coordinador en Sinaloa, que dijo a los gobernadores que \u201ctendr\u00e1n que acatar el mandato del pueblo, que quiere un gobierno diferente\u201d. Que esta columnista se acuerde, nunca L\u00f3pez Obrador, en ninguna de sus campa\u00f1as, plante\u00f3 la creaci\u00f3n de este cargo, pero tambi\u00e9n adelant\u00f3 que ya estaba por reunirse con el gobernador Quirino Ordaz, para comenzar a trabajar juntos.<\/p>\n\n\n\n<p class=\"wp-block-paragraph\">El pasado martes 31 de julio, Roberto Pantoja se refiri\u00f3 al poco inter\u00e9s que mostraba Aureoles Conejo para reunirse con \u00e9l. \u00a1Perd\u00f3n! -Yo no puedo atender o empezar a coordinar con alguien que no existe, respondi\u00f3 el mandatario michoacano.<\/p>\n\n\n\n<p class=\"wp-block-paragraph\">Esto evidentemente demuestra, que \u201cya saben qui\u00e9n\u201d o alguien de la casa de la colonia Roma, gir\u00f3 la orden a quienes ser\u00e1n los \u201ccoordinadores\u201d de buscar acercamiento con los mandatarios estatales. Otra vez, err\u00f3neamente, porque no son los tiempos ni las formas.<\/p>\n\n\n\n<p class=\"wp-block-paragraph\">El caso que el ambiente cada vez se torna m\u00e1s pesado y todav\u00eda faltan cuatro largos meses\u2026<\/p>\n\n\n\n<p class=\"wp-block-paragraph\">&nbsp;&nbsp;&nbsp;&nbsp;&nbsp;&nbsp;&nbsp;&nbsp;&nbsp;&nbsp;&nbsp;&nbsp;&nbsp;&nbsp;&nbsp;&nbsp;&nbsp;&nbsp;&nbsp;&nbsp;&nbsp;&nbsp;&nbsp;&nbsp;&nbsp;&nbsp;&nbsp;&nbsp;&nbsp;&nbsp;&nbsp;&nbsp;&nbsp;&nbsp;&nbsp;&nbsp;&nbsp;&nbsp;&nbsp;&nbsp;&nbsp;&nbsp;&nbsp;&nbsp;&nbsp;&nbsp;&nbsp;&nbsp;&nbsp;&nbsp;&nbsp;&nbsp;&nbsp;&nbsp;&nbsp;&nbsp;&nbsp;&nbsp;&nbsp;&nbsp;&nbsp;&nbsp;&nbsp;&nbsp;&nbsp;&nbsp;&nbsp;&nbsp;&nbsp;&nbsp;&nbsp;&nbsp;&nbsp;&nbsp;&nbsp;&nbsp;&nbsp;&nbsp;&nbsp;&nbsp;&nbsp;&nbsp;&nbsp;&nbsp;&nbsp;&nbsp;&nbsp;&nbsp;&nbsp;&nbsp;&nbsp;&nbsp;&nbsp;&nbsp;&nbsp;&nbsp;&nbsp;&nbsp;&nbsp;&nbsp;&nbsp;&nbsp;&nbsp;&nbsp; ***<\/p>\n\n\n\n<p class=\"wp-block-paragraph\">Pero para que el \u00e1nimo \u201cdel pueblo\u201d no decaiga \u2013no se qu\u00e9 jodidos somos los que no estamos de acuerdo con Amlo-, ya anunci\u00f3 gira por todo el pa\u00eds, a partir del 16 de septiembre y hasta finales de noviembre. Rinde protesta y reiniciar\u00e1 sus giras porque la suya \u201cser\u00e1 una Presidencia itinerante\u201d. No les digo.<\/p>\n\n\n\n<p class=\"wp-block-paragraph\">Entonces es cuando me pierdo en el bosque de tantos y tantos anuncios. \u00bfPues qu\u00e9 no hab\u00eda dicho que todos los d\u00edas iba a revisar el tema de seguridad con su gabinete? A menos, claro, que lo haga en el estado donde ande. Pero si ya los secretarios no van a usar helic\u00f3ptero o avi\u00f3n para traslados, pus no llegaron.<\/p>\n\n\n\n<p class=\"wp-block-paragraph\">Lo m\u00e1s pat\u00e9tico, es que no hay nadie que le recuerde lo que dijo el d\u00eda anterior.<\/p>\n\n\n\n<p class=\"wp-block-paragraph\">Pero estaba con sus recorridos y ahora s\u00ed, no tengo ni idea, si como Presidente electo correr\u00e1 la atenci\u00f3n al respectivo gobernador de su presencia a la entidad. Para ser sincera, no creo, pero ya nada sorprende respecto a L\u00f3pez Obrador.<\/p>\n\n\n\n<p class=\"wp-block-paragraph\">El dirigente morenista en Michoac\u00e1n hab\u00eda dicho que L\u00f3pez vendr\u00eda al estado, en diciembre. Pero esta semana y toda vez que el primero de septiembre asume la presidencia municipal de Morelia Ra\u00fal Mor\u00f3n, se especul\u00f3 sobre una invitaci\u00f3n para que encabece la fiesta grande de la ciudad que se conmemora el 30 de septiembre. A este evento, con desfile y toda la cosa, asiste el Presidente.<\/p>\n\n\n\n<p class=\"wp-block-paragraph\">Pero \u00bfcu\u00e1l en este escenario? \u00bfel que todav\u00eda no sale o el que todav\u00eda no entra?<\/p>\n\n\n\n<p class=\"wp-block-paragraph\">Ta\u00b4ca\u00f1\u00f3n. Dif\u00edcilmente los veo juntos, en el Jeep, abriendo la caravana y hombro a hombro, en el balc\u00f3n central de Palacio de Gobierno saludando a los contingentes.<\/p>\n\n\n\n<p class=\"wp-block-paragraph\">A lo que voy, es que efectivamente, Amlo est\u00e1 haciendo historia, no con su proyecto de la cuarta transformaci\u00f3n, sino con el rompimiento de todos los moldes pol\u00edticos y de protocolo conocidos hasta ahora. Si es bueno o malo, cada quien lo juzga, lo importante es que cumpla. As\u00ed lo mandata \u201cel pueblo\u201d\u2026<\/p>\n\n\n\n<p class=\"wp-block-paragraph\">&nbsp;&nbsp;&nbsp;&nbsp;&nbsp;&nbsp;&nbsp;&nbsp;&nbsp;&nbsp;&nbsp;&nbsp;&nbsp;&nbsp;&nbsp;&nbsp;&nbsp;&nbsp;&nbsp;&nbsp;&nbsp;&nbsp;&nbsp;&nbsp;&nbsp;&nbsp;&nbsp;&nbsp;&nbsp;&nbsp;&nbsp;&nbsp;&nbsp;&nbsp;&nbsp;&nbsp;&nbsp;&nbsp;&nbsp;&nbsp;&nbsp;&nbsp;&nbsp;&nbsp;&nbsp;&nbsp;&nbsp;&nbsp;&nbsp;&nbsp;&nbsp;&nbsp;&nbsp;&nbsp;&nbsp;&nbsp;&nbsp;&nbsp;&nbsp;&nbsp;&nbsp;&nbsp;&nbsp;&nbsp;&nbsp;&nbsp;&nbsp;&nbsp;&nbsp;&nbsp;&nbsp;&nbsp;&nbsp;&nbsp;&nbsp;&nbsp;&nbsp;&nbsp;&nbsp;&nbsp;&nbsp;&nbsp;&nbsp;&nbsp;&nbsp;&nbsp;&nbsp; ***<\/p>\n\n\n\n<p class=\"wp-block-paragraph\"><strong>LA COMIDILLA<\/strong><\/p>\n\n\n\n<p class=\"wp-block-paragraph\">El descaro de Manuel Bartlett al eludir su responsabilidad sobre el fraude electoral que le arrebat\u00f3 la Presidencia a Cuauht\u00e9moc C\u00e1rdenas y que hoy los morenistas defienden porque ya caduc\u00f3. Ya se le quit\u00f3 lo corrupto, como se cura lo gay, seg\u00fan unas sectas.<\/p>\n\n\n\n<p class=\"wp-block-paragraph\">Hace un a\u00f1o, en entrevista con Reforma, reconoci\u00f3 que Salinas de Gortari no gan\u00f3 la elecci\u00f3n de 1988 y que para imponerlo, Miguel de la Madrid mand\u00f3 resguardar y luego quemar las actas de escrutinio, previo acuerdo con los l\u00edderes PAN y del Frente Democr\u00e1tico Nacional. De este \u00faltimo, con CCS, eran dirigentes Porfirio Mu\u00f1oz Ledo e Ifigenia Mart\u00ednez, hoy junto a Andr\u00e9s, ya perdieron la memoria.<\/p>\n\n\n\n<p class=\"wp-block-paragraph\">Pero como \u00e9l solo era el secretario de Gobernaci\u00f3n y presidente del Comit\u00e9 Federal Electoral, pues no fue su culpa.<\/p>\n\n\n\n<p class=\"wp-block-paragraph\">Me duele que los periodistas se vuelvan tan desmemoriados tambi\u00e9n, cuando nuestro oficio es precisamente registrar la historia.<\/p>\n\n\n\n<p class=\"wp-block-paragraph\">Poco he le\u00eddo en estos d\u00edas, sobre el Bartlett tirano, d\u00e9spota, omnipresidencial como lo vimos actuar en el sexenio del gris De la Madrid; que as\u00ed como orden\u00f3 el asesinato del agente de la DEA, Enrique Camarena a manos del narcotraficante Rafael Caro Quintero en 1985 y del periodista Manuel Buend\u00eda en 1984, por sus investigaciones sobre este capo.<\/p>\n\n\n\n<p class=\"wp-block-paragraph\">En 2015, un ex agente de la DEA pidi\u00f3 al Presidente de M\u00e9xico que abriera una investigaci\u00f3n sobre el senador poblano y que se le citara a declarar para entregar las pruebas contundentes que ten\u00eda sobre los dos homicidios.<\/p>\n\n\n\n<p class=\"wp-block-paragraph\">\u00bfY qu\u00e9 hizo Pe\u00f1a? Nada. Como en \u00e9ste, y decenas de casos de corrupci\u00f3n m\u00e1s que nunca quiso o pudo investigar. Hoy, su indolencia, que con su pan se la coma. A Bartlett, ya lo perdon\u00f3 \u201cel pueblo\u201d y la memoria period\u00edstica.(a)<br><\/p>\n","protected":false},"excerpt":{"rendered":"<p>Pe\u00f1a, \u00bfsu mandadero? Buend\u00eda y Camarena, sus sangres manchan las manos de Bartlett Martha Elba Torres SemM\u00e9xico. Morelia. 2 de agosto de 2018.-&nbsp;A poquito m\u00e1s de un mes de las elecciones que le dieron el triunfo, sin la constancia de mayor\u00eda que lo declarar\u00e1 \u2013entonces s\u00ed- como Presidente electo y que se retrasa por culpa [&hellip;]<\/p>\n","protected":false},"author":3,"featured_media":7562,"comment_status":"open","ping_status":"open","sticky":false,"template":"","format":"standard","meta":{"_monsterinsights_skip_tracking":false,"footnotes":""},"categories":[689,99,90,35],"tags":[],"class_list":["post-7772","post","type-post","status-publish","format-standard","has-post-thumbnail","category-689","category-ambigu","category-martha-elba-torres-martinez","category-opinion"],"_links":{"self":[{"href":"https:\/\/redsemlac.com\/semmexico\/wp-json\/wp\/v2\/posts\/7772","targetHints":{"allow":["GET"]}}],"collection":[{"href":"https:\/\/redsemlac.com\/semmexico\/wp-json\/wp\/v2\/posts"}],"about":[{"href":"https:\/\/redsemlac.com\/semmexico\/wp-json\/wp\/v2\/types\/post"}],"author":[{"embeddable":true,"href":"https:\/\/redsemlac.com\/semmexico\/wp-json\/wp\/v2\/users\/3"}],"replies":[{"embeddable":true,"href":"https:\/\/redsemlac.com\/semmexico\/wp-json\/wp\/v2\/comments?post=7772"}],"version-history":[{"count":0,"href":"https:\/\/redsemlac.com\/semmexico\/wp-json\/wp\/v2\/posts\/7772\/revisions"}],"wp:featuredmedia":[{"embeddable":true,"href":"https:\/\/redsemlac.com\/semmexico\/wp-json\/wp\/v2\/media\/7562"}],"wp:attachment":[{"href":"https:\/\/redsemlac.com\/semmexico\/wp-json\/wp\/v2\/media?parent=7772"}],"wp:term":[{"taxonomy":"category","embeddable":true,"href":"https:\/\/redsemlac.com\/semmexico\/wp-json\/wp\/v2\/categories?post=7772"},{"taxonomy":"post_tag","embeddable":true,"href":"https:\/\/redsemlac.com\/semmexico\/wp-json\/wp\/v2\/tags?post=7772"}],"curies":[{"name":"wp","href":"https:\/\/api.w.org\/{rel}","templated":true}]}}