{"id":7769,"date":"2018-09-20T19:42:21","date_gmt":"2018-09-20T19:42:21","guid":{"rendered":"https:\/\/redsemlac.com\/semmexico\/?p=7769"},"modified":"2023-07-21T14:33:13","modified_gmt":"2023-07-21T19:33:13","slug":"coordenada-17","status":"publish","type":"post","link":"https:\/\/redsemlac.com\/semmexico\/coordenada-17\/","title":{"rendered":"Coordenada"},"content":{"rendered":"\n<p class=\"wp-block-paragraph\">No es normal<\/p>\n\n\n\n<h5 class=\"wp-block-heading\"> En M\u00e9xico fueron asesinadas 23 mil personas en 2016<\/h5>\n\n\n\n<p class=\"wp-block-paragraph\"><a href=\"https:\/\/semmexico.com\/gallery-post.php?id=5896#\">Lupita Ramos<\/a><\/p>\n\n\n\n<p class=\"wp-block-paragraph\">SemM\u00e9xico, 20 septiembre 2018.- Se le llam\u00f3 \u00abGuerra contra el narco\u201d pero nunca se le consider\u00f3 un conflicto convencional; pasaron dos presidentes de dos partidos pol\u00edticos diferentes y han transcurrido tantos a\u00f1os y tantos asesinatos y ausencias, que la sociedad qued\u00f3 expuesta ante el horror que pas\u00f3 a ser parte del cotidiano nuestro de cada d\u00eda.<\/p>\n\n\n\n<p class=\"wp-block-paragraph\">Esta no-guerra no tiene cabida en ning\u00fan lugar del mundo, no se discute en el Consejo de Seguridad de Naciones Unidas, ni hay tribunales especiales para juzgar los cr\u00edmenes de guerra, ni tampoco hay pausas ni treguas.<\/p>\n\n\n\n<p class=\"wp-block-paragraph\">Seg\u00fan el Instituto Internacional de Estudios Estrat\u00e9gicos (International Institute for Strategic Studies),&nbsp;M\u00e9xico fue el pa\u00eds donde m\u00e1s personas murieron de forma violenta en 2016, s\u00f3lo por detr\u00e1s de Siria \u2014donde hay una guerra\u2014 y por delante de Irak y Afganist\u00e1n&nbsp;\u2014donde las hubo y todav\u00eda no se extinguen\u2014. Qued\u00f3 tambi\u00e9n por encima de Yemen, Somalia, Sud\u00e1n, Turqu\u00eda, Sud\u00e1n del Sur y Nigeria. En M\u00e9xico, dice el IISS, murieron 23 mil personas el a\u00f1o 2016, 63 al d\u00eda. Por encima de las 17.000 en Afganist\u00e1n y de las 16 mil &nbsp;en Irak, de acuerdo al Informe Anual de Conflictos Armados 2017.<\/p>\n\n\n\n<p class=\"wp-block-paragraph\">Las consecuencias de esta cat\u00e1strofe crece, el sistema de justicia se encuentra colapsado, las y los desaparecidos aumentan, los cuerpos se acumulan en fosas clandestinas y ahora ocurre lo inimaginable: Se apilan los cuerpos en camiones ambulantes en municipios de la zona metropolitana de Guadalajara ante la indolencia de las propias autoridades.<\/p>\n\n\n\n<p class=\"wp-block-paragraph\">El gobierno de Jalisco, se vio en la necesidad de contratar tr\u00e1ileres refrigerantes para resguardar cuerpos, debido a la saturaci\u00f3n de cad\u00e1veres en el Instituto de Ciencias Forenses del estado. El Colectivo de Familiares de Personas Desaparecidas \u201cPor Amor por Ellxs\u201d y las organizaciones civiles Centro de Justicia para la Paz y el Desarrollo (Cepad) y el Comit\u00e9 de Am\u00e9rica Latina y el Caribe para la Defensa de los derechos humanos de las Mujeres (CLADEM),&nbsp; manifestaron su rechazo e indignaci\u00f3n por el trato dado a los 157 cuerpos de personas no identificadas por parte de funcionarios del Gobierno del Estado de Jalisco, incumpliendo con sus obligaciones de garantizar el trato digno y preferente a las v\u00edctimas, actuando de manera inhumana y sin pleno respeto de la dignidad, tratando a las v\u00edctimas como objetos de desecho y no como sujetos aut\u00f3nomos de derechos.<\/p>\n\n\n\n<p class=\"wp-block-paragraph\">La violencia e inseguridad en M\u00e9xico y en Jalisco, en los \u00faltimos doce a\u00f1os, es el resultado de la corrupci\u00f3n y la impunidad que ha caracterizado a los gobiernos federales, estatales y municipales, dejando a la sociedad a merced de las organizaciones criminales y de la delincuencia com\u00fan, al grado que desaparecer a una persona no puede tener m\u00e1s consecuencias que la de la conciencia de quien la comete se\u00f1alaron los colectivos. &nbsp;<\/p>\n\n\n\n<p class=\"wp-block-paragraph\">El peregrinar de los camiones frigor\u00edficos con centenares de cuerpos, ha indignado a nuestra comunidad, al pa\u00eds y a el resto del mundo donde ha llegado la noticia y muestra a cabalidad el trato que las autoridades gubernamentales, especialmente la Fiscal\u00eda General de Jalisco han dado durante todos estos a\u00f1os a los y las familiares de personas desaparecidas y su nulo compromiso con las acciones de b\u00fasqueda e investigaci\u00f3n para dar con el paradero de sus seres queridos.&nbsp;<\/p>\n\n\n\n<p class=\"wp-block-paragraph\">Sin duda, nos encontramos ante graves violaciones a los derechos humanos que lastiman la dignidad de una sociedad que se niega a normalizar la violencia, &nbsp;a vivir con indiferencia y con miedo. No es normal que desaparezcan a una persona, no es normal que la asesinen, no es normal que su cuerpo se apile en un cami\u00f3n frigor\u00edfico en una ciudad en donde las autoridades quieren normalizar la tragedia. No, la violencia no es normal y no nos merecemos esa normalizaci\u00f3n de la violencia. &nbsp;<\/p>\n\n\n\n<p class=\"wp-block-paragraph\"><a href=\"mailto:lupitaramosponce@gmail.com\">lupitaramosponce@gmail.com<\/a><\/p>\n\n\n\n<p class=\"wp-block-paragraph\">@lupitaramosponce<\/p>\n","protected":false},"excerpt":{"rendered":"<p>No es normal En M\u00e9xico fueron asesinadas 23 mil personas en 2016 Lupita Ramos SemM\u00e9xico, 20 septiembre 2018.- Se le llam\u00f3 \u00abGuerra contra el narco\u201d pero nunca se le consider\u00f3 un conflicto convencional; pasaron dos presidentes de dos partidos pol\u00edticos diferentes y han transcurrido tantos a\u00f1os y tantos asesinatos y ausencias, que la sociedad qued\u00f3 [&hellip;]<\/p>\n","protected":false},"author":3,"featured_media":7651,"comment_status":"open","ping_status":"open","sticky":false,"template":"","format":"standard","meta":{"_monsterinsights_skip_tracking":false,"footnotes":""},"categories":[689,91],"tags":[],"class_list":["post-7769","post","type-post","status-publish","format-standard","has-post-thumbnail","category-689","category-lupita-ramos-ponce"],"_links":{"self":[{"href":"https:\/\/redsemlac.com\/semmexico\/wp-json\/wp\/v2\/posts\/7769","targetHints":{"allow":["GET"]}}],"collection":[{"href":"https:\/\/redsemlac.com\/semmexico\/wp-json\/wp\/v2\/posts"}],"about":[{"href":"https:\/\/redsemlac.com\/semmexico\/wp-json\/wp\/v2\/types\/post"}],"author":[{"embeddable":true,"href":"https:\/\/redsemlac.com\/semmexico\/wp-json\/wp\/v2\/users\/3"}],"replies":[{"embeddable":true,"href":"https:\/\/redsemlac.com\/semmexico\/wp-json\/wp\/v2\/comments?post=7769"}],"version-history":[{"count":0,"href":"https:\/\/redsemlac.com\/semmexico\/wp-json\/wp\/v2\/posts\/7769\/revisions"}],"wp:featuredmedia":[{"embeddable":true,"href":"https:\/\/redsemlac.com\/semmexico\/wp-json\/wp\/v2\/media\/7651"}],"wp:attachment":[{"href":"https:\/\/redsemlac.com\/semmexico\/wp-json\/wp\/v2\/media?parent=7769"}],"wp:term":[{"taxonomy":"category","embeddable":true,"href":"https:\/\/redsemlac.com\/semmexico\/wp-json\/wp\/v2\/categories?post=7769"},{"taxonomy":"post_tag","embeddable":true,"href":"https:\/\/redsemlac.com\/semmexico\/wp-json\/wp\/v2\/tags?post=7769"}],"curies":[{"name":"wp","href":"https:\/\/api.w.org\/{rel}","templated":true}]}}