{"id":77611,"date":"2024-02-21T12:08:36","date_gmt":"2024-02-21T18:08:36","guid":{"rendered":"https:\/\/redsemlac.com\/semmexico\/?p=77611"},"modified":"2024-02-21T12:08:36","modified_gmt":"2024-02-21T18:08:36","slug":"crisis-de-agua-deben-comparecer-titulares-de-conagua-agricultura-y-hacienda-pide-grupo-parlamentario-del-prd","status":"publish","type":"post","link":"https:\/\/redsemlac.com\/semmexico\/crisis-de-agua-deben-comparecer-titulares-de-conagua-agricultura-y-hacienda-pide-grupo-parlamentario-del-prd\/","title":{"rendered":"Crisis de agua, deben comparecer titulares de CONAGUA, AGRICULTURA Y HACIENDA, pide grupo parlamentario del PRD"},"content":{"rendered":"\n<ul class=\"wp-block-list\">\n<li><strong>Advierten la proximidad del \u201cD\u00eda 0\u201d 26 de junio de 2024, cuando se agotar\u00edan las reservas de agua m\u00e1s importantes del pa\u00eds.<\/strong><\/li>\n<\/ul>\n\n\n\n<ul class=\"wp-block-list\">\n<li><strong>La p\u00e9rdida de presupuesto para enfrentar el tema de \u201cseguridad nacional\u201d, hay que conocer la estrategia preparada por el gobierno: H\u00e9ctor Ch\u00e1vez.<\/strong><\/li>\n<\/ul>\n\n\n\n<ul class=\"wp-block-list\">\n<li><strong>ONU y AgUAM advierten que, de no haber un \u201cPlan de Prevenci\u00f3n\u201d, estaremos llegando a un momento de crisis en 2028, mujeres muy afectadas.<\/strong><\/li>\n<\/ul>\n\n\n\n<p class=\"wp-block-paragraph\"><strong>Rosy Alegr\u00eda<\/strong><\/p>\n\n\n\n<p class=\"wp-block-paragraph\">SemM\u00e9xico, Ciudad de M\u00e9xico, 21 de febrero, 2024.- El Grupo Parlamentario del Partido de la Revoluci\u00f3n Democr\u00e1tica, a trav\u00e9s del diputado federal H\u00e9ctor Ch\u00e1vez Ru\u00edz, present\u00f3 un Punto de Acuerdo para demandar la comparecencia en San L\u00e1zaro, de los titulares de Conagua; Hacienda y Agricultura (Germ\u00e1n Mart\u00ednez; Rogelio Ram\u00edrez de la O y V\u00edctor Villalobos, respectivamente), para que informen la condici\u00f3n exacta que enfrenta el pa\u00eds ante la escasez de agua como un tema de \u201cseguridad nacional\u201d que ya genera complicaciones para la econom\u00eda y la estabilidad social.<\/p>\n\n\n\n<p class=\"wp-block-paragraph\">Cuando el agua escasea, las labores de abastecimiento recaen principalmente sobre las mujeres y las ni\u00f1as.<\/p>\n\n\n\n<p class=\"wp-block-paragraph\">En los hogares de M\u00e9xico en los que es necesario acarrear y almacenar agua, las mujeres lo hacen el 64 por ciento del tiempo dedicado a esta actividad.<\/p>\n\n\n\n<p class=\"wp-block-paragraph\">Esto es casi el doble del tiempo que los hombres destinan a esta labor, que es el 36 por ciento restante, seg\u00fan datos del Inegi.<\/p>\n\n\n\n<p class=\"wp-block-paragraph\">De acuerdo con analistas y expertos el diputado dijo la situaci\u00f3n figura como la sequ\u00eda m\u00e1s grave en casi 70 a\u00f1os y no queremos repetir episodios como 1949 donde el centro-norte perdi\u00f3 ganado y productividad hasta 1958; o la crisis de 1962, que impact\u00f3 en estados como Tamaulipas, Durango, Nuevo Le\u00f3n, Sonora, Chihuahua, Coahuila, Nayarit, Sinaloa y Baja California provocando episodios alarmantes sobre la agricultura, la econom\u00eda y la poblaci\u00f3n.<\/p>\n\n\n\n<p class=\"wp-block-paragraph\">El Diputado hidalguense alert\u00f3 sobre las implicaciones que esta situaci\u00f3n tendr\u00e1 para la seguridad nacional y la estabilidad social si se atienden las afirmaciones del Grupo Consultor de Mercados Agr\u00edcolas (GCMA) cuando alerta que, una decena de estados, enfrentan sequ\u00eda extrema total y ello ya impacta sobre la agricultura de temporal que representa el 71 por ciento de la superficie nacional. Afecta diferenciadamente a las mujeres del campo.<\/p>\n\n\n\n<p class=\"wp-block-paragraph\">De igual manera afecta en la industria si se recuerda que el agua es insumo b\u00e1sico para producir bienes como bebidas carbonatadas y alcoh\u00f3licas que requieren entre 2.5 y 3 litros por cada litro de refresco o cerveza producidos. Ello sin tomar en cuenta el tema de la salud, ya que, ante la escasez de agua, las y los mexicanos -que, de por s\u00ed, ocupamos el primer lugar mundial en consumo de refrescos de cola- se ver\u00e1n obligados a disponer m\u00e1s de esos productos disparando padecimientos como la diabetes y otros males vinculados.<\/p>\n\n\n\n<p class=\"wp-block-paragraph\">Estamos enfrentando -se\u00f1al\u00f3- la producci\u00f3n m\u00e1s baja de frijol de la historia (al pasar de 800 mil a 300 mil toneladas), de ca\u00f1a de az\u00facar, (que cay\u00f3 de 6.1 a 5.2 millones de toneladas); y se prev\u00e9 una disminuci\u00f3n de cosechas de ma\u00edz que caer\u00e1 de 26.6 millones a 24.9 millones de toneladas en Sinaloa, Sonora y Tamaulipas; todo en detrimento de los bolsillos de la poblaci\u00f3n que deber\u00e1 pagar m\u00e1s por los insumos.<\/p>\n\n\n\n<p class=\"wp-block-paragraph\">Ch\u00e1vez Ru\u00edz precis\u00f3 que el gobierno federal y los estatales est\u00e1n obligados a informar sobre las medidas de corto y mediano plazos que habr\u00e1n de emprender para disminuir los impactos y evitar mayor malestar social, lo cual -asent\u00f3- no se resuelve haciendo como que no pasa nada solo porque estamos en v\u00edsperas de un proceso electoral.<\/p>\n\n\n\n<p class=\"wp-block-paragraph\">Al respecto, el diputado record\u00f3 que existen instancias como el Programa Nacional contra la Sequ\u00eda que depende de la Comisi\u00f3n Nacional del Agua y cuya labor es la de atender, dar seguimiento, mitigar y prevenir el fen\u00f3meno mediante la elaboraci\u00f3n de instrumentos que permitan la gesti\u00f3n integrada de los Consejos de Cuenca para garantizar que un manejo eficiente del recurso.<\/p>\n\n\n\n<p class=\"wp-block-paragraph\">Sin embargo -fustig\u00f3- a la fecha ni esta ni otras instancias federales ni estatales difunden mensajes de concienciaci\u00f3n, ni han dado a conocer estrategias para serenar y dar certeza de que se est\u00e1 actuando a fin de que la ciudadan\u00eda no se vea m\u00e1s perjudicada de lo que ya est\u00e1; de ah\u00ed la relevancia de que los responsables de Hacienda; Agricultura y Conagua, se presenten ya sea ante comisiones o el Pleno, para informar a las y los diputados el trabajo y recursos que se est\u00e1n destinando para atender la crisis.<\/p>\n\n\n\n<h2 class=\"wp-block-heading\"><strong>Mujeres<\/strong><\/h2>\n\n\n\n<p class=\"wp-block-paragraph\">\u201cLamentablemente para buscar el agua esta responsabilidad recae en mujeres y ni\u00f1as\u2026 que tienen que buscar el agua, tiempos, horas, de camino, de regreso, todos los d\u00edas para buscar agua y lamentablemente les perjudica\u201d, se\u00f1ala el doctor Jos\u00e9 Moya Medina, representante de la OPS\/OMS en M\u00e9xico.<\/p>\n\n\n\n<p class=\"wp-block-paragraph\">Como Dinorah Balleza, quien vive en la colonia Nueva Arag\u00f3n, en Ecatepec, Estado de M\u00e9xico, y desde hace cinco a\u00f1os camina hasta siete kil\u00f3metros para llenar tambos y botes con agua.<\/p>\n\n\n\n<p class=\"wp-block-paragraph\">\u201cTengo que llenar dos tinacos, a esos dos tinacos son de 1,200 y yo traigo 200 litros, me aviento 6 viajes, son 12, y luego ya dejo lleno esto, 13 viajes, a veces es de media hora, ya cuando m\u00e1s gente hay es una hora, una hora por viaje, o sea todo el d\u00eda\u201d, explica la mujer.<\/p>\n\n\n\n<h2 class=\"wp-block-heading\"><strong>El PRD<\/strong><\/h2>\n\n\n\n<p class=\"wp-block-paragraph\">Tras exponer advertencias de la Organizaci\u00f3n de las Naciones Unidas y el Departamento de la Universidad Aut\u00f3noma Metropolitana dedicado al estudio del agua (AgUAM), respecto a que, sin un plan de prevenci\u00f3n, del \u201cD\u00eda 0\u201d nos llegar\u00eda en 2028; H\u00e9ctor Ch\u00e1vez hizo notar que hay quienes ya prev\u00e9n la mayor debacle en junio -al menos para la capital mexicana y zonas del Estado de M\u00e9xico- cuando el Sistema Cutzamala deje de estar en condiciones para abastecerles; y el problema empeorar\u00e1 con el inicio de la temporada de incendios forestales; tema en el que el gobierno federal tambi\u00e9n tendr\u00e1 problemas porque ha hecho recortes presupuestales de gran envergadura.<\/p>\n\n\n\n<p class=\"wp-block-paragraph\">Finalmente -y al dejar claro que, desde la discusi\u00f3n del paquete presupuestal 2024, se advirti\u00f3 a Morena y sus aliadas y aliados sobre la necesidad de asignar recursos para este sector; pero no les import\u00f3- el legislador del Partido del Sol Azteca llam\u00f3 a la poblaci\u00f3n a asumir la parte que le corresponde y poner el ejemplo haciendo uso eficiente del vital l\u00edquido con acciones como:<\/p>\n\n\n\n<p class=\"wp-block-paragraph\">Recolectar agua de lluvia y reciclar; Tomar duchas de, m\u00e1ximo, 5 minutos; Cerrar el grifo mientras nos lavamos los dientes; Utilizar la lavadora con carga completa; Invertir en sistemas de control de agua en el inodoro; No tirar basura en \u00e9l; Utilizar reductores de presi\u00f3n para la ducha; No usar el inodoro como basurero, entre otras.<\/p>\n","protected":false},"excerpt":{"rendered":"<p>Advierten la proximidad del \u201cD\u00eda 0\u201d 26 de junio de 2024, cuando se agotar\u00edan las reservas de agua m\u00e1s importantes del pa\u00eds.<\/p>\n","protected":false},"author":3,"featured_media":77612,"comment_status":"open","ping_status":"open","sticky":false,"template":"","format":"standard","meta":{"_monsterinsights_skip_tracking":false,"footnotes":""},"categories":[694],"tags":[149],"class_list":["post-77611","post","type-post","status-publish","format-standard","has-post-thumbnail","category-destacadas","tag-mujeres"],"_links":{"self":[{"href":"https:\/\/redsemlac.com\/semmexico\/wp-json\/wp\/v2\/posts\/77611","targetHints":{"allow":["GET"]}}],"collection":[{"href":"https:\/\/redsemlac.com\/semmexico\/wp-json\/wp\/v2\/posts"}],"about":[{"href":"https:\/\/redsemlac.com\/semmexico\/wp-json\/wp\/v2\/types\/post"}],"author":[{"embeddable":true,"href":"https:\/\/redsemlac.com\/semmexico\/wp-json\/wp\/v2\/users\/3"}],"replies":[{"embeddable":true,"href":"https:\/\/redsemlac.com\/semmexico\/wp-json\/wp\/v2\/comments?post=77611"}],"version-history":[{"count":0,"href":"https:\/\/redsemlac.com\/semmexico\/wp-json\/wp\/v2\/posts\/77611\/revisions"}],"wp:featuredmedia":[{"embeddable":true,"href":"https:\/\/redsemlac.com\/semmexico\/wp-json\/wp\/v2\/media\/77612"}],"wp:attachment":[{"href":"https:\/\/redsemlac.com\/semmexico\/wp-json\/wp\/v2\/media?parent=77611"}],"wp:term":[{"taxonomy":"category","embeddable":true,"href":"https:\/\/redsemlac.com\/semmexico\/wp-json\/wp\/v2\/categories?post=77611"},{"taxonomy":"post_tag","embeddable":true,"href":"https:\/\/redsemlac.com\/semmexico\/wp-json\/wp\/v2\/tags?post=77611"}],"curies":[{"name":"wp","href":"https:\/\/api.w.org\/{rel}","templated":true}]}}