{"id":7760,"date":"2018-08-16T19:37:14","date_gmt":"2018-08-16T19:37:14","guid":{"rendered":"https:\/\/redsemlac.com\/semmexico\/?p=7760"},"modified":"2023-07-21T14:32:45","modified_gmt":"2023-07-21T19:32:45","slug":"periodismo-a-modo-o-critico-su-relacion-con-el-poder","status":"publish","type":"post","link":"https:\/\/redsemlac.com\/semmexico\/periodismo-a-modo-o-critico-su-relacion-con-el-poder\/","title":{"rendered":"Periodismo a modo o cr\u00edtico; su relaci\u00f3n con el poder"},"content":{"rendered":"\n<p class=\"wp-block-paragraph\">Nunca m\u00e1s censura y prensa libre, promete Amlo<\/p>\n\n\n\n<h5 class=\"wp-block-heading\"> El dilema \u00e9tico de Aristegui y Guti\u00e9rrez Viv\u00f3<\/h5>\n\n\n\n<p class=\"wp-block-paragraph\"><a href=\"https:\/\/semmexico.com\/gallery-post.php?id=5590#\">Martha Elba Torres<\/a><\/p>\n\n\n\n<p class=\"wp-block-paragraph\">SemM\u00e9xico, 16 agosto 2018.-La mala relaci\u00f3n del presidente Donald Trump con un importante sector de la prensa estadunidense, dir\u00eda quien esto escribe, toc\u00f3 ayer su punto m\u00e1s \u00e1lgido con los editoriales coordinados de por lo menos 350 medios grandes y chicos, como decimos en M\u00e9xico: una defensa a ultranza a la libertad de prensa y la protesta un\u00e1nime: \u201cno somos enemigos del pueblo\u201d.<\/p>\n\n\n\n<p class=\"wp-block-paragraph\">Es un tema tan general y extendido por el mundo que siempre ha llevado a medios y periodistas: mantenerse en equilibrio sobre ese delgado filo de la navaja y no caer al lado del periodismo a modo, o al otro, la cr\u00edtica exacerbada, infundada o la m\u00e1s despreciable: invadir la vida \u00edntima, personal o familiar de una persona. Pat\u00e9ticamente, es la que da m\u00e1s likes.<\/p>\n\n\n\n<p class=\"wp-block-paragraph\">A lo que voy es que como juzga el ejercicio period\u00edstico, es juzgado. Para el presidente estadunidense est\u00e1n con \u00e9l o contra \u00e9l; son buenos los que lo apoyan y ensalzan a un pol\u00edtico y\/o servidor p\u00fablico, y malos, vendidos, chayoteros, voceros de \u201cla mafia del poder\u201d como el propio L\u00f3pez Obrador ha calificado a medios y comentaristas. Eso s\u00ed, para bien o para mal, no se puede quejar que la cobertura medi\u00e1tica nunca le ha resultado costosa.<\/p>\n\n\n\n<p class=\"wp-block-paragraph\">El d\u00eda 1 de julio entrada la noche, bendijo las redes sociales porque lo hicieron ganar. Puede que s\u00ed o puede que no. El caso que a ras de tierra y en el ciberespacio sigue esa guerra cruenta entre antipejes y pejechairos como en campa\u00f1as.<\/p>\n\n\n\n<p class=\"wp-block-paragraph\">\u00bfQui\u00e9n fue el primero que lanz\u00f3 la piedra por los \u201csueldos de insulto\u201d de los magistrados de la Corte? Andr\u00e9s. \u00bfDesde qu\u00e9 plataformas se desat\u00f3 la sanguinaria campa\u00f1a contra la y los integrantes de ese cuerpo colegiado? Los mismos perfiles morenos que operaron para la jornada proselitista. El tema ya lo mat\u00f3 la ministra en retiro Olga S\u00e1nchez Cordero, hasta que le explic\u00f3 al futuro Presidente que no se puede bajar sus salarios. \u00bfPor qu\u00e9 no se lo dijo antes para que no hiciera el rid\u00edculo con la primera promesa que no cumple?<\/p>\n\n\n\n<p class=\"wp-block-paragraph\">Estamos que entre tantos rubros que atender y planes, Amlo no tiene mayor prisa por puntualizar su relaci\u00f3n con los medios y periodistas, como Presidente de M\u00e9xico. Entendemos que habr\u00e1 libertad absoluta a la cr\u00edtica y disentimiento sobre sus acciones como el primer servidor p\u00fablico del pa\u00eds, y desde mi humilde opini\u00f3n, ese debe ser el enfoque, no su vida personal y el de su familia. Pero cada qui\u00e9n.<\/p>\n\n\n\n<p class=\"wp-block-paragraph\">El mi\u00e9rcoles 14, en una entrevista telef\u00f3nica para Telereportaje XEVT 104.1 FM con sede en Villahermosa, Tabasco, dijo que sin entrometerse en problemas ajenos, va a proponer un acuerdo de reconciliaci\u00f3n para que Carmen Aristegui y Jos\u00e9 Guti\u00e9rrez Viv\u00f3, \u201cestos dos grandes comunicadores, puedan tener espacio y puedan mantener sus programas y que se les reivindique, y que al mismo tiempo nunca m\u00e1s se vuelva a censurar a un medio de comunicaci\u00f3n\u201d.<\/p>\n\n\n\n<p class=\"wp-block-paragraph\">Tres respiros:<\/p>\n\n\n\n<p class=\"wp-block-paragraph\">1.- Si nunca m\u00e1s la censura y respeto absoluto a la prensa libre, con ese esp\u00edritu reconciliador e indulgente que trae, \u00bfpor qu\u00e9 no aboga igual por Ricardo Alem\u00e1n que fue corrido de sus espacios en Milenio y Canal 11 por un comentario chafa, est\u00fapido, si ustedes quieren, pero que en mi opini\u00f3n se exager\u00f3 para usarlo como arma pol\u00edtica? No tengo ni idea del status que guarda la denuncia penal \u201cpor apolog\u00eda de homicidio\u201d que present\u00f3 un abogado seguidor del Peje en contra del comunicador, pero en redes, que no est\u00e1n reguladas, leemos cosas peores.<\/p>\n\n\n\n<p class=\"wp-block-paragraph\">2.- En los pleitos laborales de Aristegui y sus reporteros con MVS y Guti\u00e9rrez Viv\u00f3 con Radio Centro, hay mucho dinero en juego. \u00bfCu\u00e1nto le costar\u00e1 al Presidente, si no es conciliar en estos conflictos, s\u00ed conseguirles chamba en espacios radiof\u00f3nicos dignos de tan importantes personalidades?<\/p>\n\n\n\n<p class=\"wp-block-paragraph\">3.- Menudo dilema \u00e9tico enfrentar\u00e1n estos comunicadores antisistema: ni modo que ahora le peguen a quien los regresa a la radio y es el nuevo sistema hegem\u00f3nico, como en los viejos tiempos del PRI.<\/p>\n\n\n\n<p class=\"wp-block-paragraph\">La historia de siempre: \u00bfqu\u00e9 vale m\u00e1s? \u00bfser cola de le\u00f3n o cabeza de rat\u00f3n? Es delgado ese filo de navaja por donde transitan los medios y periodistas\u2026<\/p>\n\n\n\n<p class=\"wp-block-paragraph\">&nbsp;&nbsp;&nbsp;&nbsp;&nbsp;&nbsp;&nbsp;&nbsp;&nbsp;&nbsp;&nbsp;&nbsp;&nbsp;&nbsp;&nbsp;&nbsp;&nbsp;&nbsp;&nbsp;&nbsp;&nbsp;&nbsp;&nbsp;&nbsp;&nbsp;&nbsp;&nbsp;&nbsp;&nbsp;&nbsp;&nbsp;&nbsp;&nbsp;&nbsp;&nbsp;&nbsp;&nbsp;&nbsp;&nbsp;&nbsp;&nbsp;&nbsp;&nbsp;&nbsp;&nbsp;&nbsp;&nbsp;&nbsp;&nbsp;&nbsp;&nbsp;&nbsp;&nbsp;&nbsp;&nbsp;&nbsp;&nbsp;&nbsp;&nbsp;&nbsp;&nbsp;&nbsp;&nbsp;&nbsp;&nbsp;&nbsp;&nbsp;&nbsp;&nbsp;&nbsp;&nbsp;&nbsp;&nbsp;&nbsp;&nbsp;&nbsp;&nbsp;&nbsp;&nbsp;&nbsp;&nbsp;&nbsp;&nbsp;&nbsp;&nbsp;&nbsp;<strong>&nbsp;&nbsp;&nbsp;&nbsp;&nbsp;&nbsp;&nbsp; ***<\/strong><\/p>\n\n\n\n<p class=\"wp-block-paragraph\">Y no s\u00e9 si sean los aires del cambio que vienen con la era pejeciana, pero Silvano Aureoles ya cambi\u00f3.<\/p>\n\n\n\n<p class=\"wp-block-paragraph\">Nos avis\u00f3 con tiempo \u2013all\u00e1 por mediados de julio- que le bajar\u00eda a ese frenetismo de andar por todos los municipios, preocup\u00e1ndose por todo y de todos, hasta de sus secretarios que siempre tra\u00eda como floreritos y \u00e9l, resolviendo. Dando la cara.<\/p>\n\n\n\n<p class=\"wp-block-paragraph\">Que la CNTE ya est\u00e1 bloqueando otra vez porque tienen bonos atrasados desde el tiempo de Leonel Godoy. Pues a buscar hasta debajo de las piedras para que el titular de Educaci\u00f3n, Alberto Frutis, pague.<\/p>\n\n\n\n<p class=\"wp-block-paragraph\">El magisterio, junto con la Universidad Michoacana, salud y seguridad, han sido los \u201ccocos\u201d no nada m\u00e1s de esta administraci\u00f3n, sino de las anteriores.<\/p>\n\n\n\n<p class=\"wp-block-paragraph\">Y como los michoacanos quer\u00edamos cambio, pues viene el cambio. L\u00f3pez Obrador resolver\u00e1 todos los problemas, acabar\u00e1 con la corrupci\u00f3n e impunidad y le bajar\u00e1 los sueldos a los que cobran mucho. Enorme desaf\u00edo para llenar tantas expectativas y que no nos salgan ahora con que no se puede.<\/p>\n\n\n\n<p class=\"wp-block-paragraph\">Por lo pronto, sigue el rector de la nicolaita, Medardo Serna, correteando al futuro Presidente para que le de los m\u00e1s de mil millones de pesos que necesita para cubrir el d\u00e9ficit de este a\u00f1o. Est\u00e1 bien que lo haga, porque Aureoles ya se cans\u00f3: todo pa\u00b4lla y nada que tapa la coladera por donde se fugan todos los recursos.<\/p>\n\n\n\n<p class=\"wp-block-paragraph\">\u00bfQu\u00e9 tal que en diciembre, ya siendo el Preciso macizo, llegue como Santo Clos con la talega de dinero? Todo puede pasar.<\/p>\n\n\n\n<p class=\"wp-block-paragraph\">Primero le pidi\u00f3 en campa\u00f1a siendo candidato, el 25 de junio que vino a Morelia. El 17 de julio lo hizo a trav\u00e9s del dirigente estatal de Morena, Roberto Pantoja. El 6 de agosto, en el Palacio de Miner\u00eda en la Ciudad de M\u00e9xico, el entonces candidato presidencial ganador se reuni\u00f3 con ingenieros del pa\u00eds y Serna Gonz\u00e1lez aprovech\u00f3 el evento para recordarle el encarguito.<\/p>\n\n\n\n<p class=\"wp-block-paragraph\">Anteayer, el Presidente electo sostuvo un encuentro con rectores y directores de las instituciones de educaci\u00f3n superior adheridas a la ANUIES; a nombre de diez universidades p\u00fablicas estatales \u2013incluida la Casa de Hidalgo-, pidi\u00f3 el respaldo financiero para estas instituciones que enfrentan problemas financieros.<\/p>\n\n\n\n<p class=\"wp-block-paragraph\">&nbsp;Pero no es lo mismo \u2013y aqu\u00ed est\u00e1 el tema-, que mientras unas buscan crecer en infraestructura, en espacios acad\u00e9micos y excelencia, la Michoacana sea la que pida para pagar salarios, prestaciones, pensiones y jubilaciones.<\/p>\n\n\n\n<p class=\"wp-block-paragraph\">Y se quem\u00f3 el seso el rector Serna para la gran idea: le pidi\u00f3 a L\u00f3pez que de los remanentes petroleros de este a\u00f1o \u2013el precio del barril estuvo esta semana en promedio 62 d\u00f3lares, 14 unidades por encima del estimado para 2018, pero con tendencia a la baja-. Entonces, f\u00e1cil: que agarre de ah\u00ed para resolverle el problema.<\/p>\n\n\n\n<p class=\"wp-block-paragraph\">Andr\u00e9s Manuel s\u00ed anunci\u00f3 un acuerdo SEP-ANUIES antes del 1 de diciembre que toma posesi\u00f3n del cargo, para fortalecer a la educaci\u00f3n superior y que cada vez m\u00e1s j\u00f3venes tengan acceso a ella y se propicie as\u00ed un mejor desarrollo de la sociedad mexicana, pero nada en espec\u00edfico sobre las universidades en crisis, porque se revisar\u00e1 caso por caso.<\/p>\n\n\n\n<p class=\"wp-block-paragraph\">Totalmente de acuerdo.<\/p>\n\n\n\n<p class=\"wp-block-paragraph\">Por eso el gobernador michoacano ya est\u00e1 m\u00e1s relajado. L\u00f3pez Obrador le resolver\u00e1 el problema a Serna y a los sindicatos\u2026<\/p>\n\n\n\n<p class=\"wp-block-paragraph\">&nbsp;&nbsp;&nbsp;&nbsp;&nbsp;&nbsp;&nbsp;&nbsp;&nbsp;&nbsp;&nbsp;&nbsp;&nbsp;&nbsp;&nbsp;&nbsp;&nbsp;&nbsp;&nbsp;&nbsp;&nbsp;&nbsp;&nbsp;&nbsp;&nbsp;&nbsp;&nbsp;&nbsp;&nbsp;&nbsp;&nbsp;&nbsp;&nbsp;&nbsp;&nbsp;&nbsp;&nbsp;&nbsp;&nbsp;&nbsp;&nbsp;&nbsp;&nbsp;&nbsp;&nbsp;&nbsp;&nbsp;&nbsp;&nbsp;&nbsp;&nbsp;&nbsp;&nbsp;&nbsp;&nbsp;&nbsp;&nbsp;&nbsp;&nbsp;&nbsp;&nbsp;&nbsp;&nbsp;&nbsp;&nbsp;&nbsp;&nbsp;&nbsp;&nbsp;&nbsp;&nbsp;&nbsp;&nbsp;&nbsp;&nbsp;&nbsp;&nbsp;&nbsp;&nbsp;&nbsp;&nbsp;&nbsp;&nbsp;&nbsp;&nbsp;&nbsp;&nbsp;&nbsp;&nbsp;&nbsp;&nbsp;&nbsp;&nbsp; ***<\/p>\n\n\n\n<p class=\"wp-block-paragraph\">Ah\u00ed est\u00e1n de esos anuncios que de entrada suenan bien. Amlo reinventar\u00e1 algo as\u00ed como la extinta Conasupo, con la refusi\u00f3n de Diconsa y Liconsa y que se denominar\u00e1 Seguridad Alimentaria Mexicana. Segalmex integrar\u00e1 la nueva canasta b\u00e1sica con 36 productos disponibles a precios bajos y atender\u00e1 a la gente m\u00e1s pobre y en lugares remotos. Nada nuevo, pero que los tecn\u00f3cratas le dieron en la madre.<\/p>\n\n\n\n<p class=\"wp-block-paragraph\">Para el campo, tambi\u00e9n dio a conocer el proyecto de cr\u00e9dito a la palabra de los ganaderos, con el acopio de un mill\u00f3n de becerros y 50 mil sementales, para que se pueda mantener no s\u00f3lo el ato sino mejorar la oferta de carne de alta calidad, mejorar la ganader\u00eda y fortalecer el ganado de carne y leche, principalmente en el sur y sureste del pa\u00eds.<\/p>\n\n\n\n<p class=\"wp-block-paragraph\">El tercer rubro anunciado fue la producci\u00f3n de fertilizantes para proveer a las empresas nacionales y reducir las dependencias externas de esos productos a lo largo de su sexenio, adem\u00e1s de lograr la autosuficiencia en la producci\u00f3n de los mismos.<\/p>\n\n\n\n<p class=\"wp-block-paragraph\">Trabajar\u00e1 para mejorar cuatro cultivos: ma\u00edz, frijol, trigo harinero y arroz, en especial en la parte del sur y sureste del pa\u00eds para fortalecer la seguridad alimentaria y autosuficiencia de los productos b\u00e1sicos e ir reduciendo la dependencia de la importaci\u00f3n. Con lo anterior, se\u00f1al\u00f3, se podr\u00e1 dar a los peque\u00f1os productores apoyos y precios de garant\u00edas, as\u00ed como certidumbre y seguridad de que sus cultivos tendr\u00e1n buenos precios.<\/p>\n\n\n\n<p class=\"wp-block-paragraph\">&nbsp;&nbsp;&nbsp;&nbsp;&nbsp;&nbsp;&nbsp;&nbsp;&nbsp;&nbsp;&nbsp;&nbsp;&nbsp;&nbsp;&nbsp;&nbsp;&nbsp;&nbsp;&nbsp;&nbsp;&nbsp;&nbsp;&nbsp;&nbsp;&nbsp;&nbsp;&nbsp;&nbsp;&nbsp;&nbsp;&nbsp;&nbsp;&nbsp;&nbsp;&nbsp;&nbsp;&nbsp;&nbsp;&nbsp;&nbsp;&nbsp;&nbsp;&nbsp;&nbsp;&nbsp;&nbsp;&nbsp;&nbsp;&nbsp;&nbsp;&nbsp;&nbsp;&nbsp;&nbsp;&nbsp;&nbsp;&nbsp;&nbsp;&nbsp;&nbsp;&nbsp;&nbsp;&nbsp;&nbsp;&nbsp;&nbsp;&nbsp;&nbsp;&nbsp;&nbsp;&nbsp;&nbsp;&nbsp;&nbsp;&nbsp;&nbsp;&nbsp;&nbsp;&nbsp;&nbsp;&nbsp;&nbsp;&nbsp;&nbsp;&nbsp;&nbsp;&nbsp;&nbsp;&nbsp;&nbsp;&nbsp;&nbsp;&nbsp;<strong>&nbsp;***<\/strong><\/p>\n\n\n\n<p class=\"wp-block-paragraph\"><strong>LA COMIDILLA<\/strong><\/p>\n\n\n\n<p class=\"wp-block-paragraph\">El homicidio del alcalde electo de Buenavista Tomatl\u00e1n, Eliseo Delgado, el 20 de julio, provoc\u00f3 severas cr\u00edticas de parte de los \u201cmorenos\u201d. El dirigente partidista, Roberto Pantoja y legisladores electos se le fueron a la yugular al gobernador, por la flaca seguridad que ofrece y le exigieron airadamente que aclarara el crimen.<\/p>\n\n\n\n<p class=\"wp-block-paragraph\">Pues la Procuradur\u00eda General de Justicia est\u00e1 en eso, pero mientras ya vincularon a proceso a un hijo de don Eliseo, de mismo nombre y con el alias de \u201cEl Conejo\u201d, por estar relacionado con el asesinato de quien se desempe\u00f1aba como encargado de la presidencia municipal, Javier Ure\u00f1a, el 27 de junio.<\/p>\n\n\n\n<p class=\"wp-block-paragraph\">Sobre la detenci\u00f3n, curiosamente, ning\u00fan dirigente de Morena abri\u00f3 la boca, aun cuando se dio a conocer el mismo d\u00eda en que se encontraban reunidos para el Foro por la paz y la reconciliaci\u00f3n en Morelia.<\/p>\n\n\n\n<p class=\"wp-block-paragraph\">No hay mejor vitamina para fortalecer la confianza, que hablar con la verdad, por dura que sea\u2026(a)<\/p>\n\n\n\n<p class=\"wp-block-paragraph\">SEM\/mt\/IM<br><\/p>\n","protected":false},"excerpt":{"rendered":"<p>Nunca m\u00e1s censura y prensa libre, promete Amlo El dilema \u00e9tico de Aristegui y Guti\u00e9rrez Viv\u00f3 Martha Elba Torres SemM\u00e9xico, 16 agosto 2018.-La mala relaci\u00f3n del presidente Donald Trump con un importante sector de la prensa estadunidense, dir\u00eda quien esto escribe, toc\u00f3 ayer su punto m\u00e1s \u00e1lgido con los editoriales coordinados de por lo menos [&hellip;]<\/p>\n","protected":false},"author":3,"featured_media":7562,"comment_status":"open","ping_status":"open","sticky":false,"template":"","format":"standard","meta":{"_monsterinsights_skip_tracking":false,"footnotes":""},"categories":[689,99,90,35],"tags":[],"class_list":["post-7760","post","type-post","status-publish","format-standard","has-post-thumbnail","category-689","category-ambigu","category-martha-elba-torres-martinez","category-opinion"],"_links":{"self":[{"href":"https:\/\/redsemlac.com\/semmexico\/wp-json\/wp\/v2\/posts\/7760","targetHints":{"allow":["GET"]}}],"collection":[{"href":"https:\/\/redsemlac.com\/semmexico\/wp-json\/wp\/v2\/posts"}],"about":[{"href":"https:\/\/redsemlac.com\/semmexico\/wp-json\/wp\/v2\/types\/post"}],"author":[{"embeddable":true,"href":"https:\/\/redsemlac.com\/semmexico\/wp-json\/wp\/v2\/users\/3"}],"replies":[{"embeddable":true,"href":"https:\/\/redsemlac.com\/semmexico\/wp-json\/wp\/v2\/comments?post=7760"}],"version-history":[{"count":0,"href":"https:\/\/redsemlac.com\/semmexico\/wp-json\/wp\/v2\/posts\/7760\/revisions"}],"wp:featuredmedia":[{"embeddable":true,"href":"https:\/\/redsemlac.com\/semmexico\/wp-json\/wp\/v2\/media\/7562"}],"wp:attachment":[{"href":"https:\/\/redsemlac.com\/semmexico\/wp-json\/wp\/v2\/media?parent=7760"}],"wp:term":[{"taxonomy":"category","embeddable":true,"href":"https:\/\/redsemlac.com\/semmexico\/wp-json\/wp\/v2\/categories?post=7760"},{"taxonomy":"post_tag","embeddable":true,"href":"https:\/\/redsemlac.com\/semmexico\/wp-json\/wp\/v2\/tags?post=7760"}],"curies":[{"name":"wp","href":"https:\/\/api.w.org\/{rel}","templated":true}]}}