{"id":7750,"date":"2018-10-11T19:30:47","date_gmt":"2018-10-11T19:30:47","guid":{"rendered":"https:\/\/redsemlac.com\/semmexico\/?p=7750"},"modified":"2023-07-21T14:33:48","modified_gmt":"2023-07-21T19:33:48","slug":"coordenada-14","status":"publish","type":"post","link":"https:\/\/redsemlac.com\/semmexico\/coordenada-14\/","title":{"rendered":"Coordenada"},"content":{"rendered":"\n<p class=\"wp-block-paragraph\">\u00bfPor qu\u00e9 un D\u00eda Internacional sobre las ni\u00f1as?<\/p>\n\n\n\n<h5 class=\"wp-block-heading\"> \u2022 Vivir una maternidad forzada, una tragedia para ni\u00f1as y adolescentes<\/h5>\n\n\n\n<p class=\"wp-block-paragraph\"><a href=\"https:\/\/semmexico.com\/gallery-post.php?id=6087#\">Lupita Ramos<\/a><\/p>\n\n\n\n<p class=\"wp-block-paragraph\">SemM\u00e9xico, 11 octubre 2018.- El 11 de octubre, es el d\u00eda internacional de las Ni\u00f1as. El 19 de diciembre de 2011, la Asamblea General de las Naciones Unidas aprob\u00f3 la&nbsp;Resoluci\u00f3n 66\/170&nbsp;en la que declaraba el 11 de octubre como el D\u00eda Internacional de la Ni\u00f1a, con el objetivo de reconocer los derechos de las ni\u00f1as y los problemas extraordinarios a los que las ni\u00f1as se enfrentan en todo el mundo.<\/p>\n\n\n\n<p class=\"wp-block-paragraph\">Sin embargo, no se ha invertido lo suficiente para hacer frente a los desaf\u00edos a los que se enfrentan las ni\u00f1as y las adolescentes como obtener una educaci\u00f3n b\u00e1sica de calidad, evitar el matrimonio infantil, recibir informaci\u00f3n y servicios relacionados con la pubertad y la salud reproductiva, como la protecci\u00f3n contra el embarazo no deseado, las enfermedades de transmisi\u00f3n sexual y la violencia basada en el g\u00e9nero.<\/p>\n\n\n\n<p class=\"wp-block-paragraph\">Una de las grandes tragedias que viven las ni\u00f1as y adolescentes en M\u00e9xico, es la de vivir una maternidad forzada en el momento en que deber\u00edan dedicarse a jugar y no a parir. Jos\u00e9 Narro Robles, secretario de Salud federal, recientemente dio a conocer las cifras que por s\u00ed mismas resultan dram\u00e1ticas: En 2017 nacieron 9 mil 748 peque\u00f1os, de madres desde los 10 a los 14 a\u00f1os. Se\u00f1al\u00f3: \u201cHay una parte que me duele y me duele mucho, no hay espacio de salud donde no lo toque, embarazo en ni\u00f1as y en adolescentes, y el caso de las ni\u00f1as es dram\u00e1tico.<\/p>\n\n\n\n<p class=\"wp-block-paragraph\">Ya salieron los datos de INEGI, son preliminares, van a cambiar, se van a ajustar, pero no mucho, en 2017 nacieron 9 mil 748 peque\u00f1os de madres de 14, 13, 12, 11 y 10 a\u00f1os. Es m\u00e1s, cada d\u00eda de 2017 nacieron dos peque\u00f1os de madres de 10 y 11 a\u00f1os, pero, \u00bfc\u00f3mo es posible? ni biol\u00f3gica, ni moralmente y \u00e9ticamente, esto no est\u00e1 bien\u201d dijo. Tiene raz\u00f3n Narro Robles, no hay justificaci\u00f3n alguna para que las ni\u00f1as en nuestro pa\u00eds dejen de serlo y se les obligue una maternidad forzada.<\/p>\n\n\n\n<p class=\"wp-block-paragraph\">Ninguna ni\u00f1a deber\u00eda ser violentada sexualmente, ninguna ni\u00f1a deber\u00eda ser forzada a ser madre. Narro Robles se\u00f1al\u00f3 que como sociedad se debe trabajar en la casa y en las escuelas, sobre todo en la primaria y secundaria, pero tambi\u00e9n en el bachillerato. \u201cEl 70 por ciento de quienes las embarazan\u2026 porque las ni\u00f1as no se embarazan solas, alguien las embaraz\u00f3, es un adulto, 18 a\u00f1os o m\u00e1s y \u00bfd\u00f3nde sucede esto?: En la casa, en el sitio donde deber\u00edan estar m\u00e1s protegidas, m\u00e1s cuidadas\u201d.<\/p>\n\n\n\n<p class=\"wp-block-paragraph\">Es claro que&nbsp;hay una relaci\u00f3n directa entre el embarazo infantil y el abuso sexual dentro de la familia en M\u00e9xico, quien tiene el mayor \u00edndice de embarazos infantiles y adolescentes de la OCDE: uno de cada cinco embarazos en el pa\u00eds son de adolescentes y ni\u00f1as que no alcanzan los 18 a\u00f1os.<\/p>\n\n\n\n<p class=\"wp-block-paragraph\">Un dato que revela la indefensi\u00f3n de esas ni\u00f1as y adolescentes: Seg\u00fan&nbsp;la Encuesta Nacional de Salud y Nutrici\u00f3n (ENSANUT) del 2012,&nbsp;70 por ciento de las ni\u00f1as de entre 10 y 14 a\u00f1os que tuvieron un hijo nacido vivo, el padre ten\u00eda entre 18 y 78 a\u00f1os. Finalmente, alrededor del 90 por ciento de los cr\u00edmenes sexuales contra ni\u00f1as y adolescentes no son denunciados, es decir, existe una impunidad permisiva de una sociedad doble moral que permite que sus ni\u00f1as y adolescentes sean violadas y forzadas a ser madres. Este d\u00eda de las ni\u00f1as en M\u00e9xico, recordemos la obligaci\u00f3n del Estado de prevenir la violencia sexual contra las ni\u00f1as y garantizar el desarrollo pleno de ni\u00f1ez. #Ni\u00f1asNoMadres.<\/p>\n\n\n\n<p class=\"wp-block-paragraph\"><a href=\"mailto:lupitaramosponce@gmail.com\">lupitaramosponce@gmail.com<\/a><\/p>\n\n\n\n<p class=\"wp-block-paragraph\">@lupitaramosponce<\/p>\n","protected":false},"excerpt":{"rendered":"<p>\u00bfPor qu\u00e9 un D\u00eda Internacional sobre las ni\u00f1as? \u2022 Vivir una maternidad forzada, una tragedia para ni\u00f1as y adolescentes Lupita Ramos SemM\u00e9xico, 11 octubre 2018.- El 11 de octubre, es el d\u00eda internacional de las Ni\u00f1as. El 19 de diciembre de 2011, la Asamblea General de las Naciones Unidas aprob\u00f3 la&nbsp;Resoluci\u00f3n 66\/170&nbsp;en la que declaraba [&hellip;]<\/p>\n","protected":false},"author":3,"featured_media":7651,"comment_status":"open","ping_status":"open","sticky":false,"template":"","format":"standard","meta":{"_monsterinsights_skip_tracking":false,"footnotes":""},"categories":[689,91],"tags":[],"class_list":["post-7750","post","type-post","status-publish","format-standard","has-post-thumbnail","category-689","category-lupita-ramos-ponce"],"_links":{"self":[{"href":"https:\/\/redsemlac.com\/semmexico\/wp-json\/wp\/v2\/posts\/7750","targetHints":{"allow":["GET"]}}],"collection":[{"href":"https:\/\/redsemlac.com\/semmexico\/wp-json\/wp\/v2\/posts"}],"about":[{"href":"https:\/\/redsemlac.com\/semmexico\/wp-json\/wp\/v2\/types\/post"}],"author":[{"embeddable":true,"href":"https:\/\/redsemlac.com\/semmexico\/wp-json\/wp\/v2\/users\/3"}],"replies":[{"embeddable":true,"href":"https:\/\/redsemlac.com\/semmexico\/wp-json\/wp\/v2\/comments?post=7750"}],"version-history":[{"count":0,"href":"https:\/\/redsemlac.com\/semmexico\/wp-json\/wp\/v2\/posts\/7750\/revisions"}],"wp:featuredmedia":[{"embeddable":true,"href":"https:\/\/redsemlac.com\/semmexico\/wp-json\/wp\/v2\/media\/7651"}],"wp:attachment":[{"href":"https:\/\/redsemlac.com\/semmexico\/wp-json\/wp\/v2\/media?parent=7750"}],"wp:term":[{"taxonomy":"category","embeddable":true,"href":"https:\/\/redsemlac.com\/semmexico\/wp-json\/wp\/v2\/categories?post=7750"},{"taxonomy":"post_tag","embeddable":true,"href":"https:\/\/redsemlac.com\/semmexico\/wp-json\/wp\/v2\/tags?post=7750"}],"curies":[{"name":"wp","href":"https:\/\/api.w.org\/{rel}","templated":true}]}}