{"id":77494,"date":"2024-02-19T16:51:31","date_gmt":"2024-02-19T22:51:31","guid":{"rendered":"https:\/\/redsemlac.com\/semmexico\/?p=77494"},"modified":"2024-02-19T16:51:31","modified_gmt":"2024-02-19T22:51:31","slug":"retrato-hereje-inai-que-quieren-claudia-y-xochitl","status":"publish","type":"post","link":"https:\/\/redsemlac.com\/semmexico\/retrato-hereje-inai-que-quieren-claudia-y-xochitl\/","title":{"rendered":"Retrato Hereje| INAI: \u00bfQu\u00e9 quieren Claudia y X\u00f3chitl?"},"content":{"rendered":"\n<p class=\"wp-block-paragraph\"><strong>Roberto Rock*<\/strong><\/p>\n\n\n\n<p class=\"wp-block-paragraph\">SemM\u00e9xico, Ciudad de M\u00e9xico, 19 de febrero, 2024.- El INAI, la agencia garante de la transparencia p\u00fablica -quiz\u00e1 el avance democr\u00e1tico m\u00e1s importante de los \u00faltimos 20 a\u00f1os-, ha estado bajo fuego durante toda la administraci\u00f3n L\u00f3pez Obrador, que ha propuesto su desaparici\u00f3n en el paquete de iniciativas de reformas constitucionales de \u00faltima hora. Pero en semanas recientes atrajo consultas de las dos principales candidaturas presidenciales, lo cual abre el enigma de cu\u00e1l ser\u00e1 la definici\u00f3n en este campo de Claudia Sheinbaum y de X\u00f3chitl G\u00e1lvez.<\/p>\n\n\n\n<p class=\"wp-block-paragraph\">El sabotaje contra el Instituto Nacional de Transparencia, Acceso a la informaci\u00f3n y Protecci\u00f3n de Datos Personales, que preside actualmente Adri\u00e1n Alcal\u00e1, encara frentes m\u00faltiples: ataques cotidianos en las ma\u00f1aneras de Palacio; el dilatado bloqueo -con la complicidad del Senado- para nombrar a integrantes faltantes de su pleno. Tambi\u00e9n, una c\u00edclica pugna interna, sea por intereses burocr\u00e1ticos, sea por la imposici\u00f3n de emisarios de poderes externos, como ocurre hoy con la comisionada Julieta del R\u00edo Venegas, sometida al gobernador zacatecano morenista David Monreal.<\/p>\n\n\n\n<p class=\"wp-block-paragraph\">Representantes de los equipos de la doctora Sheinbaum y de la ingeniera G\u00e1lvez acudieron, en fechas diferentes de enero, a la sede del INAI para cruzar impresiones con sus cuatro integrantes -desde hace m\u00e1s de un a\u00f1o se hallan ac\u00e9falas tres posiciones m\u00e1s. Las se\u00f1ales que dej\u00f3 cada reuni\u00f3n discreparon hondamente.<\/p>\n\n\n\n<p class=\"wp-block-paragraph\">Por parte de la aspirante presidencial del oficialismo (Morena y partidos sat\u00e9lite), acudi\u00f3 una misi\u00f3n encabezada por Javier Corral, exgobernador de Chihuahua, coordinador de los temas anticorrupci\u00f3n y \u00e9l mismo con una trayectoria identificada con la transparencia. Los visitantes usaron la mejor forma de la comunicaci\u00f3n: preguntar. Dejaron un buen sabor de boca.<\/p>\n\n\n\n<p class=\"wp-block-paragraph\">El coordinador de la campa\u00f1a del frente opositor (PAN-PRI-PRD), Santiago Creel, solicit\u00f3 tambi\u00e9n un encuentro, pero s\u00f3lo acudi\u00f3 Mar\u00eda Elena P\u00e9rez Ja\u00e9n, personaje tormentoso y controvertido. De acuerdo con testimonios recogidos, la diputada federal emergente (supli\u00f3 a la actual gobernadora panista de Aguascalientes, Teresa Jim\u00e9nez), hizo gala de su mejor destreza: un incontenible protagonismo.<\/p>\n\n\n\n<p class=\"wp-block-paragraph\">La ausencia de Creel -secretario de Gobernaci\u00f3n bajo el gobierno Fox, cuando fue aprobada la creaci\u00f3n del entonces IFAI- proyect\u00f3 falta de sensibilidad del equipo G\u00e1lvez en una coyuntura importante del debate sobre la transparencia p\u00fablica en M\u00e9xico.<\/p>\n\n\n\n<p class=\"wp-block-paragraph\">Las contiendas pol\u00edticas rumbo a la cita con las urnas de junio pr\u00f3ximo no podr\u00e1n eludir posicionamientos de Claudia Sheinbaum, de X\u00f3chitl G\u00e1lvez y del hasta ahora fantasmag\u00f3rico Jorge \u00c1lvarez M\u00e1ynez -aspirante de Movimiento Ciudadano-, no \u00fanicamente con respecto al INAI, sino ante la condici\u00f3n refractaria del gobierno L\u00f3pez Obrador en materia de transparencia y rendici\u00f3n de cuentas, como se demuestra en la asignaci\u00f3n de contratos por asignaci\u00f3n directa lo mismo a las compa\u00f1\u00edas favoritas de la econom\u00eda mexicana -como las del ingeniero Carlos Slim- que a&nbsp;<em>empresas de temporal<\/em>&nbsp;surgidas al amparo de la nueva administraci\u00f3n.<\/p>\n\n\n\n<p class=\"wp-block-paragraph\">La deliberaci\u00f3n de esta agenda debe abordar, tambi\u00e9n con car\u00e1cter ineludible, si el dise\u00f1o jur\u00eddico del INAI es el adecuado para los retos que debe encarar, lo que incluye la designaci\u00f3n de sus comisionados con criterios que garanticen experiencia e independencia.<\/p>\n\n\n\n<p class=\"wp-block-paragraph\"><strong>Apuntes:&nbsp;<\/strong>\u00bfQu\u00e9 habr\u00e1 ocurrido durante la administraci\u00f3n de&nbsp;<strong>Javier May<\/strong>&nbsp;en&nbsp;<strong>Fonatur<\/strong>&nbsp;que este organismo, al que se encomend\u00f3 construir el Tren Maya, entr\u00f3 en un silencioso proceso de extinci\u00f3n administrativa? Nadie en las secretar\u00edas de Hacienda y de Comunicaciones acept\u00f3 recibir los estados contables de May, por lo que esa tarea amarga le fue encomendada, desde las sombras, al senador&nbsp;<strong>Jos\u00e9 Antonio \u00c1lvarez Lima<\/strong>. May Rodr\u00edguez, aliado del ahora&nbsp;<strong>presidente L\u00f3pez Obrador<\/strong>&nbsp;desde finales de los 80, apenas termin\u00f3 la secundaria. \u00bfSer\u00e1 que sus destrezas juveniles como hojalatero lo dotaron de talentos en una de las obras m\u00e1s emblem\u00e1ticas del sexenio? Alg\u00fan m\u00e9rito habr\u00e1 acumulado, que ahora es el candidato oficial de Morena para la gubernatura de Tabasco -el nuevo territorio cedido al crimen organizado.<\/p>\n\n\n\n<figure class=\"wp-block-image size-full\"><a href=\"https:\/\/redsemlac.com\/semmexico\/wp-content\/uploads\/2024\/02\/rock1.png\"><img loading=\"lazy\" decoding=\"async\" width=\"160\" height=\"160\" src=\"https:\/\/redsemlac.com\/semmexico\/wp-content\/uploads\/2024\/02\/rock1.png\" alt=\"\" class=\"wp-image-77496\"\/><\/a><figcaption class=\"wp-element-caption\">*Director de la Silla Rota<\/figcaption><\/figure>\n\n\n\n<p class=\"wp-block-paragraph\"><\/p>\n","protected":false},"excerpt":{"rendered":"<p>El INAI, ha estado bajo fuego durante toda la administraci\u00f3n L\u00f3pez Obrador.<\/p>\n","protected":false},"author":3,"featured_media":77495,"comment_status":"open","ping_status":"open","sticky":false,"template":"","format":"standard","meta":{"_monsterinsights_skip_tracking":false,"footnotes":""},"categories":[141],"tags":[228],"class_list":["post-77494","post","type-post","status-publish","format-standard","has-post-thumbnail","category-elecciones-2020-2021","tag-elecciones"],"_links":{"self":[{"href":"https:\/\/redsemlac.com\/semmexico\/wp-json\/wp\/v2\/posts\/77494","targetHints":{"allow":["GET"]}}],"collection":[{"href":"https:\/\/redsemlac.com\/semmexico\/wp-json\/wp\/v2\/posts"}],"about":[{"href":"https:\/\/redsemlac.com\/semmexico\/wp-json\/wp\/v2\/types\/post"}],"author":[{"embeddable":true,"href":"https:\/\/redsemlac.com\/semmexico\/wp-json\/wp\/v2\/users\/3"}],"replies":[{"embeddable":true,"href":"https:\/\/redsemlac.com\/semmexico\/wp-json\/wp\/v2\/comments?post=77494"}],"version-history":[{"count":0,"href":"https:\/\/redsemlac.com\/semmexico\/wp-json\/wp\/v2\/posts\/77494\/revisions"}],"wp:featuredmedia":[{"embeddable":true,"href":"https:\/\/redsemlac.com\/semmexico\/wp-json\/wp\/v2\/media\/77495"}],"wp:attachment":[{"href":"https:\/\/redsemlac.com\/semmexico\/wp-json\/wp\/v2\/media?parent=77494"}],"wp:term":[{"taxonomy":"category","embeddable":true,"href":"https:\/\/redsemlac.com\/semmexico\/wp-json\/wp\/v2\/categories?post=77494"},{"taxonomy":"post_tag","embeddable":true,"href":"https:\/\/redsemlac.com\/semmexico\/wp-json\/wp\/v2\/tags?post=77494"}],"curies":[{"name":"wp","href":"https:\/\/api.w.org\/{rel}","templated":true}]}}