{"id":77482,"date":"2024-02-19T15:17:55","date_gmt":"2024-02-19T21:17:55","guid":{"rendered":"https:\/\/redsemlac.com\/semmexico\/?p=77482"},"modified":"2024-02-19T15:17:56","modified_gmt":"2024-02-19T21:17:56","slug":"opinion-sacerdotes-y-ninos-armados-frente-a-un-estado-fallido","status":"publish","type":"post","link":"https:\/\/redsemlac.com\/semmexico\/opinion-sacerdotes-y-ninos-armados-frente-a-un-estado-fallido\/","title":{"rendered":"Opini\u00f3n| Sacerdotes, y ni\u00f1os armados frente a un Estado fallido\u00a0"},"content":{"rendered":"\n<p class=\"wp-block-paragraph\"><strong>Ang\u00e9lica de la Pe\u00f1a*<\/strong><\/p>\n\n\n\n<p class=\"wp-block-paragraph\">SemM\u00e9xico, Ciudad de M\u00e9xico, 19 de febrero, 2024.- Dos hechos alarmantes: una es la nota que informa que obispos y sacerdotes cat\u00f3licos se han reunido con capos de c\u00e1rteles contrarios para buscar acuerdos que pongan fin a la violencia que aqueja a Guerrero, y a Michoac\u00e1n. Buscan apagar los fuegos que el gobierno no quiere apagar, dice el obispo em\u00e9rito de Chilpancingo.<\/p>\n\n\n\n<p class=\"wp-block-paragraph\">El otro hecho es la imagen de ni\u00f1as y ni\u00f1os portando armas de la polic\u00eda comunitaria de Ayahualtempa, Guerrero, como reacci\u00f3n a los asesinatos de sus padres y porque tienen que cuidar sus pocas pertenencias. Ambos hechos son evidencia de un Estado fallido.<\/p>\n\n\n\n<p class=\"wp-block-paragraph\">El Presidente en lugar de justificar los esfuerzos de sacerdotes y decir que est\u00e1 bien que busquen acuerdos con los c\u00e1rteles poniendo en riesgo sus vidas, deber\u00eda avergonzarse, porque en realidad es una cr\u00edtica a su incapacidad como gobernante. En el caso de las ni\u00f1as y ni\u00f1os, ha hecho mutis.<\/p>\n\n\n\n<p class=\"wp-block-paragraph\">Desde que asumi\u00f3 la Presidencia debi\u00f3 garantizar la seguridad p\u00fablica como funci\u00f3n fundamental del Estado. La evaluaci\u00f3n de su mandato es fatal: no est\u00e1 salvaguardando la vida, ni las libertades, ni la integridad ni el patrimonio de las personas. Ha incumplido con preservar el orden p\u00fablico; no hay paz social a pesar de que cuenta con una Guardia Nacional con m\u00e1s de 128 mil elementos.<\/p>\n\n\n\n<p class=\"wp-block-paragraph\">Est\u00e1 llegando la hora de rendir cuentas, ya se le acab\u00f3 el sexenio. Quiso ser Presidente para construir un aeropuerto que no sirve, un tren que en realidad es un ecocidio, una refiner\u00eda con altos costos econ\u00f3micos y medioambientales, rescatar absurdamente a Pemex que es un barril sin fondo. Ah\u00ed se le fue el erario p\u00fablico y de una deuda externa absurda; porque adem\u00e1s dej\u00f3 de comprar medicinas creando una crisis humanitaria. Tuvo mayor\u00edas en las c\u00e1maras del Congreso, sus diputadas y diputados le aprobaron sin chistar y cabizbajos recursos del Presupuesto de Egresos de la Federaci\u00f3n para sus caprichos; todas y todos asumieron su orden, porque es un honor estar con Obrador. \u00a1Basta! Tenemos que rectificar el rumbo.<\/p>\n\n\n\n<p class=\"wp-block-paragraph\">No es la primera ocasi\u00f3n que el pueblo mexicano ha actuado con \u00edmpetu y valor para remontar a los malos gobiernos. La guerra de Independencia, las locuras de L\u00f3pez de Santa Anna y la p\u00e9rdida de la mitad del pa\u00eds. El declive que deriv\u00f3 en el empoderamiento de los conservadores y la llegada del emperador franc\u00e9s. En el siglo XIX tuvimos un peque\u00f1o respiro para instaurar las grandes reformas liberales hacia la reconstrucci\u00f3n de una rep\u00fablica. Pero hubo un retroceso con la dictadura porfirista. Con \u00edmpetu y valor lleg\u00f3 la Revoluci\u00f3n y la Constituci\u00f3n del 17. Terminamos el siglo XX con el voto de las mujeres, sin duda una brisa de agua fresca.<\/p>\n\n\n\n<p class=\"wp-block-paragraph\">Exigimos con \u00edmpetu y valor elecciones libres y limpias, el respeto a la pluralidad y a los derechos humanos, as\u00ed llegamos al siglo XXI.<\/p>\n\n\n\n<p class=\"wp-block-paragraph\">Este gobierno pasar\u00e1 a la historia como inepto y mal\u00e9volo. La lista de los errores ya tienen connotaci\u00f3n de cr\u00edmenes de lesa humanidad. Incompetente para asegurar el libre y seguro tr\u00e1nsito por los espacios p\u00fablicos y la seguridad en los \u00e1mbitos privados: particularmente nunca le interes\u00f3 la seguridad y la vida de las mujeres.<\/p>\n\n\n\n<p class=\"wp-block-paragraph\">Hoy nuevamente estamos frente a un dilema de trascendencia hist\u00f3rica. S\u00f3lo hay dos caminos: la continuidad de la desgracia e incompetencia, de la violencia contra la ciudadan\u00eda indefensa; o tocamos fondo y asumimos el reto con \u00edmpetu y valor, y en junio vamos por el rescate de la Presidencia. Ese reto nos lleva a X\u00f3chitl G\u00e1lvez.<\/p>\n\n\n\n<p class=\"wp-block-paragraph\"><em>*Defensora de derechos humanos<\/em><\/p>\n","protected":false},"excerpt":{"rendered":"<p>Este gobierno pasar\u00e1 a la historia como inepto y mal\u00e9volo. <\/p>\n","protected":false},"author":3,"featured_media":70898,"comment_status":"open","ping_status":"open","sticky":false,"template":"","format":"standard","meta":{"_monsterinsights_skip_tracking":false,"footnotes":""},"categories":[725,35],"tags":[459],"class_list":["post-77482","post","type-post","status-publish","format-standard","has-post-thumbnail","category-angelica-de-la-pena","category-opinion","tag-opinion"],"_links":{"self":[{"href":"https:\/\/redsemlac.com\/semmexico\/wp-json\/wp\/v2\/posts\/77482","targetHints":{"allow":["GET"]}}],"collection":[{"href":"https:\/\/redsemlac.com\/semmexico\/wp-json\/wp\/v2\/posts"}],"about":[{"href":"https:\/\/redsemlac.com\/semmexico\/wp-json\/wp\/v2\/types\/post"}],"author":[{"embeddable":true,"href":"https:\/\/redsemlac.com\/semmexico\/wp-json\/wp\/v2\/users\/3"}],"replies":[{"embeddable":true,"href":"https:\/\/redsemlac.com\/semmexico\/wp-json\/wp\/v2\/comments?post=77482"}],"version-history":[{"count":0,"href":"https:\/\/redsemlac.com\/semmexico\/wp-json\/wp\/v2\/posts\/77482\/revisions"}],"wp:featuredmedia":[{"embeddable":true,"href":"https:\/\/redsemlac.com\/semmexico\/wp-json\/wp\/v2\/media\/70898"}],"wp:attachment":[{"href":"https:\/\/redsemlac.com\/semmexico\/wp-json\/wp\/v2\/media?parent=77482"}],"wp:term":[{"taxonomy":"category","embeddable":true,"href":"https:\/\/redsemlac.com\/semmexico\/wp-json\/wp\/v2\/categories?post=77482"},{"taxonomy":"post_tag","embeddable":true,"href":"https:\/\/redsemlac.com\/semmexico\/wp-json\/wp\/v2\/tags?post=77482"}],"curies":[{"name":"wp","href":"https:\/\/api.w.org\/{rel}","templated":true}]}}