{"id":7747,"date":"2018-08-30T19:28:39","date_gmt":"2018-08-30T19:28:39","guid":{"rendered":"https:\/\/redsemlac.com\/semmexico\/?p=7747"},"modified":"2023-07-21T14:33:18","modified_gmt":"2023-07-21T19:33:18","slug":"el-cinismo-gansteril-de-poncho-hasta-el-ultimo-dia-quiere-hacer-negocio","status":"publish","type":"post","link":"https:\/\/redsemlac.com\/semmexico\/el-cinismo-gansteril-de-poncho-hasta-el-ultimo-dia-quiere-hacer-negocio\/","title":{"rendered":"El cinismo gansteril de Poncho; hasta el \u00faltimo d\u00eda quiere hacer negocio"},"content":{"rendered":"\n<p class=\"wp-block-paragraph\">Hace 20 a\u00f1os, el interino Carlos Macouzet ya hab\u00eda concesionado los puentes<\/p>\n\n\n\n<h5 class=\"wp-block-heading\"> Rapi\u00f1a en los accidentes automovil\u00edsticos, la corrupci\u00f3n m\u00e1s gacha<\/h5>\n\n\n\n<p class=\"wp-block-paragraph\"><a href=\"https:\/\/semmexico.com\/gallery-post.php?id=5717#\">Martha Elba Torres<\/a><\/p>\n\n\n\n<p class=\"wp-block-paragraph\">SemM\u00e9xico. Cd. de M\u00e9xico. 30 de agosto de 2018.-De veras que el cinismo gansteril del alcalde saliente de Morelia, Alfonso Mart\u00ednez Alc\u00e1zar, no tiene l\u00edmites. No nada m\u00e1s hizo negocio con la obra p\u00fablica y quiso endeudar por m\u00e1s de tres mil millones de pesos al municipio con la privatizaci\u00f3n del alumbrado p\u00fablico y el agua potable, sino hasta el final, a horas de que se vaya al carajo, pretendi\u00f3 concesionar los puentes peatonales a una empresa publicitaria.<\/p>\n\n\n\n<p class=\"wp-block-paragraph\">Al presidente entrante, el morenista Ra\u00fal Mor\u00f3n Orozco, le dio el patatuz y de inmediato hizo p\u00fablico su exhorto, muy respetuoso, para que el Cabildo saliente no aprobara semejante aberraci\u00f3n, por varias razones.<\/p>\n\n\n\n<p class=\"wp-block-paragraph\">Primero, porque significa contaminaci\u00f3n visual y est\u00e1 comprobado cient\u00edficamente que distrae a los conductores de veh\u00edculos, y segundo, lo m\u00e1s relevante, es que la inmensa mayor\u00eda de puentes peatonales son jurisdicci\u00f3n estatal y muy pocos del municipio. Hay puentes como el de la salida a Salamanca, que es federal o el de Las Am\u00e9ricas, que levantaron Los Ram\u00edrez.<\/p>\n\n\n\n<p class=\"wp-block-paragraph\">Pero no es nuevo lo del trinquete que quiso hacer Mart\u00ednez Alc\u00e1zar, que por fortuna no gan\u00f3 la reelecci\u00f3n por sus conocidas transas.<\/p>\n\n\n\n<p class=\"wp-block-paragraph\">En 2007, mientras el alcalde panista, Salvador L\u00f3pez Ordu\u00f1a, estaba de licencia&nbsp; -alega que nunca se enter\u00f3-, el \u00faltimo d\u00eda de ese a\u00f1o y cierre de administraci\u00f3n, los que se quedaron responsables del changarro, firmaron la concesi\u00f3n del usufructo de los puentes, a una empresa privada, con los que curiosamente estaban vinculados.<\/p>\n\n\n\n<p class=\"wp-block-paragraph\">\u00bfQui\u00e9nes fueron? El s\u00edndico y encargado del despacho, Carlos Macouzet Zamacona; Netzahualcoyotl V\u00e1zquez, entonces regidor y el empresario Eduardo S\u00e1nchez -hoy bien morenista porque hay que acabar con la corrupci\u00f3n- fue el que llev\u00f3 la propuesta.<\/p>\n\n\n\n<p class=\"wp-block-paragraph\">La concesi\u00f3n a KMedios, fue otorgada para 20 a\u00f1os, es decir, fenece este 2018 porque entr\u00f3 en vigencia en 2008, y por lo leonino del permiso, KMedios nunca estuvo obligada a contribuir a las arcas del municipio, y solo se comprometi\u00f3 a dar mantenimiento a los puentes, lo que nunca sucedi\u00f3.<\/p>\n\n\n\n<p class=\"wp-block-paragraph\">En 2008, ya como alcalde el pri\u00edsta Fausto Vallejo, busc\u00f3 echar abajo la concesi\u00f3n, pleito que le llev\u00f3 mucho tiempo en el Tribunal de Justicia Administrativa. Finalmente cedi\u00f3 y nunca explic\u00f3 porqu\u00e9 avent\u00f3 la toalla. Alguna vez, su concejero jur\u00eddico, me cont\u00f3 que KMedios estuvo promoviendo amparo tras amparo.<\/p>\n\n\n\n<p class=\"wp-block-paragraph\">En abril de 2015, con motivo de las elecciones federales y locales, el PRI rent\u00f3 varios espectaculares en puentes peatonales, lo que provoc\u00f3 una controversia electoral, pues el PRD aleg\u00f3 que usaba mobiliario urbano para promocionarse.<\/p>\n\n\n\n<p class=\"wp-block-paragraph\">Hoy Poncho, al vencerse esa concesi\u00f3n, quiso seguir con el negocio por 15 a\u00f1os, ahora con la empresa denominada Naranti.<\/p>\n\n\n\n<p class=\"wp-block-paragraph\">Entiendo que el profesor Mor\u00f3n, con toda la experiencia pol\u00edtica de altura que ha adquirido, no haya querido caer en esa actitud de rompe y razga que traen muchos morenistas. Ta\u00b4bien. Pero a partir de ma\u00f1ana s\u00e1bado 1 de septiembre, tiene que hacer todo para ganarse la confianza y reconocimiento de las y los morelianos, pues 84 mil votos a su favor de un padr\u00f3n que supera en el municipio los 550 mil electores, dice algo.<\/p>\n\n\n\n<p class=\"wp-block-paragraph\">Hay un compromiso fundamental del morenismo y es contra la corrupci\u00f3n. Y Mor\u00f3n tiene la responsabilidad y el reto de combatirla, por eso debe limpiar la casa, porque ahora, como se mueva y hasta respire, todo cuenta para el 2021\u2026<\/p>\n\n\n\n<p class=\"wp-block-paragraph\">&nbsp;&nbsp;&nbsp;&nbsp;&nbsp;&nbsp;&nbsp;&nbsp;&nbsp;&nbsp;&nbsp;&nbsp;&nbsp;&nbsp;&nbsp;&nbsp;&nbsp;&nbsp;&nbsp;&nbsp;&nbsp;&nbsp;&nbsp;&nbsp;&nbsp;&nbsp;&nbsp;&nbsp;&nbsp;&nbsp;&nbsp;&nbsp;&nbsp;&nbsp;&nbsp;&nbsp;&nbsp;&nbsp;&nbsp;&nbsp;&nbsp;&nbsp;&nbsp;&nbsp;&nbsp;&nbsp;&nbsp;&nbsp;&nbsp;&nbsp;&nbsp;&nbsp;&nbsp;&nbsp;&nbsp;&nbsp;&nbsp;&nbsp;&nbsp;&nbsp;&nbsp;&nbsp;&nbsp;&nbsp;&nbsp;&nbsp;&nbsp;&nbsp;&nbsp;&nbsp;&nbsp;&nbsp;&nbsp;&nbsp;&nbsp;&nbsp;&nbsp;&nbsp;&nbsp;&nbsp;&nbsp;&nbsp;&nbsp;&nbsp;&nbsp;&nbsp;&nbsp;&nbsp;&nbsp;&nbsp;&nbsp;&nbsp;&nbsp; ***<\/p>\n\n\n\n<p class=\"wp-block-paragraph\">S\u00ed. Todos bien felices y contentos porque finalmente ya no habr\u00e1 los s\u00faper salarios \u201cde insulto\u201d por arriba de los 108 mil pesos. Estoy s\u00faper de acuerd\u00edsimo que el nuevo Presidente este decidido y entorilado con acabar con la corrupci\u00f3n.<\/p>\n\n\n\n<p class=\"wp-block-paragraph\">Pero si la corrupci\u00f3n en \u201clos de arriba\u201d ofende, la que se vive cotidianamente con \u201clos de abajo\u201d, no tengo ni la menor idea de c\u00f3mo la va a combatir.<\/p>\n\n\n\n<p class=\"wp-block-paragraph\">Esta semana me enter\u00e9 de lo que vivieron dos amigos que lamentablemente sufrieron accidentes automovil\u00edsticos en carrera. Lo principal, salieron con vida. Pero terrible la rapi\u00f1a de quienes precisamente fueron parte de su rescate.<\/p>\n\n\n\n<p class=\"wp-block-paragraph\">Uno de ellos, pese a las lesiones que sufri\u00f3, estuvo consciente. Preocupad\u00edsimo, m\u00e1s que por su cartera, celular y joyas, encargaba en todo momento a quienes le apoyaban, su computadora. Nunca recuper\u00f3 nada. Ofreci\u00f3 hasta 20 mil a \u201cquien encontrara\u201d su laptop. Nada. Nadie fue. Como dice mi santa madre: le salieron patitas a los cosas.<\/p>\n\n\n\n<p class=\"wp-block-paragraph\">\u00bfCu\u00e1ntas personas que sufren una desgracia as\u00ed, no viven lo mismo? Es la corrupci\u00f3n de abajo, de la que nadie habla pero se sufre. Qu\u00e9 pena que entre esos \u201c\u00e1ngeles\u201d salvavidas haya ladrones\u2026<\/p>\n\n\n\n<p class=\"wp-block-paragraph\">&nbsp;&nbsp;&nbsp;&nbsp;&nbsp;&nbsp;&nbsp;&nbsp;&nbsp;&nbsp;&nbsp;&nbsp;&nbsp;&nbsp;&nbsp;&nbsp;&nbsp;&nbsp;&nbsp;&nbsp;&nbsp;&nbsp;&nbsp;&nbsp;&nbsp;&nbsp;&nbsp;&nbsp;&nbsp;&nbsp;&nbsp;&nbsp;&nbsp;&nbsp;&nbsp;&nbsp;&nbsp;&nbsp;&nbsp;&nbsp;&nbsp;&nbsp;&nbsp;&nbsp;&nbsp;&nbsp;&nbsp;&nbsp;&nbsp;&nbsp;&nbsp;&nbsp;&nbsp;&nbsp;&nbsp;&nbsp;&nbsp;&nbsp;&nbsp;&nbsp;&nbsp;&nbsp;&nbsp;&nbsp;&nbsp;&nbsp;&nbsp;&nbsp;&nbsp;&nbsp;&nbsp;&nbsp;&nbsp;&nbsp;&nbsp;&nbsp;&nbsp;&nbsp;&nbsp;&nbsp;&nbsp;&nbsp;&nbsp;&nbsp;&nbsp;&nbsp;&nbsp;&nbsp;&nbsp;&nbsp;&nbsp;&nbsp;&nbsp; ***<\/p>\n\n\n\n<p class=\"wp-block-paragraph\">Y a ver, c\u00f3mo sale Pe\u00f1a Nieto que ya se va, con que solo con cambios estructurales se combate la corrupci\u00f3n. \u00a1\u00bfY por qu\u00e9 jodidos, no los hizo \u00e9l?! Tuvo seis largos a\u00f1os, y en lugar de atacarla, la solap\u00f3\u2026<\/p>\n\n\n\n<p class=\"wp-block-paragraph\">&nbsp;&nbsp;&nbsp;&nbsp;&nbsp;&nbsp;&nbsp;&nbsp;&nbsp;&nbsp;&nbsp;&nbsp;&nbsp;&nbsp;&nbsp;&nbsp;&nbsp;&nbsp;&nbsp;&nbsp;&nbsp;&nbsp;&nbsp;&nbsp;&nbsp;&nbsp;&nbsp;&nbsp;&nbsp;&nbsp;&nbsp;&nbsp;&nbsp;&nbsp;&nbsp;&nbsp;&nbsp;&nbsp;&nbsp;&nbsp;&nbsp;&nbsp;&nbsp;&nbsp;&nbsp;&nbsp;&nbsp;&nbsp;&nbsp;&nbsp;&nbsp;&nbsp;&nbsp;&nbsp;&nbsp;&nbsp;&nbsp;&nbsp;&nbsp;&nbsp;&nbsp;&nbsp;&nbsp;&nbsp;&nbsp;&nbsp;&nbsp;&nbsp;&nbsp;&nbsp;&nbsp;&nbsp;&nbsp;&nbsp;&nbsp;&nbsp;&nbsp;&nbsp;&nbsp;&nbsp;&nbsp;&nbsp;&nbsp;&nbsp;&nbsp;&nbsp;&nbsp;&nbsp;&nbsp;&nbsp;&nbsp;&nbsp;&nbsp; ***<\/p>\n\n\n\n<p class=\"wp-block-paragraph\">Por cierto, \u00bfalguien se acuerda de los foros para la Pacificaci\u00f3n y a Reconciliaci\u00f3n?<\/p>\n\n\n\n<p class=\"wp-block-paragraph\">Al de Torre\u00f3n, el 9 de agosto, todav\u00eda fue Alfonso Durazo. En Acapulco, el 28, ya de plano no asisti\u00f3 y mand\u00f3 como representante a Alejandro Encinas, quien estar\u00e1 en Gobernaci\u00f3n y se encargar\u00e1 de la \u201cComisi\u00f3n de la Verdad\u201d del caso Ayotzinapa. Tal vez por eso.<\/p>\n\n\n\n<p class=\"wp-block-paragraph\">A estas alturas, L\u00f3pez Obrador ya debe tener claro que nadie quiere perd\u00f3n para los asesinos, violadores, secuestradores y descuartizadores de este pa\u00eds, sino justicia. A ver c\u00f3mo.<\/p>\n\n\n\n<p class=\"wp-block-paragraph\">Este septiembre va a haber un montonal foros para quien le interese ir: el 11, en Tijuana; 14, en Nezahualc\u00f3yotl; 18, Monterrey; 20, Saltillo; 25, Puebla y 27, Tlaxcala.<\/p>\n\n\n\n<p class=\"wp-block-paragraph\">Est\u00e1n en marcha las consultas de educaci\u00f3n y para decidir qu\u00e9 hacemos con las obras del Nuevo Aeropuerto Internacional de la Ciudad de M\u00e9xico (NAICM), aunque nadie haya difundido una direcci\u00f3n electr\u00f3nica para siquiera echar un ojo. Amlo, muy mono, invita a participar, pero no dijo en su video, c\u00f3mo.<\/p>\n\n\n\n<p class=\"wp-block-paragraph\">Entonces, as\u00ed c\u00f3mo. Es pura jalada. Pero contentos \u201clos chairos\u201d \u00bfno?&#8230;<\/p>\n","protected":false},"excerpt":{"rendered":"<p>Hace 20 a\u00f1os, el interino Carlos Macouzet ya hab\u00eda concesionado los puentes Rapi\u00f1a en los accidentes automovil\u00edsticos, la corrupci\u00f3n m\u00e1s gacha Martha Elba Torres SemM\u00e9xico. Cd. de M\u00e9xico. 30 de agosto de 2018.-De veras que el cinismo gansteril del alcalde saliente de Morelia, Alfonso Mart\u00ednez Alc\u00e1zar, no tiene l\u00edmites. No nada m\u00e1s hizo negocio con [&hellip;]<\/p>\n","protected":false},"author":3,"featured_media":7562,"comment_status":"open","ping_status":"open","sticky":false,"template":"","format":"standard","meta":{"_monsterinsights_skip_tracking":false,"footnotes":""},"categories":[689,99,90,35],"tags":[],"class_list":["post-7747","post","type-post","status-publish","format-standard","has-post-thumbnail","category-689","category-ambigu","category-martha-elba-torres-martinez","category-opinion"],"_links":{"self":[{"href":"https:\/\/redsemlac.com\/semmexico\/wp-json\/wp\/v2\/posts\/7747","targetHints":{"allow":["GET"]}}],"collection":[{"href":"https:\/\/redsemlac.com\/semmexico\/wp-json\/wp\/v2\/posts"}],"about":[{"href":"https:\/\/redsemlac.com\/semmexico\/wp-json\/wp\/v2\/types\/post"}],"author":[{"embeddable":true,"href":"https:\/\/redsemlac.com\/semmexico\/wp-json\/wp\/v2\/users\/3"}],"replies":[{"embeddable":true,"href":"https:\/\/redsemlac.com\/semmexico\/wp-json\/wp\/v2\/comments?post=7747"}],"version-history":[{"count":0,"href":"https:\/\/redsemlac.com\/semmexico\/wp-json\/wp\/v2\/posts\/7747\/revisions"}],"wp:featuredmedia":[{"embeddable":true,"href":"https:\/\/redsemlac.com\/semmexico\/wp-json\/wp\/v2\/media\/7562"}],"wp:attachment":[{"href":"https:\/\/redsemlac.com\/semmexico\/wp-json\/wp\/v2\/media?parent=7747"}],"wp:term":[{"taxonomy":"category","embeddable":true,"href":"https:\/\/redsemlac.com\/semmexico\/wp-json\/wp\/v2\/categories?post=7747"},{"taxonomy":"post_tag","embeddable":true,"href":"https:\/\/redsemlac.com\/semmexico\/wp-json\/wp\/v2\/tags?post=7747"}],"curies":[{"name":"wp","href":"https:\/\/api.w.org\/{rel}","templated":true}]}}