{"id":77454,"date":"2024-02-19T09:20:09","date_gmt":"2024-02-19T15:20:09","guid":{"rendered":"https:\/\/redsemlac.com\/semmexico\/?p=77454"},"modified":"2024-02-19T09:20:09","modified_gmt":"2024-02-19T15:20:09","slug":"violeta-del-anahuac-marcha-de-la-democracia","status":"publish","type":"post","link":"https:\/\/redsemlac.com\/semmexico\/violeta-del-anahuac-marcha-de-la-democracia\/","title":{"rendered":"Violeta del An\u00e1huac| \u201cMarcha de la democracia\u201d"},"content":{"rendered":"\n<p class=\"wp-block-paragraph\"><strong>Isabel Ortega Morales<\/strong><\/p>\n\n\n\n<p class=\"wp-block-paragraph\">SemM\u00e9xico, Tlapa, Guerrero, 19 de octubre, 2024.- En nuestro pa\u00eds, las marchas cambiaron su objetivo, durante casi dos d\u00e9cadas el rostro de quien ocupa el poder, con un cambio, antes opositor y ahora, tambi\u00e9n de la sociedad que dec\u00eda defender, fue para opinar contra cualquier declaraci\u00f3n, acci\u00f3n o personaje que le permitiera estar en los medios que abr\u00edan espacio a un L\u00f3pez Obrador por considerar era el adalid de la democracia.<\/p>\n\n\n\n<p class=\"wp-block-paragraph\">El rostro de L\u00f3pez Obrador se ha desnudado, no, no era el adalid, era el agitador de masas, el que ten\u00eda recursos no justificables para no trabajar y hacer de su tiempo libre lo necesario para hacerse del poder que hoy ejerce con un grupo de amigos y amigas.<\/p>\n\n\n\n<p class=\"wp-block-paragraph\">\u00bfEsa era la democracia que dec\u00eda buscar?<\/p>\n\n\n\n<p class=\"wp-block-paragraph\">Si entramos al rango de la real democracia, \u00bfpor qu\u00e9 antes las marchas eran opositoras y ahora son en defensa de esa democracia?<\/p>\n\n\n\n<p class=\"wp-block-paragraph\">Porque ahora, la democracia si est\u00e1 en riesgo.<\/p>\n\n\n\n<p class=\"wp-block-paragraph\">Observando la propaganda de los partidos pol\u00edticos encuentro el rostro del presidente AMLO, imposible considerar que podr\u00eda estar en otro momento el del Mandatario que ostenta el poder, sin que saliera AMLO a combatirlo. Entonces \u00bfqu\u00e9 ha pasado para que la sociedad salga, y dedique un d\u00eda de asueto para concentrarse y pedir elecciones sin injerencia del poder en turno y del poder del narco?<\/p>\n\n\n\n<p class=\"wp-block-paragraph\">Desde los Estados Unidos sali\u00f3 un primer aviso que sacudi\u00f3 al presidente L\u00f3pez, la existencia de un expediente que da cuenta que el narco, s\u00ed, el narcotr\u00e1fico, o los capos de esos grupos criminales de nuestro pa\u00eds, hab\u00edan financiado su campa\u00f1a presidencial del 2006.<\/p>\n\n\n\n<p class=\"wp-block-paragraph\">La respuesta fue r\u00e1pida, negarlo. Pero hab\u00eda temas bilaterales que hab\u00eda que discutir entre ese pa\u00eds y el nuestro y parece, si, al menos en la lectura general as\u00ed se ve, que los acuerdos cambiaron el discurso y para tranquilizar al Mandatario Mexicano le dijeron \u201cexpediente cerrado\u201d. Pero ojo, cerrado no significa declarado inocente.<\/p>\n\n\n\n<p class=\"wp-block-paragraph\">Un trabajo period\u00edstico de Carlos Loret de Mola trajo a la mesa el tema de nueva cuenta, ratifica que el presidente L\u00f3pez Obrador recibi\u00f3 financiamiento del narco, le formaron comit\u00e9s en los municipios y les dieron carta abierta para ocupar presidencias y curules.<\/p>\n\n\n\n<p class=\"wp-block-paragraph\">La descalificaci\u00f3n a ese dicho vino del mismo Presidente. Pero el lodo est\u00e1 en su cara.<\/p>\n\n\n\n<p class=\"wp-block-paragraph\">\u00bfPor qu\u00e9 sale la ciudadan\u00eda a pedir elecciones? \u00bfPor qu\u00e9 salen grupos de distinta edad y posici\u00f3n social a defender la democracia? Porque est\u00e1 en riesgo. Porque no se puede ocultar el inter\u00e9s del Presidente de querer dejar a su delfina, de estar haciendo campa\u00f1a a su favor, de emitir mensajes para amedrentar a una sociedad desinformada pero adoctrinada que con base a su pobreza se pretende terminar con la democracia e instaurar una dictadura que someta por necesidad y miedo.<\/p>\n","protected":false},"excerpt":{"rendered":"<p>La democracia si est\u00e1 en riesgo.<\/p>\n","protected":false},"author":3,"featured_media":70206,"comment_status":"open","ping_status":"open","sticky":false,"template":"","format":"standard","meta":{"_monsterinsights_skip_tracking":false,"footnotes":""},"categories":[198,35,197],"tags":[459],"class_list":["post-77454","post","type-post","status-publish","format-standard","has-post-thumbnail","category-isabel-ortega-morales","category-opinion","category-violeta-del-anahuac","tag-opinion"],"_links":{"self":[{"href":"https:\/\/redsemlac.com\/semmexico\/wp-json\/wp\/v2\/posts\/77454","targetHints":{"allow":["GET"]}}],"collection":[{"href":"https:\/\/redsemlac.com\/semmexico\/wp-json\/wp\/v2\/posts"}],"about":[{"href":"https:\/\/redsemlac.com\/semmexico\/wp-json\/wp\/v2\/types\/post"}],"author":[{"embeddable":true,"href":"https:\/\/redsemlac.com\/semmexico\/wp-json\/wp\/v2\/users\/3"}],"replies":[{"embeddable":true,"href":"https:\/\/redsemlac.com\/semmexico\/wp-json\/wp\/v2\/comments?post=77454"}],"version-history":[{"count":0,"href":"https:\/\/redsemlac.com\/semmexico\/wp-json\/wp\/v2\/posts\/77454\/revisions"}],"wp:featuredmedia":[{"embeddable":true,"href":"https:\/\/redsemlac.com\/semmexico\/wp-json\/wp\/v2\/media\/70206"}],"wp:attachment":[{"href":"https:\/\/redsemlac.com\/semmexico\/wp-json\/wp\/v2\/media?parent=77454"}],"wp:term":[{"taxonomy":"category","embeddable":true,"href":"https:\/\/redsemlac.com\/semmexico\/wp-json\/wp\/v2\/categories?post=77454"},{"taxonomy":"post_tag","embeddable":true,"href":"https:\/\/redsemlac.com\/semmexico\/wp-json\/wp\/v2\/tags?post=77454"}],"curies":[{"name":"wp","href":"https:\/\/api.w.org\/{rel}","templated":true}]}}