{"id":77450,"date":"2024-02-19T09:10:43","date_gmt":"2024-02-19T15:10:43","guid":{"rendered":"https:\/\/redsemlac.com\/semmexico\/?p=77450"},"modified":"2024-02-19T09:10:44","modified_gmt":"2024-02-19T15:10:44","slug":"paola-espinosa-levanta-la-mano-para-dirigir-conade","status":"publish","type":"post","link":"https:\/\/redsemlac.com\/semmexico\/paola-espinosa-levanta-la-mano-para-dirigir-conade\/","title":{"rendered":"Paola Espinosa levanta la mano para dirigir CONADE"},"content":{"rendered":"\n<ul class=\"wp-block-list\">\n<li><strong>Buscar\u00e1 apoyar a las y los atletas nacionales y mejorar el trato con deportistas.<\/strong><\/li>\n<\/ul>\n\n\n\n<p class=\"wp-block-paragraph\"><strong>Irma Cuevas<\/strong><\/p>\n\n\n\n<p class=\"wp-block-paragraph\">SemM\u00e9xico, Ciudad de M\u00e9xico, 19 de febrero, 2024.- Paola Espinosa,&nbsp;<strong>doble medallista ol\u00edmpica<\/strong>, levanta la mano para dirigir al deporte en M\u00e9xico sobre todo para escuchar y apoyar a las y los atletas nacionales.<\/p>\n\n\n\n<p class=\"wp-block-paragraph\">Uno de sus objetivos ser\u00e1&nbsp;<strong>mejorar el trato con las y los deportistas<\/strong>&nbsp;quienes por mucho tiempo han pedido ser escuchados.<\/p>\n\n\n\n<p class=\"wp-block-paragraph\">\u201cPues claro, claro que se levanta la mano en cualquier momento y todo. No s\u00e9 si se d\u00e9. Ojal\u00e1 y se d\u00e9. Y si no, mira, el mensaje que yo quiero dejar es que si estoy ah\u00ed, lo tratar\u00e9 de hacer lo mejor posible. Escuchando a mis compa\u00f1eros atletas, a entrenadores, a doctores, que tanto hacen falta que los escuchen. Y si no, tambi\u00e9n, de una u otra manera, siempre estar\u00e9 apoyando al deporte\u201d.<\/p>\n\n\n\n<h2 class=\"wp-block-heading\"><strong>Sobre otros atletas que han manifestado su inter\u00e9s en dirigir la<\/strong><a href=\"https:\/\/www.gob.mx\/conade\"><strong>&nbsp;CONADE<\/strong><\/a><strong>, como el basquetbolista&nbsp;Gustavo Ay\u00f3n, Paola se\u00f1al\u00f3<\/strong><\/h2>\n\n\n\n<p class=\"wp-block-paragraph\">\u201c\u00a1Qu\u00e9 padre, qu\u00e9 padre! Me parece perfecto. Yo creo que mientras tengan ganas de ayudar, de aportar, de hacer cosas positivas en el deporte para los atletas, yo estoy de acuerdo con eso. Lo que yo quiero y lo que a m\u00ed me gusta es el deporte. Me apasiona esto de los clavados, del deporte en general. Y estar\u00eda padr\u00edsimo desde cualquier lugar seguir apoyando y aportando. Lo hago a trav\u00e9s de mi fundaci\u00f3n. Pero si llega en alg\u00fan momento la oportunidad de estar ah\u00ed, por supuesto que la tomar\u00eda\u201d.<\/p>\n\n\n\n<p class=\"wp-block-paragraph\">Tras su retiro del deporte de alto rendimiento en 2022, Paola Espinosa se ha mantenido activa con la fundaci\u00f3n que lleva su nombre y que ser\u00e1 parte del medio marat\u00f3n y marat\u00f3n de la Ciudad de M\u00e9xico 2024.&nbsp;<\/p>\n\n\n\n<h2 class=\"wp-block-heading\"><strong>Fundaciones Marat\u00f3n<\/strong><a href=\"http:\/\/noticias.imer.mx\/wp-content\/uploads\/2024\/02\/FUNDACIONES-MARATON.jpg\"><\/a><\/h2>\n\n\n\n<p class=\"wp-block-paragraph\">11 fundaciones con varios representantes correr\u00e1n con causa en el medio marat\u00f3n y el marat\u00f3n de la Ciudad de M\u00e9xico 2024.&nbsp;<\/p>\n\n\n\n<p class=\"wp-block-paragraph\">Entre las fundaciones se encuentran&nbsp;Make a Wish, APAC, Angelitos de Cristal, Reinserci\u00f3n Social y Paola Espinosa entre otras.<\/p>\n\n\n\n<p class=\"wp-block-paragraph\">Para esta edici\u00f3n&nbsp;se realizar\u00e1n reconocimientos especiales, como a la mujer corredora se\u00f1al\u00f3 Rodrigo Tapia, director t\u00e9cnico del&nbsp;marat\u00f3n.<\/p>\n\n\n\n<p class=\"wp-block-paragraph\">\u201cEste a\u00f1o, habr\u00e1 un homenaje a quien lo merece. En el medio marat\u00f3n, homenaje a la corredora, a la mujer, en el a\u00f1o de la mujer. Este a\u00f1o es una corredora. En el tema del marat\u00f3n, el homenaje va a ser al edificio y al Templo Mayor. Se cierra el sexenio, se cierra la colecci\u00f3n de las seis medallas entre cada evento y vamos a hacer algunas estrategias para que puedan recuperar la medalla los corredores que por el tema de pandemia no lo pudieron tener.\u201d&nbsp;<\/p>\n\n\n\n<p class=\"wp-block-paragraph\">Al momento, se han inscrito el 75 por ciento de corredores para el medio marat\u00f3n a realizarse el 14 de julio y 50 por ciento para el marat\u00f3n del pr\u00f3ximo 25 de&nbsp;agosto.<\/p>\n","protected":false},"excerpt":{"rendered":"<p>Buscar\u00e1 apoyar a las y los atletas nacionales y mejorar el trato con deportistas.<\/p>\n","protected":false},"author":3,"featured_media":77451,"comment_status":"open","ping_status":"open","sticky":false,"template":"","format":"standard","meta":{"_monsterinsights_skip_tracking":false,"footnotes":""},"categories":[682],"tags":[],"class_list":["post-77450","post","type-post","status-publish","format-standard","has-post-thumbnail","category-noticias"],"_links":{"self":[{"href":"https:\/\/redsemlac.com\/semmexico\/wp-json\/wp\/v2\/posts\/77450","targetHints":{"allow":["GET"]}}],"collection":[{"href":"https:\/\/redsemlac.com\/semmexico\/wp-json\/wp\/v2\/posts"}],"about":[{"href":"https:\/\/redsemlac.com\/semmexico\/wp-json\/wp\/v2\/types\/post"}],"author":[{"embeddable":true,"href":"https:\/\/redsemlac.com\/semmexico\/wp-json\/wp\/v2\/users\/3"}],"replies":[{"embeddable":true,"href":"https:\/\/redsemlac.com\/semmexico\/wp-json\/wp\/v2\/comments?post=77450"}],"version-history":[{"count":0,"href":"https:\/\/redsemlac.com\/semmexico\/wp-json\/wp\/v2\/posts\/77450\/revisions"}],"wp:featuredmedia":[{"embeddable":true,"href":"https:\/\/redsemlac.com\/semmexico\/wp-json\/wp\/v2\/media\/77451"}],"wp:attachment":[{"href":"https:\/\/redsemlac.com\/semmexico\/wp-json\/wp\/v2\/media?parent=77450"}],"wp:term":[{"taxonomy":"category","embeddable":true,"href":"https:\/\/redsemlac.com\/semmexico\/wp-json\/wp\/v2\/categories?post=77450"},{"taxonomy":"post_tag","embeddable":true,"href":"https:\/\/redsemlac.com\/semmexico\/wp-json\/wp\/v2\/tags?post=77450"}],"curies":[{"name":"wp","href":"https:\/\/api.w.org\/{rel}","templated":true}]}}