{"id":77442,"date":"2024-02-19T08:19:30","date_gmt":"2024-02-19T14:19:30","guid":{"rendered":"https:\/\/redsemlac.com\/semmexico\/?p=77442"},"modified":"2024-02-19T08:19:30","modified_gmt":"2024-02-19T14:19:30","slug":"taylor-swift-un-feminismo-que-se-queda-a-medio-gas","status":"publish","type":"post","link":"https:\/\/redsemlac.com\/semmexico\/taylor-swift-un-feminismo-que-se-queda-a-medio-gas\/","title":{"rendered":"Taylor Swift, \u00bfun feminismo que se queda a medio gas?"},"content":{"rendered":"\n<ul class=\"wp-block-list\">\n<li><strong>Acad\u00e9micas consideran que el discurso de la cantante, centrado en mujeres blancas y de clase media-alta, queda a deber, ya que no incluye a todas las mujeres.<\/strong><\/li>\n<\/ul>\n\n\n\n<p class=\"wp-block-paragraph\"><strong>Redacci\u00f3n<\/strong><\/p>\n\n\n\n<p class=\"wp-block-paragraph\">SemM\u00e9xico, Ciudad de M\u00e9xico, 19 de febrero, 2024.- Taylor Swift se ha consolidado en los \u00faltimos a\u00f1os como un referente feminista para muchos fans e incluso para los medios de comunicaci\u00f3n, pero hay acad\u00e9micas que consideran que su discurso, centrado en mujeres blancas y de clase media-alta, se queda a medio gas, ya que no incluye a todas las mujeres.<\/p>\n\n\n\n<p class=\"wp-block-paragraph\">En los \u00faltimos a\u00f1os, la artista ha construido un notable imperio musical, y parte de la prensa as\u00ed como sus seguidoras y seguidores destacan su faceta empresarial como algo \u201cempoderador\u201d y \u201cfeminista\u201d, por ser una mujer que ha logrado generar una gran riqueza con su trabajo.<\/p>\n\n\n\n<p class=\"wp-block-paragraph\">\u201cEso es el nivel superficial, porque est\u00e1s viendo a una mujer empoderada que ha roto muchas paredes para llegar donde est\u00e1. Pero cuando indagas m\u00e1s all\u00e1 de la superficie y ves lo que hace por las mujeres negras, ind\u00edgenas, de color, las que no son privilegiadas o las LGTBI, piensas que quiz\u00e1 todo eso puede ser un <em>performance<\/em>\u201d, expresa Paola Zamperini, profesora del programa: \u201cEstudios de g\u00e9nero y sexualidad\u201d de la Universidad de Evanston, en Illinois.<\/p>\n\n\n\n<p class=\"wp-block-paragraph\">La imagen de Taylor Swift como referente feminista se intensific\u00f3 en 2017, cuando se uni\u00f3 al movimiento \u2018MeToo\u2019 -iniciado a ra\u00edz de los abusos sexuales cometidos por el productor de cine estadounidense Harvey Weinstein-, as\u00ed como por su denuncia contra el DJ de radio David Mueller, al que demand\u00f3 por acoso sexual.<\/p>\n\n\n\n<p class=\"wp-block-paragraph\">Desde aquel a\u00f1o, Taylor Swift ha utilizado su altavoz en ocasiones puntuales para defender luchas hist\u00f3ricas de las mujeres como la libertad sexual o el derecho al aborto, manifest\u00e1ndose p\u00fablicamente en contra de las limitaciones a la pr\u00e1ctica del aborto en Estados Unidos.<\/p>\n\n\n\n<p class=\"wp-block-paragraph\">Pero con su activismo, Taylor Swift no llega a las mujeres que no forman parte de la clase media-alta, y en los \u00faltimos a\u00f1os sus ya de por s\u00ed escasos pronunciamientos p\u00fablicos han mermado considerablemente.<\/p>\n\n\n\n<p class=\"wp-block-paragraph\">El debate sobre la \u201cvalidez\u201d de su discurso y la cr\u00edtica sobre su casi imperceptible posicionamiento en temas relacionados con poblaciones m\u00e1s vulnerables ha resurgido tras su medi\u00e1tica presencia en el Super Bowl (a la que acudi\u00f3 para ver jugar a su pareja, el futbolista de los Chiefs Travis Kelce), o su reciente elecci\u00f3n como \u201cPersona del A\u00f1o\u201d por la revista Time.<\/p>\n\n\n\n<h2 class=\"wp-block-heading\"><strong>Taylor Swift como \u201cmujer empoderada\u201d<\/strong><\/h2>\n\n\n\n<p class=\"wp-block-paragraph\">La faceta empresarial de Taylor Swift y el hecho de que haya conseguido una gran fortuna con su trabajo musical han alimentado su imagen como una mujer feminista y empoderada: \u201cSe la considera un referente por su poder econ\u00f3mico, pero eso realmente es <em>feminismo blanco<\/em>\u201d, opina Zamperini.<\/p>\n\n\n\n<p class=\"wp-block-paragraph\">Seg\u00fan Forbes, la artista dispone de una riqueza de 1,100 millones de d\u00f3lares.<\/p>\n\n\n\n<p class=\"wp-block-paragraph\">\u201cTaylor Swift es un ejemplo de c\u00f3mo el feminismo en Am\u00e9rica est\u00e1 ligado al capitalismo. El \u00e9xito financiero es igual al empoderamiento de las mujeres, en otras palabras\u201d, expresa a Lee Pierce, profesora adjunta de Comunicaci\u00f3n Ret\u00f3rica de la Universidad Estatal de Nueva York (SUNY) e investigadora especializada en ret\u00f3rica, raza y cultura pol\u00edtica estadounidense.<\/p>\n\n\n\n<p class=\"wp-block-paragraph\">Si bien Taylor Swift anima a su p\u00fablico a intentar alcanzar una posici\u00f3n de poder que ha estado reservada hist\u00f3ricamente a los hombres, Zamperini cree que no es posible obtener ese estatus sin contar con los privilegios econ\u00f3micos de los que ya dispon\u00eda antes de ser famosa, pues procede de una familia acomodada.<\/p>\n\n\n\n<p class=\"wp-block-paragraph\">Seg\u00fan la profesora de Evanston, el feminismo de Swift utiliza el lenguaje del activismo femenino y la lucha por la igualdad y la justicia para etiquetar o marcar su propia imagen y sus acciones, \u201csin darse cuenta de que lo que ella tiene y lo que ha logrado no est\u00e1 disponible para las personas negras, ind\u00edgenas y de color\u201d.<\/p>\n\n\n\n<h2 class=\"wp-block-heading\"><strong>Un feminismo a medio gas<\/strong><\/h2>\n\n\n\n<p class=\"wp-block-paragraph\">En los \u00faltimos a\u00f1os, Taylor Swift se ha pronunciado abiertamente sobre temas relacionados con la pol\u00edtica en Estados Unidos pidiendo el voto por el dem\u00f3crata Joe Biden, actual presidente del pa\u00eds, en las elecciones presidenciales de 2020.<\/p>\n\n\n\n<p class=\"wp-block-paragraph\">Taylor Swift tambi\u00e9n se ha pronunciado en numerosas ocasiones sobre la doble moral con la que se juzga a hombres y mujeres en la industria musical, una problem\u00e1tica que materializ\u00f3 en la canci\u00f3n \u2018The Man\u2019, de su disco \u2018Lover\u2019 (2019): \u201cEstoy tan harta de correr lo m\u00e1s r\u00e1pido que puedo, pregunt\u00e1ndome si llegar\u00eda al mismo lugar m\u00e1s r\u00e1pido si fuera un hombre\u201d.<\/p>\n\n\n\n<p class=\"wp-block-paragraph\">Pero m\u00e1s all\u00e1 de la pol\u00edtica estadounidense y de su discurso en contra de esta doble moral, la artista rara vez se ha pronunciado acerca de la realidad de mujeres menos privilegiadas, lo que hace que su feminismo se quede a medio gas.<\/p>\n\n\n\n<p class=\"wp-block-paragraph\">\u201cSi defiendes un feminismo antirracista, anticapitalista y transinclusivo (como har\u00eda yo), entonces Swift no ser\u00eda un buen icono feminista\u201d, expresa Lee Pierce.<\/p>\n\n\n\n<p class=\"wp-block-paragraph\">Algunos y algunas fans consideran que la decisi\u00f3n de no hacer activismo surge del temor de Taylor Swift a perder seguidores:&nbsp;<\/p>\n\n\n\n<p class=\"wp-block-paragraph\">\u201cElla sabe que tiene unas fans, sobre todo en Estados Unidos, que son mujeres como ella, blancas, rubias, de ojos azules y de familia de clase media-alta que no quieren saber qu\u00e9 le pasa a las mujeres negras, palestinas o trans\u201d, dice Gonzalo, seguidor de la cantante desde pr\u00e1cticamente el inicio de su carrera musical.&nbsp;<\/p>\n\n\n\n<p class=\"wp-block-paragraph\"><em>Con informaci\u00f3n EFE<\/em><\/p>\n","protected":false},"excerpt":{"rendered":"<p>Acad\u00e9micas consideran que el discurso de la cantante, centrado en mujeres blancas y de clase media-alta, queda a deber, ya que no incluye a todas las mujeres.<\/p>\n","protected":false},"author":3,"featured_media":77443,"comment_status":"open","ping_status":"open","sticky":false,"template":"","format":"standard","meta":{"_monsterinsights_skip_tracking":false,"footnotes":""},"categories":[748],"tags":[149],"class_list":["post-77442","post","type-post","status-publish","format-standard","has-post-thumbnail","category-cultura-feminista","tag-mujeres"],"_links":{"self":[{"href":"https:\/\/redsemlac.com\/semmexico\/wp-json\/wp\/v2\/posts\/77442","targetHints":{"allow":["GET"]}}],"collection":[{"href":"https:\/\/redsemlac.com\/semmexico\/wp-json\/wp\/v2\/posts"}],"about":[{"href":"https:\/\/redsemlac.com\/semmexico\/wp-json\/wp\/v2\/types\/post"}],"author":[{"embeddable":true,"href":"https:\/\/redsemlac.com\/semmexico\/wp-json\/wp\/v2\/users\/3"}],"replies":[{"embeddable":true,"href":"https:\/\/redsemlac.com\/semmexico\/wp-json\/wp\/v2\/comments?post=77442"}],"version-history":[{"count":0,"href":"https:\/\/redsemlac.com\/semmexico\/wp-json\/wp\/v2\/posts\/77442\/revisions"}],"wp:featuredmedia":[{"embeddable":true,"href":"https:\/\/redsemlac.com\/semmexico\/wp-json\/wp\/v2\/media\/77443"}],"wp:attachment":[{"href":"https:\/\/redsemlac.com\/semmexico\/wp-json\/wp\/v2\/media?parent=77442"}],"wp:term":[{"taxonomy":"category","embeddable":true,"href":"https:\/\/redsemlac.com\/semmexico\/wp-json\/wp\/v2\/categories?post=77442"},{"taxonomy":"post_tag","embeddable":true,"href":"https:\/\/redsemlac.com\/semmexico\/wp-json\/wp\/v2\/tags?post=77442"}],"curies":[{"name":"wp","href":"https:\/\/api.w.org\/{rel}","templated":true}]}}