{"id":77432,"date":"2024-02-18T16:36:42","date_gmt":"2024-02-18T22:36:42","guid":{"rendered":"https:\/\/redsemlac.com\/semmexico\/?p=77432"},"modified":"2024-02-18T16:36:42","modified_gmt":"2024-02-18T22:36:42","slug":"mujer-y-poder-este-domingo-marcha-por-la-democracia","status":"publish","type":"post","link":"https:\/\/redsemlac.com\/semmexico\/mujer-y-poder-este-domingo-marcha-por-la-democracia\/","title":{"rendered":"Mujer y Poder|\u00a0Este Domingo: Marcha por la Democracia"},"content":{"rendered":"\n<p class=\"wp-block-paragraph\">Natalia Vidales de Bitterlin*<\/p>\n\n\n\n<p class=\"wp-block-paragraph\">SemM\u00e9xico, Baja California , 18 de febrero, 2024.- \u00a8Si haces siempre lo mismo\u2026no esperes resultados diferentes\u00a8 es una conocida frase -del cient\u00edfico m\u00e1s importante del siglo pasado, Albert Einstein-&nbsp;&nbsp; que seguido nos viene a la mente porque la podemos aplicar en el diario vivir, en una u en otra situaci\u00f3n.<\/p>\n\n\n\n<p class=\"wp-block-paragraph\">Hoy, que estamos a escasos d\u00edas de entrar de lleno a las campa\u00f1as electorales, la mencionamos buscando hacer reflexionar a los ciudadanos sobre la importancia de actuar de forma diferente en este proceso electoral porque de permanecer est\u00e1ticos y ajenos -como ha sido la costumbre de la mayor\u00eda de los ciudadanos-&nbsp; se lograr\u00e1 el mismo devastador resultado: malos gobernantes, deterioro social, econ\u00f3mico y moral.<\/p>\n\n\n\n<p class=\"wp-block-paragraph\">Sin duda, quien se encuentra en sano juicio, desea prosperidad, salud, educaci\u00f3n, vivienda, seguridad. No hay quien diga que le gustar\u00eda vivir en la pobreza y con enfermedad.&nbsp; El problema es que no han decidido cambiar de actitud y por ello sexenio tras sexenio el abstencionismo triunfa en las urnas y la consecuencia la pagan todos: justos por pecadores.<\/p>\n\n\n\n<p class=\"wp-block-paragraph\">Hoy se tiene de nuevo la oportunidad -el privilegio, podemos afirmar-&nbsp; de poder elegir qu\u00e9 gobierno queremos para los pr\u00f3ximos seis a\u00f1os. &nbsp;&nbsp;Se puede lograr seleccionar a quien se considere la mejor persona para gobernar este pa\u00eds tan lastimado ya,&nbsp; y por ello este llamado para&nbsp; &nbsp;actuar de forma diferente a como se ha hecho en el pasado.<\/p>\n\n\n\n<p class=\"wp-block-paragraph\">Incre\u00edble es que en el 2018, por ejemplo, se haya dado el voto a una persona que en su pasado fue violento, agresivo, violador de las leyes, peleonero, destructor, promotor de la anarqu\u00eda, y que los ciudadanos hubieran esperado una actitud opuesta al ostentar el poder presidencial: un gobernante conciliador, pac\u00edfico, emp\u00e1tico, respetuoso de las leyes, de las instituciones y de la propiedad privada.&nbsp;&nbsp;&nbsp; A distancia, parece rid\u00edculo, por lo obvio de los resultados \u00bfverdad? \u2013sin dejar de apuntar que en buena medida el candidato as\u00ed gan\u00f3 m\u00e1s con los&nbsp; voto de castigo a los deficientes&nbsp; reg\u00edmenes anteriores que por m\u00e9ritos propios.<\/p>\n\n\n\n<p class=\"wp-block-paragraph\">Entonces hoy\u2026no cometamos el mismo error.&nbsp; Hay que reflexionar el voto y buscar la mejor opci\u00f3n.&nbsp; El triunfo no lo obtendremos por emitir el voto el 2 de junio.&nbsp; El triunfo lo tenemos que buscar de modo individual, analizando -como ya lo hemos comentado en infinidad de ocasiones-&nbsp; los perfiles de las opciones que se nos presentan para dar el voto&nbsp; no a quien&nbsp; nos cae bien o a quien da un buen discurso, o a quien es muy simp\u00e1tico, &nbsp;&nbsp;sino al candidato que ha demostrado a lo largo de su vida -pasada y presente- &nbsp;un actuar emocional y moral que avale su calidad humana.&nbsp; Esa es la mejor garant\u00eda de un buen futuro.<\/p>\n\n\n\n<p class=\"wp-block-paragraph\">Hoy estamos de nuevo al inicio de un proceso electoral. \u00a1Actuemos diferente!&nbsp; Iniciemos con hacer presencia en la Marcha por Nuestra Democracia que se llevar\u00e1 a cabo ma\u00f1ana domingo 18 en varias ciudades de M\u00e9xico.<\/p>\n\n\n\n<p class=\"wp-block-paragraph\">Cientos de organizaciones ciudadanas se han dado a la tarea de motivarla &nbsp;en todo el pa\u00eds para enviar un mensaje fuerte a las autoridades gubernamentales e institucionales&nbsp; -y a los pol\u00edticos que hoy pretenden alg\u00fan cargo p\u00fablico-, &nbsp;de que los ciudadanos estaremos vigilantes del proceso y de su actuar.<\/p>\n\n\n\n<p class=\"wp-block-paragraph\">Hoy es el momento de participar y sacudirnos la apat\u00eda.&nbsp;&nbsp; De hoy al 2 de junio hay mucho que hacer para defender nuestra democracia y marcar&nbsp; decididamente &nbsp;el rechazo al autoritarismo que se desea implementar en nuestro amado pa\u00eds.<\/p>\n","protected":false},"excerpt":{"rendered":"<p>Hoy, que estamos a escasos d\u00edas de entrar de lleno a las campa\u00f1as electorales, la mencionamos buscando hacer reflexionar a los ciudadanos sobre la importancia de actuar de forma diferente en este proceso electoral porque de permanecer est\u00e1ticos y ajenos se lograr\u00e1 el mismo devastador resultado: malos gobernantes, deterioro social, econ\u00f3mico y moral.<\/p>\n","protected":false},"author":3,"featured_media":38550,"comment_status":"open","ping_status":"open","sticky":false,"template":"","format":"standard","meta":{"_monsterinsights_skip_tracking":false,"footnotes":""},"categories":[100,72,35],"tags":[],"class_list":["post-77432","post","type-post","status-publish","format-standard","has-post-thumbnail","category-mujer-y-poder","category-natalia-vidales","category-opinion"],"_links":{"self":[{"href":"https:\/\/redsemlac.com\/semmexico\/wp-json\/wp\/v2\/posts\/77432","targetHints":{"allow":["GET"]}}],"collection":[{"href":"https:\/\/redsemlac.com\/semmexico\/wp-json\/wp\/v2\/posts"}],"about":[{"href":"https:\/\/redsemlac.com\/semmexico\/wp-json\/wp\/v2\/types\/post"}],"author":[{"embeddable":true,"href":"https:\/\/redsemlac.com\/semmexico\/wp-json\/wp\/v2\/users\/3"}],"replies":[{"embeddable":true,"href":"https:\/\/redsemlac.com\/semmexico\/wp-json\/wp\/v2\/comments?post=77432"}],"version-history":[{"count":0,"href":"https:\/\/redsemlac.com\/semmexico\/wp-json\/wp\/v2\/posts\/77432\/revisions"}],"wp:featuredmedia":[{"embeddable":true,"href":"https:\/\/redsemlac.com\/semmexico\/wp-json\/wp\/v2\/media\/38550"}],"wp:attachment":[{"href":"https:\/\/redsemlac.com\/semmexico\/wp-json\/wp\/v2\/media?parent=77432"}],"wp:term":[{"taxonomy":"category","embeddable":true,"href":"https:\/\/redsemlac.com\/semmexico\/wp-json\/wp\/v2\/categories?post=77432"},{"taxonomy":"post_tag","embeddable":true,"href":"https:\/\/redsemlac.com\/semmexico\/wp-json\/wp\/v2\/tags?post=77432"}],"curies":[{"name":"wp","href":"https:\/\/api.w.org\/{rel}","templated":true}]}}