{"id":77426,"date":"2024-02-18T16:30:15","date_gmt":"2024-02-18T22:30:15","guid":{"rendered":"https:\/\/redsemlac.com\/semmexico\/?p=77426"},"modified":"2024-02-18T16:30:15","modified_gmt":"2024-02-18T22:30:15","slug":"las-relaciones-de-pareja-deben-ser-un-lugar-para-ser-felices","status":"publish","type":"post","link":"https:\/\/redsemlac.com\/semmexico\/las-relaciones-de-pareja-deben-ser-un-lugar-para-ser-felices\/","title":{"rendered":"Las relaciones de pareja deben ser un lugar para ser felices"},"content":{"rendered":"\n<p class=\"wp-block-paragraph\">A juicio de la soci\u00f3loga Laura Llanes G\u00f3mez, en las parejas de j\u00f3venes y adolescentes se constatan situaciones de violencia marcadas esencialmente por el control. Foto: Cortes\u00eda de la entrevistada<\/p>\n\n\n\n<p class=\"wp-block-paragraph\">Dixie Edith<\/p>\n\n\n\n<p class=\"wp-block-paragraph\">SemM\u00e9xico\/Semlac, La Habana, Cuba, 18 de febrero, 2024.- Mitos como que \u201cel amor todo lo puede\u201d, la b\u00fasqueda de la \u201cmedia naranja\u201d o que \u201clos celos son una prueba de amor\u201d a\u00fan forman parte del imaginario cotidiano de j\u00f3venes y adolescentes porque, a juicio de la soci\u00f3loga Laura Llanes G\u00f3mez, las relaciones de pareja en estas edades \u201cson un reflejo de la sociedad cubana, de lo que se vive en los hogares, en los barrios, de lo que piensan las amistades\u201d.<\/p>\n\n\n\n<p class=\"wp-block-paragraph\">Investigadora del Centro de Estudios Psicol\u00f3gicos y Sociol\u00f3gicos (CIPS) y parte de su Grupo de Estudios sobre Juventudes, esta joven profesional ha constatado la presencia de dis\u00edmiles manifestaciones de violencia en el noviazgo, sobre todo en las edades m\u00e1s j\u00f3venes.&nbsp;\u00bfC\u00f3mo se manifiestan, fundamentalmente? \u00bfPor qu\u00e9 ocurren?<\/p>\n\n\n\n<p class=\"wp-block-paragraph\">Primero es importante aclarar que la violencia no se reduce solamente a golpes y maltrato f\u00edsico, sino que en muchas ocasiones tiende a ocurrir de manera sutil, con palabras o acciones que no requieren de ning\u00fan contacto f\u00edsico.<\/p>\n\n\n\n<p class=\"wp-block-paragraph\">Al interior de las parejas, en la adolescencia y la juventud, se observan violencias de todo tipo. Esto es algo que hemos podido comprobar desde el Grupo de Estudios sobre Juventudes, sobre todo a partir de una investigaci\u00f3n que realizamos en 2019 titulada&nbsp;\u201cImaginarios sociales juveniles acerca de la violencia contra las mujeres\u201d, que indag\u00f3 acerca de las relaciones y los noviazgos en adolescentes y j\u00f3venes. A partir de sus resultados, pudimos constatar situaciones de violencia marcadas esencialmente por el control.<\/p>\n\n\n\n<p class=\"wp-block-paragraph\">Estamos hablando de llamadas constantes \u2013sobre todo por parte de los varones- para saber d\u00f3nde y con qui\u00e9n se encuentra su pareja; revisarles constantemente el celular o las redes sociales, tomar decisiones sobre la ropa que suelen vestir para salir y, en ocasiones, hasta limitar el contacto con familiares o amistades.<\/p>\n\n\n\n<p class=\"wp-block-paragraph\">Igualmente, encontramos formas de violencia sexual, especialmente contra las mujeres: se tiende a culpabilizarlas si no desean tener relaciones sexuales en determinado momento, cuestionando el cari\u00f1o hacia el hombre. Pero tambi\u00e9n detectamos agresiones verbales en cuanto a sus cuerpos, su desempe\u00f1o sexual y otras como no respetar su decisi\u00f3n en cuanto a la reproducci\u00f3n y al empleo o no de m\u00e9todos anticonceptivos.<\/p>\n\n\n\n<p class=\"wp-block-paragraph\">B\u00e1sicamente, se pueden agrupar en formas diversas de violencia psicol\u00f3gica, verbal y sexual. Muchas veces todas se encuentran entremezcladas entre s\u00ed y la f\u00edsica llega a ser el colof\u00f3n del maltrato.<\/p>\n\n\n\n<p class=\"wp-block-paragraph\"><strong>\u00bfSon conscientes muchachas y muchachos de su existencia? \u00bfLas pueden identificar?<\/strong><\/p>\n\n\n\n<p class=\"wp-block-paragraph\">Estos comportamientos son una reproducci\u00f3n de patrones aprendidos desde el hogar, el barrio, los grupos de amigos. Tienen un marcado car\u00e1cter machista y se van a insertar en estructuras patriarcales que tienden a preservar las desigualdades de g\u00e9nero.<\/p>\n\n\n\n<p class=\"wp-block-paragraph\">Las campa\u00f1as de concientizaci\u00f3n, las investigaciones, la participaci\u00f3n de las mujeres en diferentes espacios han logrado desmontar algunos mitos, tab\u00faes y preconcepciones existentes acerca de las relaciones entre hombres y mujeres. Esto implica que la violencia f\u00edsica, as\u00ed como algunas otras manifestaciones de esta naturaleza, sean socialmente rechazadas en la actualidad. Sin embargo, las m\u00e1s sutiles se siguen reproduciendo y tienden a ser justificadas. A mi modo de ver, estas son las m\u00e1s preocupantes.<\/p>\n\n\n\n<p class=\"wp-block-paragraph\">La sociedad ha naturalizado estos comportamientos hasta tal punto que se idealizan: si tu pareja no te cela, no te impide hablar con otros, no te revisa el celular, no te llama constantemente para saber d\u00f3nde o con qui\u00e9n est\u00e1s, significa que no te quiere lo suficiente. Por otro lado, si la mujer de la pareja no complace sexualmente al hombre, siempre que este lo desee, entonces se justifica la infidelidad porque, como se suele decir, \u201c\u00e9l tiene que salir a buscar fuera lo que no encuentra en la casa\u201d. Pero, en contraste, es imperdonable que la mujer sea quien cometa la infidelidad.<\/p>\n\n\n\n<p class=\"wp-block-paragraph\">Son creencias que se asumen como normales, lo mismo que los insultos u ofensas ante una discusi\u00f3n o un desacuerdo. Y esta es la parte m\u00e1s preocupante, porque muchos j\u00f3venes y adolescentes no logran interiorizar que todas esas son formas de violencia, comportamientos no adecuados en las relaciones de noviazgo.<\/p>\n\n\n\n<p class=\"wp-block-paragraph\"><strong>\u00bfCu\u00e1les identifican desde sus estudios c\u00f3mo las principales estrategias para prevenir esta problem\u00e1tica?<\/strong><\/p>\n\n\n\n<p class=\"wp-block-paragraph\">La principal estrategia preventiva es el di\u00e1logo. Es fundamental conversar, ense\u00f1arles a desmontar mitos arraigados y que se han transmitido hist\u00f3ricamente entre generaciones. Aqu\u00ed juegan un papel importante la familia, la escuela, los medios de comunicaci\u00f3n y las redes sociales. Y, sobre todo, el ejemplo que se pueda brindar desde la ense\u00f1anza.<\/p>\n\n\n\n<p class=\"wp-block-paragraph\">En Cuba contamos actualmente con campa\u00f1as y proyectos sociales que se enfocan en la educaci\u00f3n de adolescentes y j\u00f3venes en temas relevantes, como la protecci\u00f3n sexual, la violencia de g\u00e9nero, la violencia entre pares. Estoy pensando en campa\u00f1as c\u00f3mo Evoluciona, Eres M\u00e1s, M\u00eddete, que act\u00faan en todo el pa\u00eds y se dedican a transformar las desigualdades entre hombres y mujeres, algo que puede ser fundamental para una transformaci\u00f3n social.<\/p>\n\n\n\n<p class=\"wp-block-paragraph\">Tambi\u00e9n es muy importante el apoyo de los centros de investigaci\u00f3n social. La producci\u00f3n cient\u00edfica es la base para implementar leyes, decretos; para el desarrollo de proyectos o campa\u00f1as de transformaci\u00f3n. El conocimiento que se puede obtener de las poblaciones, de los contextos en los que estas poblaciones se desarrollan, de qu\u00e9 campa\u00f1as pueden resultar m\u00e1s efectivas, en qu\u00e9 espacios trabajar para concientizar o transformar la realidad es fundamental.<\/p>\n\n\n\n<p class=\"wp-block-paragraph\">No es lo mismo intentar transformar la realidad de La Habana que en el oriente del pa\u00eds. Se necesitan estrategias, campa\u00f1as diferentes, porque las condiciones son diferentes en cada uno de esos espacios y porque esos contextos, a su vez, condicionan el comportamiento de los individuos que los habitan.<\/p>\n\n\n\n<p class=\"wp-block-paragraph\">Aqu\u00ed entra nuestro trabajo, que es una forma de aportar un granito de arena a ese proceso complejo que es la transformaci\u00f3n social. Para ello se requiere, tambi\u00e9n, de la interacci\u00f3n y el v\u00ednculo con otras instituciones.<\/p>\n\n\n\n<p class=\"wp-block-paragraph\">A la par, las instituciones gubernamentales son imprescindibles para este empe\u00f1o. Actualmente se est\u00e1 desarrollando el Programa Nacional para el Adelanto de las Mujeres, que pretende integrar a todos los organismos y centra la atenci\u00f3n en los desaf\u00edos actuales y futuros que podamos tener y c\u00f3mo podemos sistematizarlos, darles un seguimiento y, sobre todo, transformarlos.<\/p>\n\n\n\n<p class=\"wp-block-paragraph\"><strong>\u00bfD\u00f3nde estar\u00edan las principales brechas para conseguirlo?<\/strong><\/p>\n\n\n\n<p class=\"wp-block-paragraph\">Creo que la principal es la desinformaci\u00f3n. Las personas m\u00e1s j\u00f3venes tienen que estar informadas, porque mientras m\u00e1s conozcan acerca de la violencia, de c\u00f3mo puede manifestarse y de los distintos tipos que existen, ser\u00e1n m\u00e1s capaces de reconocerla y reaccionar ante ella.<\/p>\n\n\n\n<p class=\"wp-block-paragraph\">Por eso las campa\u00f1as que se realicen tienen que llegar a todos los espacios y resultar atractivas para el p\u00fablico juvenil. Es importante ayudar tambi\u00e9n a que puedan identificar d\u00f3nde buscar ayuda profesional. En los estudios hemos encontrado que la principal instituci\u00f3n, la primera que les viene a la mente e identifican para acercarse a pedir ayuda es la polic\u00eda. Pero, en sus imaginarios, ir a la polic\u00eda significa que ya hay una violencia f\u00edsica.<\/p>\n\n\n\n<p class=\"wp-block-paragraph\">Es necesario mostrarles que existen otros centros de ayuda especializada que pueden brindar orientaci\u00f3n; salidas para problem\u00e1ticas que a\u00fan no son el maltrato f\u00edsico, pero tambi\u00e9n son formas de violencia.<\/p>\n\n\n\n<p class=\"wp-block-paragraph\">Es un deber de todos concientizar a adolescentes y j\u00f3venes y desnaturalizar todas esas violencias, para lograr una sociedad futura con menos desigualdades, con m\u00e1s equidad, donde las relaciones de pareja sean entornos seguros, saludables y un lugar para ser felices.<\/p>\n","protected":false},"excerpt":{"rendered":"<p>A juicio de la soci\u00f3loga Laura Llanes G\u00f3mez, en las parejas de j\u00f3venes y adolescentes se constatan situaciones de violencia marcadas esencialmente por el control. Foto: Cortes\u00eda de la entrevistada<\/p>\n","protected":false},"author":3,"featured_media":77427,"comment_status":"open","ping_status":"open","sticky":false,"template":"","format":"standard","meta":{"_monsterinsights_skip_tracking":false,"footnotes":""},"categories":[748],"tags":[],"class_list":["post-77426","post","type-post","status-publish","format-standard","has-post-thumbnail","category-cultura-feminista"],"_links":{"self":[{"href":"https:\/\/redsemlac.com\/semmexico\/wp-json\/wp\/v2\/posts\/77426","targetHints":{"allow":["GET"]}}],"collection":[{"href":"https:\/\/redsemlac.com\/semmexico\/wp-json\/wp\/v2\/posts"}],"about":[{"href":"https:\/\/redsemlac.com\/semmexico\/wp-json\/wp\/v2\/types\/post"}],"author":[{"embeddable":true,"href":"https:\/\/redsemlac.com\/semmexico\/wp-json\/wp\/v2\/users\/3"}],"replies":[{"embeddable":true,"href":"https:\/\/redsemlac.com\/semmexico\/wp-json\/wp\/v2\/comments?post=77426"}],"version-history":[{"count":0,"href":"https:\/\/redsemlac.com\/semmexico\/wp-json\/wp\/v2\/posts\/77426\/revisions"}],"wp:featuredmedia":[{"embeddable":true,"href":"https:\/\/redsemlac.com\/semmexico\/wp-json\/wp\/v2\/media\/77427"}],"wp:attachment":[{"href":"https:\/\/redsemlac.com\/semmexico\/wp-json\/wp\/v2\/media?parent=77426"}],"wp:term":[{"taxonomy":"category","embeddable":true,"href":"https:\/\/redsemlac.com\/semmexico\/wp-json\/wp\/v2\/categories?post=77426"},{"taxonomy":"post_tag","embeddable":true,"href":"https:\/\/redsemlac.com\/semmexico\/wp-json\/wp\/v2\/tags?post=77426"}],"curies":[{"name":"wp","href":"https:\/\/api.w.org\/{rel}","templated":true}]}}