{"id":77398,"date":"2024-02-18T13:09:41","date_gmt":"2024-02-18T19:09:41","guid":{"rendered":"https:\/\/redsemlac.com\/semmexico\/?p=77398"},"modified":"2024-02-18T13:09:47","modified_gmt":"2024-02-18T19:09:47","slug":"deberia-declararse-emergencia-nacional-por-la-crisis-hidrica-taboada","status":"publish","type":"post","link":"https:\/\/redsemlac.com\/semmexico\/deberia-declararse-emergencia-nacional-por-la-crisis-hidrica-taboada\/","title":{"rendered":"Deber\u00eda declararse emergencia nacional por la crisis h\u00eddrica: Taboada"},"content":{"rendered":"\n<p class=\"wp-block-paragraph\">El aspirante a gobernar la CDMX consider\u00f3 que deber\u00eda declararse una emergencia nacional ante la crisis h\u00eddrica que se vive en zonas del pa\u00eds como en la Ciudad de M\u00e9xico.<\/p>\n\n\n\n<p class=\"wp-block-paragraph\">Alberto Cuenca<\/p>\n\n\n\n<p class=\"wp-block-paragraph\">SemM\u00e9xico\/Capital, Ciudad de M\u00e9xico, 18 de febrero, 2024.- El aspirante opositor a la Jefatura de Gobierno explic\u00f3 que una declaratoria de emergencia nacional ante la crisis h\u00eddrica, permitir\u00eda a gobiernos como el de la CDMX acceder a recursos extraordinarios para atemperar esa crisis.<\/p>\n\n\n\n<p class=\"wp-block-paragraph\">Dijo que hablar de una emergencia nacional no resulta exagerado, pues es evidente la falta de agua.<br><\/p>\n\n\n\n<p class=\"wp-block-paragraph\">Pero lament\u00f3 que la 4T haya desmantelado el Fondo de Desastres Naturales, pues eso habr\u00eda garantizado una bolsa de recursos para actuar ante la crisis h\u00eddrica.<br><\/p>\n\n\n\n<p class=\"wp-block-paragraph\">Eso, enfatiz\u00f3, es un asunto que no entienden personajes como Mart\u00ed Batres que act\u00faa de forma mezquina al cerrar v\u00e1lvulas con un uso pol\u00edtico y negar el l\u00edquido en zonas donde no gobierna Morena.<br><\/p>\n\n\n\n<p class=\"wp-block-paragraph\">Durante un foro que se organiz\u00f3 en el Congreso capitalino, Taboada consider\u00f3 que el problema de desabasto de agua s\u00ed se puede atajar con recursos.<br><\/p>\n\n\n\n<p class=\"wp-block-paragraph\">Un ejemplo del impacto financiero es la disminuci\u00f3n presupuestal que ha padecido el Sistema de Aguas (Sacmex) durante el actual sexenio, detall\u00f3.<br><\/p>\n\n\n\n<p class=\"wp-block-paragraph\">EL FACTOR DELINCUENCIA<br><\/p>\n\n\n\n<p class=\"wp-block-paragraph\">Taboada acus\u00f3 que la falta de agua venga ahora acompa\u00f1ada de otro fen\u00f3meno que afecta la distribuci\u00f3n del l\u00edquido: la delincuencia.<br><\/p>\n\n\n\n<p class=\"wp-block-paragraph\">Record\u00f3 que la nueva modalidad del crimen organizado es tomar los pozos en la Ciudad para administrar y comercializar agua.<br><\/p>\n\n\n\n<p class=\"wp-block-paragraph\">A ello se suma una visi\u00f3n gubernamental equivocada, que concibe como la soluci\u00f3n m\u00e1s r\u00e1pida abrir nuevos pozos, en vez de pol\u00edtica p\u00fablica masiva de captaci\u00f3n de agua de lluvia.<br>Pero no habl\u00f3 de programas como el \u201cCosecha de agua de lluvia\u201d, pues dijo que eso no funciona.<br><\/p>\n\n\n\n<p class=\"wp-block-paragraph\">\u201cTendr\u00eda que hablarse de cisternas para recolectar agua de lluvia\u201d, consider\u00f3.<br><\/p>\n\n\n\n<p class=\"wp-block-paragraph\">Dijo que en la CDMX llueven 6 mil 500 millones de metros c\u00fabicos de agua al a\u00f1o llueve y la urbe necesita para todas sus actividades 2 mil 500 millones de metros c\u00fabicos.<br><\/p>\n\n\n\n<p class=\"wp-block-paragraph\">TRATAMIENTO<br><\/p>\n\n\n\n<p class=\"wp-block-paragraph\">Tambi\u00e9n se pronunci\u00f3 por crear toda una infraestructura para el tratamiento de agua residual y reducir la dependencia de fuentes externas como el Sistema Cutzamala.<br><\/p>\n\n\n\n<p class=\"wp-block-paragraph\">\u201cEn 27 a\u00f1os de gobiernos de izquierda no se ha construido ni una sola planta de tratamiento en la Ciudad.<br><\/p>\n\n\n\n<p class=\"wp-block-paragraph\">Mientras, ciudades como Nueva York tienen 14 plantas de tratamiento\u201d, dijo al lamentar que no exista un solo proyecto de gobierno para crear esa infraestructura.<br><\/p>\n\n\n\n<p class=\"wp-block-paragraph\">Tambi\u00e9n acus\u00f3 que en esos 27 a\u00f1os, las autoridades sigan diciendo que 37 por ciento del agua potable se pierde en fugas.<br><\/p>\n\n\n\n<p class=\"wp-block-paragraph\">Durante el foro la diputada del PAN Luisa Guti\u00e9rrez anunci\u00f3 que la pr\u00f3xima semana convocar\u00e1 a sesi\u00f3n de la Comisi\u00f3n de Gesti\u00f3n Integral del Agua.<br><\/p>\n\n\n\n<p class=\"wp-block-paragraph\">Record\u00f3 que por la deliberada ausencia de diputados de Morena a esa comisi\u00f3n hay 52 que iniciativas atoradas.<br><\/p>\n\n\n\n<p class=\"wp-block-paragraph\">Advirti\u00f3 que si los de Morena insisten en no hacer su trabajo, ella los evidenciar\u00e1 para ver si al menos por pena acuden a la sesi\u00f3n.<br><\/p>\n\n\n\n<p class=\"wp-block-paragraph\">LA CRISIS ES REAL<br><\/p>\n\n\n\n<p class=\"wp-block-paragraph\">Durante el foro la diputada local del PRD Gabriela Quiroga dijo que la crisis h\u00eddrica en Iztapalapa es real y severa.<br><\/p>\n\n\n\n<p class=\"wp-block-paragraph\">Lament\u00f3 que el discurso de Morena sea negar esa realidad, pues en esa demarcaci\u00f3n la gente est\u00e1 desesperada.<br><\/p>\n\n\n\n<p class=\"wp-block-paragraph\">Quiroga record\u00f3 que ella vive en Iztapalapa y acus\u00f3 que efectivamente se condiciona el acceso a abasto del l\u00edquido a trav\u00e9s de pipas para grupos y zonas afines a Morena.<br><\/p>\n\n\n\n<p class=\"wp-block-paragraph\">\u201cEs una gran mentira negar que exista una la crisis en Iztapalapa por falta de agua\u201d, enfatiz\u00f3 la legisladora del PRD<br><\/p>\n\n\n\n<p class=\"wp-block-paragraph\">USO POL\u00cdTICO<br><\/p>\n\n\n\n<p class=\"wp-block-paragraph\">El alcalde de Miguel Hidalgo, Mauricio Tabe, denunci\u00f3 el uso pol\u00edtico del agua por parte del Gobierno de la Ciudad.<br><\/p>\n\n\n\n<p class=\"wp-block-paragraph\">Denunci\u00f3 que 80 por ciento de los recursos que se destinan a las alcald\u00edas para obras de infraestructura h\u00eddrica, son para las gobernadas por Morena y solo el 20 por ciento para las gobernadas por la oposici\u00f3n.<br><\/p>\n\n\n\n<p class=\"wp-block-paragraph\">Durante el Foro \u201cEl Reto H\u00eddrico en la CDMX\u201d, organizado en el Congreso capitalino, tambi\u00e9n expres\u00f3 su postura en contra de explotar nuevos pozos de agua.<br><\/p>\n\n\n\n<p class=\"wp-block-paragraph\">Se pronunci\u00f3 por la inversi\u00f3n en el reforzamiento de la red hidr\u00e1ulica, argumentando que si se extrae m\u00e1s agua, lo \u00fanico que aumentar\u00e1 es el desperdicio del l\u00edquido debido a la gran cantidad de fugas.<\/p>\n\n\n\n<p class=\"wp-block-paragraph\"><\/p>\n","protected":false},"excerpt":{"rendered":"<p>El aspirante opositor a la Jefatura de Gobierno explic\u00f3 que una declaratoria de emergencia nacional ante la crisis h\u00eddrica, permitir\u00eda a gobiernos como el de la CDMX acceder a recursos extraordinarios para atemperar esa crisis.<\/p>\n","protected":false},"author":3,"featured_media":77399,"comment_status":"open","ping_status":"open","sticky":false,"template":"","format":"standard","meta":{"_monsterinsights_skip_tracking":false,"footnotes":""},"categories":[27,694,141],"tags":[],"class_list":["post-77398","post","type-post","status-publish","format-standard","has-post-thumbnail","category-cobertura-especial","category-destacadas","category-elecciones-2020-2021"],"_links":{"self":[{"href":"https:\/\/redsemlac.com\/semmexico\/wp-json\/wp\/v2\/posts\/77398","targetHints":{"allow":["GET"]}}],"collection":[{"href":"https:\/\/redsemlac.com\/semmexico\/wp-json\/wp\/v2\/posts"}],"about":[{"href":"https:\/\/redsemlac.com\/semmexico\/wp-json\/wp\/v2\/types\/post"}],"author":[{"embeddable":true,"href":"https:\/\/redsemlac.com\/semmexico\/wp-json\/wp\/v2\/users\/3"}],"replies":[{"embeddable":true,"href":"https:\/\/redsemlac.com\/semmexico\/wp-json\/wp\/v2\/comments?post=77398"}],"version-history":[{"count":0,"href":"https:\/\/redsemlac.com\/semmexico\/wp-json\/wp\/v2\/posts\/77398\/revisions"}],"wp:featuredmedia":[{"embeddable":true,"href":"https:\/\/redsemlac.com\/semmexico\/wp-json\/wp\/v2\/media\/77399"}],"wp:attachment":[{"href":"https:\/\/redsemlac.com\/semmexico\/wp-json\/wp\/v2\/media?parent=77398"}],"wp:term":[{"taxonomy":"category","embeddable":true,"href":"https:\/\/redsemlac.com\/semmexico\/wp-json\/wp\/v2\/categories?post=77398"},{"taxonomy":"post_tag","embeddable":true,"href":"https:\/\/redsemlac.com\/semmexico\/wp-json\/wp\/v2\/tags?post=77398"}],"curies":[{"name":"wp","href":"https:\/\/api.w.org\/{rel}","templated":true}]}}