{"id":77381,"date":"2024-02-16T13:51:44","date_gmt":"2024-02-16T19:51:44","guid":{"rendered":"https:\/\/redsemlac.com\/semmexico\/?p=77381"},"modified":"2024-02-16T13:51:45","modified_gmt":"2024-02-16T19:51:45","slug":"40-colectivas-llaman-a-amlo-para-detener-asesinatos-y-amenazas-a-buscadoras-y-familiares-de-personas-desaparecidas","status":"publish","type":"post","link":"https:\/\/redsemlac.com\/semmexico\/40-colectivas-llaman-a-amlo-para-detener-asesinatos-y-amenazas-a-buscadoras-y-familiares-de-personas-desaparecidas\/","title":{"rendered":"40 colectivas llaman a AMLO para detener asesinatos y amenazas a buscadoras y familiares de personas desaparecidas"},"content":{"rendered":"\n<ul class=\"wp-block-list\">\n<li><strong>Le reclaman pol\u00edtica de simulaci\u00f3n mientras matan a buscadoras.<\/strong><\/li>\n<\/ul>\n\n\n\n<ul class=\"wp-block-list\">\n<li><strong>Las v\u00edctimas Angelita Meraz en Tecate, Barbara Mart\u00ednez en Tijuana y Lorenza Cano en Salamanca.<\/strong><\/li>\n<\/ul>\n\n\n\n<p class=\"wp-block-paragraph\"><strong>Elda Montiel<\/strong><\/p>\n\n\n\n<p class=\"wp-block-paragraph\">SemM\u00e9xico, Ciudad de M\u00e9xico, 16 de febrero, 2024.- Las m\u00e1s de 40 colectivas de v\u00edctimas de desaparecidas y desaparecidos hacen responsable al presidente Andr\u00e9s Manuel L\u00f3pez Obrador del asesinato en Tecate, Baja California de Angela Meraz Le\u00f3n y del secuestro y desaparici\u00f3n de Lorenza Cano Flores, sin que se tenga noticias de ella.<\/p>\n\n\n\n<p class=\"wp-block-paragraph\">Le piden den protecci\u00f3n tambi\u00e9n en Tijuana a J. Barbara Mart\u00ednez quien ha recibido amenazas y ya se pidi\u00f3 protecci\u00f3n al Mecanismo de Protecci\u00f3n a defensores de Derechos Humanos y Periodistas.<\/p>\n\n\n\n<p class=\"wp-block-paragraph\">A la comunidad internacional y organismos de Derechos Humanos hacen un llamado de auxilio para que intervengan en acciones que obliguen al gobierno a implementar medidas de seguridad a la sociedad y principalmente a las v\u00edctimas, para que se detengan asesinatos, masacres y violaciones constantes y sistem\u00e1ticas de los derechos humanos de la poblaci\u00f3n mexicana y extranjera.<\/p>\n\n\n\n<p class=\"wp-block-paragraph\">Se\u00f1alan en la carta p\u00fablica que el gobierno no brind\u00f3 la seguridad necesaria para Angela Meraz Le\u00f3n quien denunci\u00f3 las amenazas de que fue objeto. Se\u00f1alan que las y los familiares est\u00e1n expuestos a esta violencia ante la omisi\u00f3n de las autoridades.<\/p>\n\n\n\n<p class=\"wp-block-paragraph\">Hacen responsable al Ejecutivo \u201cpor mostrar desinter\u00e9s, ser omiso, no darnos la protecci\u00f3n e importancia al tema, por su apat\u00eda, sus actitudes alentando al crimen organizado a ejercer dichos asesinatos, pues no pasa cada que matan, secuestran y desaparecen a alg\u00fan familiar que est\u00e1 expuesto por la actividad de buscarlos\u201d.<\/p>\n\n\n\n<p class=\"wp-block-paragraph\">\u201cSi fue capaz de reducir una cifra de nuestras y nuestros desaparecidos, lo creemos capaz de no aceptar que el asesinato de esta compa\u00f1era Angela Meraz, tiene alguna relaci\u00f3n con lo sucedido a esa familia, pues eso, para usted ser\u00eda descalificar su gobierno, que s\u00f3lo le interesa simular y decir que ya redujo la violencia\u201d.<\/p>\n\n\n\n<p class=\"wp-block-paragraph\">Agregan que \u201cbuscar para encontrar a un ser querido, verdad y justicia, deber\u00eda de ser una prioridad de protecci\u00f3n a la integridad f\u00edsica por dicha actividad, sin embargo, prefieren proteger a los victimarios o la ineptitud de los funcionarios, como lo es el Mecanismo de Protecci\u00f3n a Defensores de Derechos Humanos y Periodistas, fiscal\u00edas, sin mencionar la poca capacidad de la Comisi\u00f3n Nacional de B\u00fasqueda (CNB), el Subsecretario de Derechos Humanos que al igual que al anterior, puro protagonismo y nada de atenci\u00f3n, que llevan a cabo una pol\u00edtica de simulaci\u00f3n\u201d.<\/p>\n\n\n\n<p class=\"wp-block-paragraph\">Le reclaman que \u00e9l vive en un Palacio blindado mientras la poblaci\u00f3n est\u00e1 a merced de la delincuencia. Le exigen seguridad y protecci\u00f3n para todas las v\u00edctimas del pa\u00eds.<\/p>\n\n\n\n<p class=\"wp-block-paragraph\">C\u00f3mo se recordar\u00e1 la activista conocida como Angelita Meraz quien se uniera a la colectiva de b\u00fasqueda Uni\u00f3n y Fuerza por Nuestros Desaparecidos cuando desapareci\u00f3 su hermano Juan Jos\u00e9 V\u00e1zquez en 2018, fue asesinada el pasado 8 de febrero en su Sal\u00f3n de Belleza en Tecate por un hombre que le dispar\u00f3 y escapo.<\/p>\n\n\n\n<p class=\"wp-block-paragraph\">Sigue desaparecida Lorenza Cano Flores madre buscadora plagiada en Salamanca Guanajuato por hombres armados que ingresaron a su casa y asesinaron a su esposo e hijo. Buscaba desde el&nbsp; 2018 a Jos\u00e9 Francisco Cano Flores, su hermano, desaparecido desde el 17 de agosto.<\/p>\n\n\n\n<p class=\"wp-block-paragraph\">El&nbsp; 22 de enero pasado, el fiscal de la Regi\u00f3n B, Israel Aguado Silva, inform\u00f3 que arrestaron a Jos\u00e9 Adri\u00e1n, el \u201cAdri\u201d; y a Jos\u00e9 Iv\u00e1n, el \u201cG\u00fcero Pericles\u201d, como los presuntos secuestradores de la buscadora y del homicidio de su esposo e hijo. El 29 de enero fueron liberados y ella sigue desaparecida.<\/p>\n\n\n\n<p class=\"wp-block-paragraph\">La encargada del colectivo de b\u00fasqueda Buscando a Tolano, B\u00e1rbara Mart\u00ednez, ha recibido amenazas contra su vida desde el pasado 4 de febrero tras la localizaci\u00f3n de 11 cuerpos en el fraccionamiento Delicias tercera secci\u00f3n en Tijuana.<\/p>\n\n\n\n<p class=\"wp-block-paragraph\">La han amenazado y le dan entender la intenci\u00f3n de desaparecerla como a sus dos hijos, C\u00e9sar Ezequiel Rico de la Cerda, desaparecido desde 2018 en el fraccionamiento Urbi Villa del Prado segunda secci\u00f3n, y Esteban Uriel Rico de la Cerda, desaparecido desde 2020, seg\u00fan la activista, por mano de Polic\u00edas Municipales de Tijuana.<\/p>\n","protected":false},"excerpt":{"rendered":"<p>Le reclaman pol\u00edtica de simulaci\u00f3n mientras matan a buscadoras.<\/p>\n","protected":false},"author":3,"featured_media":77382,"comment_status":"open","ping_status":"open","sticky":false,"template":"","format":"standard","meta":{"_monsterinsights_skip_tracking":false,"footnotes":""},"categories":[694,48],"tags":[149,142],"class_list":["post-77381","post","type-post","status-publish","format-standard","has-post-thumbnail","category-destacadas","category-no-mas-impunidad-no-mas-impunidad","tag-mujeres","tag-violencia"],"_links":{"self":[{"href":"https:\/\/redsemlac.com\/semmexico\/wp-json\/wp\/v2\/posts\/77381","targetHints":{"allow":["GET"]}}],"collection":[{"href":"https:\/\/redsemlac.com\/semmexico\/wp-json\/wp\/v2\/posts"}],"about":[{"href":"https:\/\/redsemlac.com\/semmexico\/wp-json\/wp\/v2\/types\/post"}],"author":[{"embeddable":true,"href":"https:\/\/redsemlac.com\/semmexico\/wp-json\/wp\/v2\/users\/3"}],"replies":[{"embeddable":true,"href":"https:\/\/redsemlac.com\/semmexico\/wp-json\/wp\/v2\/comments?post=77381"}],"version-history":[{"count":0,"href":"https:\/\/redsemlac.com\/semmexico\/wp-json\/wp\/v2\/posts\/77381\/revisions"}],"wp:featuredmedia":[{"embeddable":true,"href":"https:\/\/redsemlac.com\/semmexico\/wp-json\/wp\/v2\/media\/77382"}],"wp:attachment":[{"href":"https:\/\/redsemlac.com\/semmexico\/wp-json\/wp\/v2\/media?parent=77381"}],"wp:term":[{"taxonomy":"category","embeddable":true,"href":"https:\/\/redsemlac.com\/semmexico\/wp-json\/wp\/v2\/categories?post=77381"},{"taxonomy":"post_tag","embeddable":true,"href":"https:\/\/redsemlac.com\/semmexico\/wp-json\/wp\/v2\/tags?post=77381"}],"curies":[{"name":"wp","href":"https:\/\/api.w.org\/{rel}","templated":true}]}}