{"id":77350,"date":"2024-02-15T17:57:38","date_gmt":"2024-02-15T23:57:38","guid":{"rendered":"https:\/\/redsemlac.com\/semmexico\/?p=77350"},"modified":"2024-02-15T17:57:39","modified_gmt":"2024-02-15T23:57:39","slug":"consorcio-oaxaca-presenta-su-nueva-direccion-colegiada","status":"publish","type":"post","link":"https:\/\/redsemlac.com\/semmexico\/consorcio-oaxaca-presenta-su-nueva-direccion-colegiada\/","title":{"rendered":"Consorcio Oaxaca presenta su nueva Direcci\u00f3n Colegiada"},"content":{"rendered":"\n<p class=\"wp-block-paragraph\">Refrendan&nbsp;su compromiso de trabajar en favor de la agenda feminista y los derechos humanos<\/p>\n\n\n\n<p class=\"wp-block-paragraph\">Destacan OSC el trabajo de las fundadoras y la consolidaci\u00f3n del relevo generacional<\/p>\n\n\n\n<p class=\"wp-block-paragraph\">Soledad Jarqu\u00edn Edgar<\/p>\n\n\n\n<p class=\"wp-block-paragraph\">SemM\u00e9xico, Oaxaca, 15 de febrero, 2024.- Ante representantes de unas cincuenta organizaciones de la sociedad civil, Consorcio para el Di\u00e1logo Parlamentario y la Equidad present\u00f3 a las nuevas integrantes de la Direcci\u00f3n Colegiada integrada por Y\u00e9sica S\u00e1nchez Maya, Elizabeth Mosqueda Rivera y Nallely Guadalupe Tello M\u00e9ndez.<\/p>\n\n\n\n<p class=\"wp-block-paragraph\">La tarde de este mi\u00e9rcoles, las nueva Direcci\u00f3n Colegiada refrend\u00f3 su compromiso en la construcci\u00f3n de un&nbsp; poder colectivo,&nbsp; por&nbsp; el reconocimiento, fortalecimiento y consolidaci\u00f3n de liderazgos que nutran los espacios, las reflexiones y los cambios para construir sociedades m\u00e1s justas y equitativas.<\/p>\n\n\n\n<p class=\"wp-block-paragraph\">Con el retiro de Pilar Muriedas y Ana Mar\u00eda Hern\u00e1ndez C\u00e1rdenas, su fundadora, Consorcio Oaxaca cerr\u00f3 tras dos d\u00e9cadas de un ciclo de trabajo que permiti\u00f3 a la organizaci\u00f3n importantes proyectos que consolidaron su labor en la defensa de los derechos humanos de las mujeres, mediante esquemas de protecci\u00f3n integral.<\/p>\n\n\n\n<p class=\"wp-block-paragraph\">La nueva Direcci\u00f3n Colegiada da paso a una nueva generaci\u00f3n de liderazgos, con mujeres que desde hace varios a\u00f1os trabajan para la organizaci\u00f3n y que hoy dan continuidad al refrendar su compromiso por una sociedad participativa, antipatriarcal, feminista, de cuidados, construcci\u00f3n de paz, buen vivir y para fortalecer los tejidos sociales.<\/p>\n\n\n\n<p class=\"wp-block-paragraph\">Durante la reuni\u00f3n en la que presentaron a las dos nuevas integrantes y anunciaron la Direcci\u00f3n Colegiada, \u201cse honr\u00f3\u201d el trabajo de Pilar Muriedas Ju\u00e1rez y de Ana Mar\u00eda Hern\u00e1ndez C\u00e1rdenas pilares de Consorcio, mismas que gestaron el proceso para afianzar una nueva etapa&nbsp;con una conducci\u00f3n renovada y comprometida para dar continuidad a su apuesta pol\u00edtica.<\/p>\n\n\n\n<p class=\"wp-block-paragraph\">La integraci\u00f3n de la Direcci\u00f3n Colegiada, integrada por Nallely Tello M\u00e9ndez,&nbsp;Elizabeth Mosqueda Rivera&nbsp;y Y\u00e9sica S\u00e1nchez Maya, todas con amplia trayectoria al interior de la organizaci\u00f3n y en otros espacios organizativos, desde donde han contribuido al crecimiento y apuesta de Pol\u00edtica de Consorcio Oaxaca desde su incorporaci\u00f3n.<\/p>\n\n\n\n<p class=\"wp-block-paragraph\">Nallely Tello M\u00e9ndez es Licenciada en Intervenci\u00f3n Educativa con maestr\u00eda en Sociolog\u00eda, defensora de los derechos humanos de las mujeres y las juventudes con experticia en protecci\u00f3n integral feminista, cultura de cuidados y pol\u00edticas educativas. Adem\u00e1s gusta de la literatura, es escritora y editora. Integrante de Consorcio Oaxaca desde 2009.<\/p>\n\n\n\n<p class=\"wp-block-paragraph\">\u201cEl proceso interno fue consensuado y participativo; seguiremos tejiendo redes porque vemos&nbsp; que la apuesta colectiva es la que puede transformar la sociedad, y por otro lado,&nbsp; reconocemos&nbsp; y valoramos mucho los aportes de Ana y Pilar en los cimientos de esta organizaci\u00f3n\u201d, afirm\u00f3.<\/p>\n\n\n\n<p class=\"wp-block-paragraph\">Elizabeth Guadalupe Mosqueda Rivera, feminista, estudi\u00f3 la licenciatura en Comunicaci\u00f3n Social, defensora de los derechos humanos, con amplia experiencia en dise\u00f1o y desarrollo de proyectos sociales de intervenci\u00f3n comunitaria con enfoque de g\u00e9nero e interculturalidad con mujeres y juventudes, implementados tanto en la pen\u00ednsula de Yucat\u00e1n, como en el estado de Oaxaca.<\/p>\n\n\n\n<p class=\"wp-block-paragraph\">En su caminar ha logrado poner en pr\u00e1ctica teor\u00edas y metodolog\u00edas de la comunicaci\u00f3n para el desarrollo democr\u00e1tico y la justicia clim\u00e1tica; desde el a\u00f1o 2016 ha sido integrante de Consorcio Oaxaca.<\/p>\n\n\n\n<p class=\"wp-block-paragraph\">\u201cA lo largo de mi andar en los feminismos, el activismo y la defensa de derechos, he sido arropada por muchas otras mujeres quienes, desde su diversidad, han fortalecido mi postura pol\u00edtica y visi\u00f3n de las sociedades justas, igualitarias y sostenibles que so\u00f1amos para todas las personas.<\/p>\n\n\n\n<p class=\"wp-block-paragraph\">\u201cSer parte de Consorcio Oaxaca, y ahora integrarme a la Direcci\u00f3n Colegiada, es honrar los saberes compartidos y reafirmar el compromiso de abonar al caminar de la organizaci\u00f3n y los movimientos a los que pertenecemos. Me siento agradecida y feliz de asumir este reto, acompa\u00f1ada y acompa\u00f1ando a otros\u201d, subray\u00f3.<\/p>\n\n\n\n<p class=\"wp-block-paragraph\">Por su parte, Y\u00e9sica S\u00e1nchez Maya, quien form\u00f3 parte del equipo directivo conjuntamente con Pilar Muriedas y Ana Mar\u00eda Hern\u00e1ndez C\u00e1rdenas. Es feminista,&nbsp;licenciada en Derecho, defensora de derechos humanos, especialista en litigio estrat\u00e9gico para la defensa de los derechos humanos, impulsora de redes y alianzas a nivel local, nacional e internacional.<\/p>\n\n\n\n<p class=\"wp-block-paragraph\">Fue becaria de Centro de Justicia Internacional (CEJIL) con ardua experiencia en incidencia en legislaci\u00f3n,&nbsp;pol\u00edticas p\u00fablicas, as\u00ed como en instancias internacionales;&nbsp;acompa\u00f1ante de diversas v\u00edctimas de abusos de autoridad, criminalizaci\u00f3n a la protesta social, desaparici\u00f3n forzada detenci\u00f3n arbitraria, prisi\u00f3n pol\u00edtica,&nbsp;tortura, feminicidio&nbsp;y de mujeres sobrevivientes de violencia feminicida y experta en Protecci\u00f3n Integral Feminista.<\/p>\n\n\n\n<p class=\"wp-block-paragraph\">\u201cEl momento que vivimos como organizaci\u00f3n, es un momento transgresor, de cierre de ciclos, de apuesta por los cambios desde una construcci\u00f3n colectiva a la luz de recuperar diversas experiencias, trayectorias, andares y sentires\u201d, destac\u00f3 S\u00e1nchez Maya.<\/p>\n\n\n\n<p class=\"wp-block-paragraph\">Durante la presentaci\u00f3n representantes, mujeres y hombres, de diversas organizaciones auguraron un largo y buen futuro para Consorcio Oaxaca, adem\u00e1s de destacar el relevo generacional que no siempre es posible consolidar en otras organizaciones.<\/p>\n\n\n\n<p class=\"wp-block-paragraph\">SEM\/sj<\/p>\n","protected":false},"excerpt":{"rendered":"<p>Ante representantes de unas cincuenta organizaciones de la sociedad civil, Consorcio para el Di\u00e1logo Parlamentario y la Equidad present\u00f3 a las nuevas integrantes de la Direcci\u00f3n Colegiada integrada por Y\u00e9sica S\u00e1nchez Maya, Elizabeth Mosqueda Rivera y Nallely Guadalupe Tello M\u00e9ndez.<\/p>\n","protected":false},"author":3,"featured_media":77351,"comment_status":"open","ping_status":"open","sticky":false,"template":"","format":"standard","meta":{"_monsterinsights_skip_tracking":false,"footnotes":""},"categories":[54],"tags":[],"class_list":["post-77350","post","type-post","status-publish","format-standard","has-post-thumbnail","category-mujeres"],"_links":{"self":[{"href":"https:\/\/redsemlac.com\/semmexico\/wp-json\/wp\/v2\/posts\/77350","targetHints":{"allow":["GET"]}}],"collection":[{"href":"https:\/\/redsemlac.com\/semmexico\/wp-json\/wp\/v2\/posts"}],"about":[{"href":"https:\/\/redsemlac.com\/semmexico\/wp-json\/wp\/v2\/types\/post"}],"author":[{"embeddable":true,"href":"https:\/\/redsemlac.com\/semmexico\/wp-json\/wp\/v2\/users\/3"}],"replies":[{"embeddable":true,"href":"https:\/\/redsemlac.com\/semmexico\/wp-json\/wp\/v2\/comments?post=77350"}],"version-history":[{"count":0,"href":"https:\/\/redsemlac.com\/semmexico\/wp-json\/wp\/v2\/posts\/77350\/revisions"}],"wp:featuredmedia":[{"embeddable":true,"href":"https:\/\/redsemlac.com\/semmexico\/wp-json\/wp\/v2\/media\/77351"}],"wp:attachment":[{"href":"https:\/\/redsemlac.com\/semmexico\/wp-json\/wp\/v2\/media?parent=77350"}],"wp:term":[{"taxonomy":"category","embeddable":true,"href":"https:\/\/redsemlac.com\/semmexico\/wp-json\/wp\/v2\/categories?post=77350"},{"taxonomy":"post_tag","embeddable":true,"href":"https:\/\/redsemlac.com\/semmexico\/wp-json\/wp\/v2\/tags?post=77350"}],"curies":[{"name":"wp","href":"https:\/\/api.w.org\/{rel}","templated":true}]}}