{"id":77297,"date":"2024-02-15T10:39:07","date_gmt":"2024-02-15T16:39:07","guid":{"rendered":"https:\/\/redsemlac.com\/semmexico\/?p=77297"},"modified":"2024-02-15T10:39:09","modified_gmt":"2024-02-15T16:39:09","slug":"entresemana-la-nina-esta-triste","status":"publish","type":"post","link":"https:\/\/redsemlac.com\/semmexico\/entresemana-la-nina-esta-triste\/","title":{"rendered":"Entresemana| La ni\u00f1a est\u00e1 triste\u2026"},"content":{"rendered":"\n<p class=\"wp-block-paragraph\">Mois\u00e9s S\u00e1nchez Lim\u00f3n<\/p>\n\n\n\n<p class=\"wp-block-paragraph\">SemM\u00e9xico, Ciudad de M\u00e9xico, 15 de febrero, 2024.- \u00bfQu\u00e9 tiene la ni\u00f1a? \u00bfQu\u00e9 puedo yo hacer?, para que sonr\u00eda\u2026<\/p>\n\n\n\n<p class=\"wp-block-paragraph\">\u00a1Ay, Dios! &nbsp;<\/p>\n\n\n\n<p class=\"wp-block-paragraph\">Y luego, es un hecho que el licenciado Jenaro Villamil ya no podr\u00e1 defenderla desde la trinchera medi\u00e1tica en la que se gasta un dineral en burda propaganda v\u00eda Sistema P\u00fablico de Radiodifusi\u00f3n (a) SPR.<\/p>\n\n\n\n<p class=\"wp-block-paragraph\">Y es que los medios p\u00fablicos, los canales 11, 14 y 22 de televisi\u00f3n perdieron calidad, respeto y reconocimiento porque se volvieron veh\u00edculos propagand\u00edsticos para enaltecer a los nuevos due\u00f1os del poder, al licenciado presidente y la doctora Sheinbaum \u2013la ni\u00f1a est\u00e1 triste&#8211; y a quien se les pegue la gana a Villamil que ya no es, pero ah\u00ed sigue y socios del dream team.<\/p>\n\n\n\n<p class=\"wp-block-paragraph\">\u00a1Ah!, por supuesto, madrear, caricaturizar e insultar con sesudos textos y regodearse cual fil\u00f3sofos de la 4T, neo intelectuales org\u00e1nicos aplaudidores del Duce, en c\u00f3micos escenarios ataviados en lentejuela y oropel, apoltronados en la idea de que el poder es infinito.<\/p>\n\n\n\n<p class=\"wp-block-paragraph\">Tarea vil porque en la pretensi\u00f3n de mostrarlos dem\u00f3cratas, cultos, bellos y saludables dispuestos al sacrificio por amor, puro amor, por el pueblo terminaron por investirlos bufones como a la licenciada Godoy que bail\u00f3 un jarabe despu\u00e9s de aparecer \u00f1o\u00f1a en una sesi\u00f3n de preguntas a modo.<\/p>\n\n\n\n<p class=\"wp-block-paragraph\">Y quiere ser senadora.<\/p>\n\n\n\n<p class=\"wp-block-paragraph\">S\u00ed, \u00a1caray!, por ese intangible objeto del deseo electoral mediante pan, es decir, el reparto de dinero sectorizado y el circo que no tiene comparaci\u00f3n con el m\u00e1s vulgar y corriente espejo que pretende mofarse de la candidata de la oposici\u00f3n y terminan burl\u00e1ndose de s\u00ed mismos y mismas.<\/p>\n\n\n\n<p class=\"wp-block-paragraph\">\u00bfQu\u00e9 quiere la ni\u00f1a?<\/p>\n\n\n\n<p class=\"wp-block-paragraph\">Por eso, por eso\u2026<\/p>\n\n\n\n<p class=\"wp-block-paragraph\">&#8211;\u00bfC\u00f3mo va su ojo, se\u00f1or? \u2014pregunta sutil que hicieron al Duce, ayer en la ma\u00f1anera cuando debieron preguntar:<\/p>\n\n\n\n<p class=\"wp-block-paragraph\">&#8211;\u00bfC\u00f3mo amaneci\u00f3 su tutupiche, se\u00f1or presidente?<\/p>\n\n\n\n<p class=\"wp-block-paragraph\">Porque \u00e9l respondi\u00f3:<\/p>\n\n\n\n<p class=\"wp-block-paragraph\">&#8211;Va bien, va bien, ya va mejor, ya va mejor. Ya ayer, dir\u00edan en mi tierra, en mi agua, me jurgaron el tutupiche. Esa es otra palabra tabasque\u00f1a, del habla de mi pueblo, jurgar, ah\u00ed se los dejo de tarea. Jurgar es\u2026&#8211;respondi\u00f3 Su Alteza Seren\u00edsima y, con ese \u00e1nimo docente que le es natural, dej\u00f3 la tarea a sus juglares en la ma\u00f1anera.<\/p>\n\n\n\n<p class=\"wp-block-paragraph\">\u00a1Ajaj\u00e1!<\/p>\n\n\n\n<p class=\"wp-block-paragraph\">Jurgar es palabra costarricense, no tabasque\u00f1a ni de Macuspana y significa punzar.<\/p>\n\n\n\n<p class=\"wp-block-paragraph\">O sea, en t\u00e9rminos llanos, primo hermano, le punzaron la perrilla al licenciado presidente, que, f\u00edjese usted, no es producto de lo que en aquellos antieres nos acusaban las vecinas por andar viendo a los perritos y las perritas regocij\u00e1ndose en plena calle sin rubor.<\/p>\n\n\n\n<p class=\"wp-block-paragraph\">\u00a1Nooo! El tutupiche, conocido cl\u00ednicamente como orzuelo, se produce por infecci\u00f3n de las gl\u00e1ndulas seb\u00e1ceas del p\u00e1rpado por falta de higiene. Tocarse los ojos con las manos sucias, es la principal causa.<\/p>\n\n\n\n<p class=\"wp-block-paragraph\">\u00a1Rec\u00f3rcholis, doctora! Recomi\u00e9ndele lavar las buchacas despu\u00e9s del pipir\u00edn.<\/p>\n\n\n\n<p class=\"wp-block-paragraph\">\u00bfO ser\u00e1 que el licenciado tiene blefaritis? Bueno, eso refieren los m\u00e9dicos oftalm\u00f3logos m\u00e1s chipocludos.<\/p>\n\n\n\n<p class=\"wp-block-paragraph\">Pero, mire usted c\u00f3mo son de largos en las redes porque, con tal de quedar bien con Su Majestad soltaron la versi\u00f3n de que la perrilla le sali\u00f3, por segunda ocasi\u00f3n en poco tiempo, debido al estr\u00e9s.<\/p>\n\n\n\n<p class=\"wp-block-paragraph\">S\u00ed as\u00ed fuera, los orzuelos mejor conocidos entre la banda como perrillas no abandonar\u00edan al licenciado L\u00f3pez Obrador en ambos ojos porque todos los d\u00edas despierta pregunt\u00e1ndose como joder a M\u00e9xico y le provoca insomnio la ingeniera X\u00f3chitl G\u00e1lvez, a quien insult\u00f3 en su excelente pieza literaria apodada \u201c\u00a1Mi Veld\u00e1!\u201d, no, no, disculpe usted, se titula \u201c\u00a1Gracias!\u201d<\/p>\n\n\n\n<p class=\"wp-block-paragraph\">Bueno, el punto es qui\u00e9n para operar la defensa de los prohombres y las mujeres de avanzada de la 4T y mantener la propaganda que sostiene \u2013no se r\u00eda, porfis\u2014que el pa\u00eds est\u00e1 mejor que nunca, como dice la doctora Shein y presume el licenciado Andr\u00e9s Manuel con todo aquel que lo quiera escuchar.<\/p>\n\n\n\n<p class=\"wp-block-paragraph\">\u00bfChucho Ram\u00edrez se quedar\u00e1 con el paquetazo de operar a los medios p\u00fablicos? Porque, desde la medianoche de ayer mi\u00e9rcoles, el licenciado Jenaro Villamil Rodr\u00edguez, a quien \u2013nuevamente le pido, porfis, no se r\u00eda\u2014Wikipedia da el rango de \u201cperiodista y escritor mexicano, especializado en pol\u00edtica y medios de comunicaci\u00f3n masiva\u201d.<\/p>\n\n\n\n<p class=\"wp-block-paragraph\">\u00bfSer\u00e1 por eso que al Canal Once le cambi\u00f3, con acompa\u00f1amiento del senador Antonio \u00c1lvarez Lima hasta el modo de andar? L\u00e1stima, el ex gobernador de Tlaxcala y ex director de Imevisi\u00f3n debi\u00f3 haber defendido, por lo menos, la calidad que tanto tiempo y esfuerzo cost\u00f3 lograr al Once.<\/p>\n\n\n\n<p class=\"wp-block-paragraph\">Pero est\u00e1bamos en el caso de Villamil Rodr\u00edguez que fue propuesto por el licenciado presidente, hace 20 d\u00edas, para que la mayor\u00eda calificada lo ratifique, algo que no ocurrir\u00e1 porque la oposici\u00f3n ya fij\u00f3 postura y rechaz\u00f3 mantener en ese cargo a Jenaro, quien la semana pasada ignor\u00f3 una convocatoria para asistir a una sesi\u00f3n de trabajo con diputados federales.<\/p>\n\n\n\n<p class=\"wp-block-paragraph\">El hecho es que, por alguna de esas cosas de la vida, en el Senado no se discuti\u00f3 la propuesta. \u00bfAh!, pero Jenaro, con ese valemadrismo que le vimos a Sanjuana Mart\u00ednez cuando se sinti\u00f3 tocada por el dedo divino de Palacio, se mantiene en la oficina del presidente del SPR.<\/p>\n\n\n\n<p class=\"wp-block-paragraph\">Y hablando de mentiras y valemadrismo, ah\u00ed tiene usted a la trinca formada por Mario Delgado, Tatiana Clouthier y el ex delegado de Miguel Hidalgo, V\u00edctor Hugo Romo, en conferencia de prensa apresurados por demostrar que X\u00f3chitl G\u00e1lvez recibe moches de una inmobiliaria a la que supuestamente benefici\u00f3 cuando fue delegada precisamente en Miguel Hidalgo.<\/p>\n\n\n\n<p class=\"wp-block-paragraph\">La licenciada Clouthier aparece en un video y acusa que, el edificio a su espalda sirve para que X\u00f3chitl G\u00e1lvez ofrezca sus conferencias Ma\u00f1aNetas. Pero miente, no es un edificio la sede, es una casa.<\/p>\n\n\n\n<p class=\"wp-block-paragraph\">Y&nbsp;el itamita Mario Delgado sostiene que X\u00f3chitl se beneficia de supuestos actos de corrupci\u00f3n que cometi\u00f3 cuando delegada en Miguel Hidalgo y la inmobiliaria Marhnos le presta el inmueble sede de las Ma\u00f1aNetas.<\/p>\n\n\n\n<p class=\"wp-block-paragraph\">En tanto, el ex alcalde de Miguel Hidalgo,&nbsp;V\u00edctor Hugo Romo,&nbsp;asegur\u00f3 que X\u00f3chitl autoriz\u00f3, en 2017, a inmobiliaria Marhnos la construcci\u00f3n de un edificio de tres torres y m\u00e1s de 360 departamentos que representar\u00eda m\u00e1s de mil millones de pesos.<\/p>\n\n\n\n<p class=\"wp-block-paragraph\">Adem\u00e1s, el distinguido patriota Romo dice que, el due\u00f1o de Marhnos, Nicol\u00e1s Mariscal Servitje financi\u00f3 el viaje de X\u00f3chitl a Espa\u00f1a.<\/p>\n\n\n\n<p class=\"wp-block-paragraph\">\u00a1Zambombazo!<\/p>\n\n\n\n<p class=\"wp-block-paragraph\">\u00a1Ah!, pero cuando se pidieron pruebas, Romo admiti\u00f3 que no las tiene y blofe\u00f3: \u201cPues m\u00e1s que documentos est\u00e1, pues est\u00e1 siendo esto dicho, pero es la visita, es la compa\u00f1\u00eda y es la organizaci\u00f3n del viaje\u201d.<\/p>\n\n\n\n<p class=\"wp-block-paragraph\">La mentira como divisa. \u00bfQu\u00e9 le parece?<\/p>\n\n\n\n<p class=\"wp-block-paragraph\">Mario, Claudia, Andr\u00e9s, V\u00edctor, Gerardo y et al morenazos \u00bfpor qu\u00e9 el enojo respecto de la gira de X\u00f3chitl por Nueva York y Washington y Espa\u00f1a y la audiencia que el papa Francisco le dio en su oficina de la Bas\u00edlica de San Pedro en el Estado Vaticano?<\/p>\n\n\n\n<p class=\"wp-block-paragraph\">Vaya, vaya.<\/p>\n\n\n\n<p class=\"wp-block-paragraph\">La ingeniera ha ganado el brinco a la que se asume favorita e imbatible, casi con las llaves del despacho principal de Palacio Nacional en la bolsa.<\/p>\n\n\n\n<p class=\"wp-block-paragraph\">Pero\u2026 Apenas X\u00f3chitl G\u00e1lvez abandonaba territorio del Vaticano con la bendici\u00f3n papal, Claudia Sheinbaum volaba rumbo a Roma, Italia, para asistir hoy jueves 15 de febrero a audiencia privada con el Papa Francisco.<\/p>\n\n\n\n<p class=\"wp-block-paragraph\">\u00bfOper\u00f3 Alberto Barranco, embajador de M\u00e9xico ante el Estado Vaticano? \u00bfFue llamada de Su Alteza Seren\u00edsima al Papa? Vaya usted a saber; lo evidente, hay inquietud en Palacio, tanto que el licenciado presidente ya habla de reconocer la derrota.<\/p>\n\n\n\n<p class=\"wp-block-paragraph\">La ni\u00f1a est\u00e1 triste, \u00bfqu\u00e9 quiere la ni\u00f1a?, cantaba Leo Dan hace m\u00e1s de medio siglo. Es vigente. \u00a1Rec\u00e1spita, Drakko! Digo.<\/p>\n\n\n\n<p class=\"wp-block-paragraph\"><a href=\"mailto:sanchezlimon@gmail.com\" target=\"_blank\" rel=\"noreferrer noopener\">sanchezlimon@gmail.com<\/a>&nbsp;&nbsp;&nbsp;&nbsp;<a href=\"http:\/\/www.entresemana.mx\/\" target=\"_blank\" rel=\"noreferrer noopener\">www.entresemana.mx<\/a>&nbsp;&nbsp; @sanchezlimon1<\/p>\n","protected":false},"excerpt":{"rendered":"<p>los canales 11, 14 y 22 de televisi\u00f3n perdieron calidad, respeto y reconocimiento porque se volvieron veh\u00edculos propagand\u00edsticos para enaltecer a los nuevos due\u00f1os del poder, al licenciado presidente y la doctora Sheinbaum<\/p>\n","protected":false},"author":3,"featured_media":41799,"comment_status":"open","ping_status":"open","sticky":false,"template":"","format":"standard","meta":{"_monsterinsights_skip_tracking":false,"footnotes":""},"categories":[105,83,35],"tags":[],"class_list":["post-77297","post","type-post","status-publish","format-standard","has-post-thumbnail","category-entresemana","category-moises-sanchez-limon","category-opinion"],"_links":{"self":[{"href":"https:\/\/redsemlac.com\/semmexico\/wp-json\/wp\/v2\/posts\/77297","targetHints":{"allow":["GET"]}}],"collection":[{"href":"https:\/\/redsemlac.com\/semmexico\/wp-json\/wp\/v2\/posts"}],"about":[{"href":"https:\/\/redsemlac.com\/semmexico\/wp-json\/wp\/v2\/types\/post"}],"author":[{"embeddable":true,"href":"https:\/\/redsemlac.com\/semmexico\/wp-json\/wp\/v2\/users\/3"}],"replies":[{"embeddable":true,"href":"https:\/\/redsemlac.com\/semmexico\/wp-json\/wp\/v2\/comments?post=77297"}],"version-history":[{"count":0,"href":"https:\/\/redsemlac.com\/semmexico\/wp-json\/wp\/v2\/posts\/77297\/revisions"}],"wp:featuredmedia":[{"embeddable":true,"href":"https:\/\/redsemlac.com\/semmexico\/wp-json\/wp\/v2\/media\/41799"}],"wp:attachment":[{"href":"https:\/\/redsemlac.com\/semmexico\/wp-json\/wp\/v2\/media?parent=77297"}],"wp:term":[{"taxonomy":"category","embeddable":true,"href":"https:\/\/redsemlac.com\/semmexico\/wp-json\/wp\/v2\/categories?post=77297"},{"taxonomy":"post_tag","embeddable":true,"href":"https:\/\/redsemlac.com\/semmexico\/wp-json\/wp\/v2\/tags?post=77297"}],"curies":[{"name":"wp","href":"https:\/\/api.w.org\/{rel}","templated":true}]}}