{"id":77283,"date":"2024-02-14T09:55:03","date_gmt":"2024-02-14T15:55:03","guid":{"rendered":"https:\/\/redsemlac.com\/semmexico\/?p=77283"},"modified":"2024-02-14T09:55:03","modified_gmt":"2024-02-14T15:55:03","slug":"la-fiscalia-general-del-estado-de-guerrero-informa-que-logro-la-localizacion-con-vida-de-nelly-alitzel-n-joven-que-contaba-con-reporte-de-desaparicion","status":"publish","type":"post","link":"https:\/\/redsemlac.com\/semmexico\/la-fiscalia-general-del-estado-de-guerrero-informa-que-logro-la-localizacion-con-vida-de-nelly-alitzel-n-joven-que-contaba-con-reporte-de-desaparicion\/","title":{"rendered":"La Fiscal\u00eda General del Estado de Guerrero informa que logr\u00f3 la localizaci\u00f3n con vida de Nelly Alitzel \u201cN\u201d, joven que contaba con reporte de desaparici\u00f3n"},"content":{"rendered":"\n<p class=\"wp-block-paragraph\"><strong>Redacci\u00f3n<\/strong><\/p>\n\n\n\n<p class=\"wp-block-paragraph\">SemM\u00e9xico\/Ceprovysa, Chilpancingo, Gro., 14 de febrero, 2024.- La Fiscal\u00eda General del Estado de Guerrero inform\u00f3 anoche que logr\u00f3 la localizaci\u00f3n con vida de Nelly Alitzel \u201cN\u201d, joven que contaba con reporte de desaparici\u00f3n, luego de las movilizaciones de sus familiares para exigir investigaci\u00f3n.<\/p>\n\n\n\n<p class=\"wp-block-paragraph\">Se precisa que tras un operativo de b\u00fasqueda encabezado por personal de la Polic\u00eda Investigadora Ministerial adscrito a la Fiscal\u00eda Regional de Acapulco, se ubic\u00f3 un domicilio en la colonia Cumbres de Llano Largo, donde se encontraba la joven en compa\u00f1\u00eda de una persona del sexo masculino.<\/p>\n\n\n\n<p class=\"wp-block-paragraph\">Nelly Alitzel era buscada por esta instituci\u00f3n desde el pasado 8 de febrero, luego de que la FGE recibi\u00f3 la denuncia formal por desaparici\u00f3n dando parte a la activaci\u00f3n de la Alerta Amber correspondiente. Y tras la demanda de sus familiares, que estuvieron con las autoridades durante varios d\u00edas.<\/p>\n\n\n\n<p class=\"wp-block-paragraph\">Hasta ahora no ha dado detalles de quienes la retuvieron y si hubo o no detenciones. Como sucede en estos casos, las autoridades se reservan la informaci\u00f3n y no se conoce el seguimiento.<\/p>\n\n\n\n<p class=\"wp-block-paragraph\">Asimismo, la FGE reitera que en todo momento mantuvo contacto con los familiares de la adolescente sobre el estatus de las b\u00fasquedas para localizarla.<\/p>\n\n\n\n<p class=\"wp-block-paragraph\">Tras su localizaci\u00f3n, como parte de los protocolos establecidos, la menor fue presentada ante el Ministerio P\u00fablico correspondiente para corroborar su estado de salud f\u00edsico y emocional para posteriormente ser integrada a su familia, con ello tambi\u00e9n desactivando la ficha emitida para su localizaci\u00f3n.<\/p>\n\n\n\n<h2 class=\"wp-block-heading\"><strong>Antecedente<\/strong><\/h2>\n\n\n\n<p class=\"wp-block-paragraph\">Nelly Alitzel, joven estudiante del Tecnol\u00f3gico de Acapulco est\u00e1 desaparecida, familiares y amigos bloquearon la costera Miguel Alem\u00e1n para pedir se aplique protocolo de b\u00fasqueda.<\/p>\n\n\n\n<p class=\"wp-block-paragraph\">El se\u00f1or Abel Longares y Aurea Bedolla, padres de la menor, de 17 a\u00f1os de edad dieron a conocer que su hija, el jueves 8 del mes en curso, sali\u00f3 de su domicilio, en la Coloso, para ir al Tecnol\u00f3gico de Acapulco.<\/p>\n\n\n\n<p class=\"wp-block-paragraph\"><br>Indicaron que sali\u00f3 a las 9 de la ma\u00f1ana para realizar un tr\u00e1mite escolar, sobre sus horarios y materias, ya que hab\u00eda pagado lo relacionado con el semestre, estudiaba el segundo en la carrera de Administraci\u00f3n de Empresas.<\/p>\n\n\n\n<p class=\"wp-block-paragraph\">Hasta ayer no se sab\u00eda nada del paradero de la joven Nelly Alitzel.<\/p>\n\n\n\n<p class=\"wp-block-paragraph\"><br>El bloqueo, como inform\u00f3 Ceprovysa, sucedi\u00f3 en la costera Miguel Alem\u00e1n; adem\u00e1s fue intermitente, y aunque caus\u00f3 molestia entre los automovilistas porque no tuvieron alternativas para circular.<\/p>\n\n\n\n<p class=\"wp-block-paragraph\">Durante la movilizaci\u00f3n arribaron elementos de la Polic\u00eda del Estado que les indicaron que ya hab\u00eda una ficha de b\u00fasqueda y que se trabajaba en su localizaci\u00f3n, por lo que solicitaron a familiares, amistades, a compa\u00f1eras y compa\u00f1eros de la joven Nelly Alitzel, no realizaran el bloqueo.<\/p>\n","protected":false},"excerpt":{"rendered":"<p>La Fiscal\u00eda General del Estado de Guerrero inform\u00f3 anoche que logr\u00f3 la localizaci\u00f3n con vida de Nelly Alitzel \u201cN\u201d.<\/p>\n","protected":false},"author":3,"featured_media":77284,"comment_status":"open","ping_status":"open","sticky":false,"template":"","format":"standard","meta":{"_monsterinsights_skip_tracking":false,"footnotes":""},"categories":[682,48],"tags":[144,149,142],"class_list":["post-77283","post","type-post","status-publish","format-standard","has-post-thumbnail","category-noticias","category-no-mas-impunidad-no-mas-impunidad","tag-guerrero","tag-mujeres","tag-violencia"],"_links":{"self":[{"href":"https:\/\/redsemlac.com\/semmexico\/wp-json\/wp\/v2\/posts\/77283","targetHints":{"allow":["GET"]}}],"collection":[{"href":"https:\/\/redsemlac.com\/semmexico\/wp-json\/wp\/v2\/posts"}],"about":[{"href":"https:\/\/redsemlac.com\/semmexico\/wp-json\/wp\/v2\/types\/post"}],"author":[{"embeddable":true,"href":"https:\/\/redsemlac.com\/semmexico\/wp-json\/wp\/v2\/users\/3"}],"replies":[{"embeddable":true,"href":"https:\/\/redsemlac.com\/semmexico\/wp-json\/wp\/v2\/comments?post=77283"}],"version-history":[{"count":0,"href":"https:\/\/redsemlac.com\/semmexico\/wp-json\/wp\/v2\/posts\/77283\/revisions"}],"wp:featuredmedia":[{"embeddable":true,"href":"https:\/\/redsemlac.com\/semmexico\/wp-json\/wp\/v2\/media\/77284"}],"wp:attachment":[{"href":"https:\/\/redsemlac.com\/semmexico\/wp-json\/wp\/v2\/media?parent=77283"}],"wp:term":[{"taxonomy":"category","embeddable":true,"href":"https:\/\/redsemlac.com\/semmexico\/wp-json\/wp\/v2\/categories?post=77283"},{"taxonomy":"post_tag","embeddable":true,"href":"https:\/\/redsemlac.com\/semmexico\/wp-json\/wp\/v2\/tags?post=77283"}],"curies":[{"name":"wp","href":"https:\/\/api.w.org\/{rel}","templated":true}]}}