{"id":77262,"date":"2024-02-14T08:00:00","date_gmt":"2024-02-14T14:00:00","guid":{"rendered":"https:\/\/redsemlac.com\/semmexico\/?p=77262"},"modified":"2024-02-13T23:16:40","modified_gmt":"2024-02-14T05:16:40","slug":"el-poder-judicial-de-la-federacion-avanza-a-ser-una-institucion-completamente-incluyente","status":"publish","type":"post","link":"https:\/\/redsemlac.com\/semmexico\/el-poder-judicial-de-la-federacion-avanza-a-ser-una-institucion-completamente-incluyente\/","title":{"rendered":"El Poder Judicial de la Federaci\u00f3n avanza a ser una instituci\u00f3n completamente incluyente"},"content":{"rendered":"\n<ul class=\"wp-block-list\">\n<li><strong>El Censo Nacional permitir\u00e1 conocer retos y crear pol\u00edticas p\u00fablicas en favor de los derechos humanos.<\/strong><\/li>\n<\/ul>\n\n\n\n<p class=\"wp-block-paragraph\"><strong>Micaela M\u00e1rquez<\/strong><\/p>\n\n\n\n<p class=\"wp-block-paragraph\">SemM\u00e9xico, Ciudad de M\u00e9xico, 14 de febrero, 2024.- El Poder Judicial de la Federaci\u00f3n avanza a convertirse en una instituci\u00f3n completamente diversa, incluyente y garante de los derechos humanos consagrados en la Constituci\u00f3n Pol\u00edtica, las leyes y los Tratados Internacionales de los que M\u00e9xico es parte, al iniciar el Censo Nacional en Materia de Inclusi\u00f3n.<\/p>\n\n\n\n<p class=\"wp-block-paragraph\">Del 12 de febrero al 26 de marzo, los m\u00e1s de 53 mil trabajadores que lo integran podr\u00e1n participar en este ejercicio in\u00e9dito en una instituci\u00f3n p\u00fablica.<\/p>\n\n\n\n<p class=\"wp-block-paragraph\">Con esta medici\u00f3n se tendr\u00e1 un diagn\u00f3stico preciso sobre la diversidad de personas servidoras p\u00fablicas que conforman al PJF, para la posterior creaci\u00f3n de pol\u00edticas p\u00fablicas y l\u00edneas de acci\u00f3n en diferentes rubros.<\/p>\n\n\n\n<p class=\"wp-block-paragraph\">En un comunicado se informa que el Censo Nacional cuenta con distintos ejes rectores como: Personas con discapacidad, Personas ind\u00edgenas y afromexicanas, Personas de la comunidad LGBTQ+ y Personas con labores de cuidados.<\/p>\n\n\n\n<p class=\"wp-block-paragraph\">Con el objetivo de identificar necesidades y \u00e1reas de oportunidad dentro del Poder Judicial de la Federaci\u00f3n el Consejo de la Judicatura Federal (CJF) realiza el Censo nacional en materia de inclusi\u00f3n.<\/p>\n\n\n\n<p class=\"wp-block-paragraph\">El censo permitir\u00e1 conocer retos y crear pol\u00edticas p\u00fablicas en favor de los derechos humanos.<\/p>\n\n\n\n<p class=\"wp-block-paragraph\">La participaci\u00f3n de todas las personas servidoras p\u00fablicas del PJF es vital, ya que por medio de este ejercicio de medici\u00f3n se conocer\u00e1 la realidad de cada una de ellas y brindar\u00e1 la posibilidad de crear planes en favor de la inclusi\u00f3n de todas y todos.<\/p>\n\n\n\n<p class=\"wp-block-paragraph\">Una vez que el CJF, a trav\u00e9s de la Direcci\u00f3n General de Derechos Humanos, Igualdad de G\u00e9nero y Asuntos Internacionales, realice la recolecci\u00f3n de informaci\u00f3n, se avanzar\u00e1 a una etapa cualitativa que ayudar\u00e1 a dise\u00f1ar un plan de trabajo para generar pol\u00edticas y acciones de inclusi\u00f3n que impactar\u00e1n a los m\u00e1s de 53 mil trabajadores del PJF.<\/p>\n\n\n\n<p class=\"wp-block-paragraph\">El Censo se desarroll\u00f3 en conjunto con la Organizaci\u00f3n de las Naciones Unidas a trav\u00e9s del Fondo de Poblaci\u00f3n de Naciones Unidas (UNFPA, por sus siglas en ingl\u00e9s) en M\u00e9xico. Adem\u00e1s, en el \u00e1mbito internacional hay esfuerzos en este mismo sentido en pa\u00edses como Costa Rica, Uruguay y diversos lugares de Europa.<\/p>\n","protected":false},"excerpt":{"rendered":"<p>El Censo Nacional permitir\u00e1 conocer retos y crear pol\u00edticas p\u00fablicas en favor de los derechos humanos.<\/p>\n","protected":false},"author":3,"featured_media":77263,"comment_status":"open","ping_status":"open","sticky":false,"template":"","format":"standard","meta":{"_monsterinsights_skip_tracking":false,"footnotes":""},"categories":[682],"tags":[],"class_list":["post-77262","post","type-post","status-publish","format-standard","has-post-thumbnail","category-noticias"],"_links":{"self":[{"href":"https:\/\/redsemlac.com\/semmexico\/wp-json\/wp\/v2\/posts\/77262","targetHints":{"allow":["GET"]}}],"collection":[{"href":"https:\/\/redsemlac.com\/semmexico\/wp-json\/wp\/v2\/posts"}],"about":[{"href":"https:\/\/redsemlac.com\/semmexico\/wp-json\/wp\/v2\/types\/post"}],"author":[{"embeddable":true,"href":"https:\/\/redsemlac.com\/semmexico\/wp-json\/wp\/v2\/users\/3"}],"replies":[{"embeddable":true,"href":"https:\/\/redsemlac.com\/semmexico\/wp-json\/wp\/v2\/comments?post=77262"}],"version-history":[{"count":0,"href":"https:\/\/redsemlac.com\/semmexico\/wp-json\/wp\/v2\/posts\/77262\/revisions"}],"wp:featuredmedia":[{"embeddable":true,"href":"https:\/\/redsemlac.com\/semmexico\/wp-json\/wp\/v2\/media\/77263"}],"wp:attachment":[{"href":"https:\/\/redsemlac.com\/semmexico\/wp-json\/wp\/v2\/media?parent=77262"}],"wp:term":[{"taxonomy":"category","embeddable":true,"href":"https:\/\/redsemlac.com\/semmexico\/wp-json\/wp\/v2\/categories?post=77262"},{"taxonomy":"post_tag","embeddable":true,"href":"https:\/\/redsemlac.com\/semmexico\/wp-json\/wp\/v2\/tags?post=77262"}],"curies":[{"name":"wp","href":"https:\/\/api.w.org\/{rel}","templated":true}]}}