{"id":77252,"date":"2024-02-14T07:30:00","date_gmt":"2024-02-14T13:30:00","guid":{"rendered":"https:\/\/redsemlac.com\/semmexico\/?p=77252"},"modified":"2024-02-13T22:39:39","modified_gmt":"2024-02-14T04:39:39","slug":"crisis-humanitaria-en-la-frontera-de-chiapas-urgen-organizaciones-al-gobierno-de-amlo-a-atender-no-criminalizar-ademas-mujeres-migrantes-son-controladas","status":"publish","type":"post","link":"https:\/\/redsemlac.com\/semmexico\/crisis-humanitaria-en-la-frontera-de-chiapas-urgen-organizaciones-al-gobierno-de-amlo-a-atender-no-criminalizar-ademas-mujeres-migrantes-son-controladas\/","title":{"rendered":"Crisis humanitaria en la frontera de Chiapas, urgen organizaciones al gobierno de AMLO a atender, no criminalizar; adem\u00e1s mujeres migrantes son controladas"},"content":{"rendered":"\n<ul class=\"wp-block-list\">\n<li><strong>No se trata de entrar en una guerra de cifras con las autoridades, sino que se tomen acciones verdaderas de protecci\u00f3n integral para la poblaci\u00f3n.\u00a0<\/strong><\/li>\n<\/ul>\n\n\n\n<ul class=\"wp-block-list\">\n<li><strong>Informe: \u201cAsedio a la vida cotidiana, terror para el control del territorio y graves violaciones a los derechos humanos\u201d, hablan de una verdadera crisis humanitaria.<\/strong><\/li>\n<\/ul>\n\n\n\n<p class=\"wp-block-paragraph\"><strong>Elda Montiel<\/strong><\/p>\n\n\n\n<p class=\"wp-block-paragraph\">SemM\u00e9xico, Ciudad de M\u00e9xico, 14 de febrero, 2024.- Reconocer p\u00fablicamente el conflicto armado en la regi\u00f3n fronteriza de Chiapas que tiene sumida a la poblaci\u00f3n en el terror y el desplazamiento forzoso por los grupos delincuenciales e iniciar el di\u00e1logo para establecer estrategias integrales de soluci\u00f3n es el objetivo del Informe \u201cAsedio a la vida cotidiana, terror para el control del territorio y graves violaciones a los derechos humanos\u201d.<\/p>\n\n\n\n<p class=\"wp-block-paragraph\">Preocupa a las organizaciones civiles la negaci\u00f3n del Ejecutivo y la criminalizaci\u00f3n a la poblaci\u00f3n, en las conferencias ma\u00f1aneras, al asegurar que hay colaboraci\u00f3n con los grupos criminales cuando se sabe que est\u00e1n bajo el control absoluto de la delincuencia organizada y las fuerzas militares en lugar de atender a la poblaci\u00f3n civil realiza acciones de contenci\u00f3n con gases lacrim\u00f3genos.&nbsp;&nbsp;<\/p>\n\n\n\n<p class=\"wp-block-paragraph\">Sandra Suaste de \u201cTodos los Derechos para Todos, Todas y Todes\u201d (Red TDT) inform\u00f3 que ya hay un acercamiento con la Secretar\u00eda de Gobernaci\u00f3n con la Subsecretaria de Derechos Humanos y lo que est\u00e1n apelando es al reconocimiento de la situaci\u00f3n de violencia de la poblaci\u00f3n para poder avanzar.<\/p>\n\n\n\n<p class=\"wp-block-paragraph\">\u201cDebemos actuar con urgencia y determinaci\u00f3n para que se protejan los derechos de las personas sin importar su origen. Visibilizar y encontrar las rutas de atenci\u00f3n m\u00e1s necesarias\u201d expres\u00f3.<\/p>\n\n\n\n<p class=\"wp-block-paragraph\">No se trata, dijo, de entrar en una guerra de cifras con las autoridades, sino que se tomen acciones verdaderas de protecci\u00f3n integral para la poblaci\u00f3n.<\/p>\n\n\n\n<p class=\"wp-block-paragraph\">El representante de ONU Derechos Humanos en M\u00e9xico, Jes\u00fas Pe\u00f1a Palacios, precis\u00f3 que lo relevante del Informe es el trabajo leg\u00edtimo por documentar la crisis humanitaria de las comunidades y buscar a las autoridades para atender la situaci\u00f3n.<\/p>\n\n\n\n<p class=\"wp-block-paragraph\">Adem\u00e1s, que es un mensaje a las v\u00edctimas para que sepan que no est\u00e1n solos.<\/p>\n\n\n\n<p class=\"wp-block-paragraph\">Agreg\u00f3 que M\u00e9xico tiene un marco amplio de protecci\u00f3n de los derechos humanos y lo que se busca es la plena vigencia de los derechos humanos.<\/p>\n\n\n\n<p class=\"wp-block-paragraph\">Carlos Ogaz del Centro de Derechos Humanos se\u00f1al\u00f3 que la tarea del gobierno ha sido de contenci\u00f3n del flujo migratorio, hemos visto que la criminalizaci\u00f3n no solo es contra la poblaci\u00f3n migrante sino a la poblaci\u00f3n civil del titular del Ejecutivo federal al se\u00f1alar a la poblaci\u00f3n como parte de los grupos criminales porque est\u00e1n colaborando, cuando viven un sometimiento como lo exponemos.<\/p>\n\n\n\n<p class=\"wp-block-paragraph\">Las organizaciones: Colectivo de Monitoreo, Frontera Sur Mesa de Coordinaci\u00f3n Transfronteriza Migraciones y G\u00e9nero Guatemala-M\u00e9xico (MTMG) y la Red Nacional de Organismos Civiles de Derechos Humanos (Red TDT) elaboraron el informe y elaboraron recomendaciones.<\/p>\n\n\n\n<p class=\"wp-block-paragraph\">Principalmente piden el reconocimiento p\u00fablico del conflicto armado en los municipios de la zona fronteriza de Chiapas; La Trinitaria, Frontera Comalapa, Chicomuselo, Siltepec, Motozintla, El Porvenir, La Grandeza, Bella Vista, Amatenango de la Frontera, Bejucal de Ocampo, Mazapa de Madero, Honduras de la Sierra desde 2021 a la fecha.<\/p>\n\n\n\n<p class=\"wp-block-paragraph\">Garantizar la protecci\u00f3n de la poblaci\u00f3n civil frente a las violaciones sistem\u00e1ticas de sus derechos humanos, particularmente de ni\u00f1os, ni\u00f1as y adolescentes, mujeres, personas de la tercera edad, personas ind\u00edgenas, etc.<\/p>\n\n\n\n<p class=\"wp-block-paragraph\">Asegurar la investigaci\u00f3n pronta, exhaustiva y efectiva de las violaciones a los derechos humanos, estableciendo una Comisi\u00f3n de Investigaci\u00f3n Independiente, con apoyo t\u00e9cnico y financiero de instancias internacionales.<\/p>\n\n\n\n<p class=\"wp-block-paragraph\">A la comunidad internacional le piden visibilizar p\u00fablicamente el conflicto armado que afecta a los municipios de la zona fronteriza de Chiapas, realizar una misi\u00f3n de verificaci\u00f3n en los municipios afectados por la situaci\u00f3n de violencia reportada en el informe.<\/p>\n\n\n\n<p class=\"wp-block-paragraph\">Definir el conflicto como Conflicto Armado No Internacional, as\u00ed como sus implicaciones en t\u00e9rminos jur\u00eddicos nacionales e internacionales y mantener un di\u00e1logo permanente con las autoridades federales y estatales de Chiapas sobre el conflicto armado en la regi\u00f3n Frontera, proporcionando asistencia t\u00e9cnica y financiera. As\u00ed como apoyar a la sociedad civil y organizaciones de derechos humanos en los municipios involucrados.<\/p>\n\n\n\n<p class=\"wp-block-paragraph\">La frontera de Chiapas con Guatemala se encuentra desde el 2021 atravesada por un conflicto armado no reconocido basado en la disputa territorial por grupos de delincuencia organizada. Abarca la zona de la sierra que comprende los municipios de La Trinitaria, Frontera Comalapa, Chicomuselo, Siltepec, Honduras de la Sierra, Motozintla, Mazapa de Madero, El Porvenir, La Grandeza, Bejucal de Ocampo, Amatenango de la Frontera y Bella Vista.<\/p>\n\n\n\n<p class=\"wp-block-paragraph\">Tan s\u00f3lo en lo que va de 2024 se han desplazado 3 mil personas. De junio del 2021 a noviembre del 2023 al menos 7 mil 500 personas fueron desplazadas.<\/p>\n\n\n\n<p class=\"wp-block-paragraph\">Incluso las cifras oficiales revelan que, entre diciembre de 2018 y septiembre de 2023, en el estado de Chiapas, el Registro Nacional de Personas Desaparecidas y No Localizadas tiene inscritas a 812 personas desaparecidas y no localizadas. De ese n\u00famero, 58 personas son de Frontera Comalapa, 11 de Motozintla, 8 de Amatenango de la Frontera, 2 de Chicomuselo, 3 de Bellavista y 1 de Siltepec. Sobresalen personas l\u00edderes de comunidades, comisariados ejidales y voceros de organizaciones, lo que revela que uno de los principales objetivos de la desaparici\u00f3n de personas es acallar las voces de procesos organizativos.<\/p>\n\n\n\n<h2 class=\"wp-block-heading\"><strong>La vida similar a la de conflictos armados&nbsp;&nbsp;<\/strong><\/h2>\n\n\n\n<p class=\"wp-block-paragraph\">M\u00e1s que datos duros ofrecen testimonios de una poblaci\u00f3n civil cuyas tierras han sido arrebatadas y sobre todo sin posibilidad de protestar.<\/p>\n\n\n\n<p class=\"wp-block-paragraph\">Carlos Ogaz Torres del Centro de Derechos Humanos describi\u00f3 la aguda crisis humanitaria con un \u00e9xodo masivo en medio de la poca responsabilidad de las autoridades federales y estatales. De una \u201ceconom\u00eda de conflicto\u201d que se desarrolla bajo amenaza, asesinatos, extorsiones, cobro de piso, control de precios de productos agr\u00edcolas, violencia f\u00edsica y castigos ejemplares para quienes se oponen.&nbsp;&nbsp;<\/p>\n\n\n\n<p class=\"wp-block-paragraph\">Refiri\u00f3 que la vida cotidiana de las comunidades de Chiapas es de un profundo miedo similar al de los territorios en conflicto armado; enfrentamientos generalizados entre los grupos criminales en disputa, uso de artefactos explosivos, drones, quema de veh\u00edculos, bloqueos de carreteras, corte de suministros b\u00e1sicos. patrullaje de los grupos delincuenciales, instalaci\u00f3n de retenes.<\/p>\n\n\n\n<p class=\"wp-block-paragraph\">Control de la poblaci\u00f3n con amenazas y reclutamiento forzado que tiene a la poblaci\u00f3n civil tomada como reh\u00e9n donde las ni\u00f1as, ni\u00f1os y adolescentes, mujeres y personas mayores son las m\u00e1s vulnerables.&nbsp;&nbsp;&nbsp;<\/p>\n\n\n\n<p class=\"wp-block-paragraph\">El miedo de ser v\u00edctima de abuso o explotaci\u00f3n sexual invade a las mujeres, quienes adem\u00e1s son obligadas a cumplir de manera forzada con el \u201crol asignado socialmente\u201d, cocinando para la gente que se encuentra en los bloqueos y para quienes integran los \u201cej\u00e9rcitos\u201d de los grupos criminales. Pero el temor tambi\u00e9n se extiende a las familias, y el mero hecho de tener hijas j\u00f3venes constituye ya una raz\u00f3n para desplazarse, por la posibilidad de que sean sexualmente explotadas.<\/p>\n\n\n\n<p class=\"wp-block-paragraph\">El control de la vida cotidiana es pr\u00e1cticamente total y es muy dif\u00edcil que cualquier actividad desarrollada en las comunidades o en las cabeceras municipales no tenga influencia de los grupos armados. Las reuniones son controladas y es obligatorio avisar.<\/p>\n\n\n\n<p class=\"wp-block-paragraph\">Las amenazas, extorsiones, secuestros y desapariciones de l\u00edderes y autoridades comunitarias se han convertido en un patr\u00f3n de actuaci\u00f3n de los grupos delincuenciales, que intentan someter de manera total, as\u00ed como crear una zona de silenciamiento, en medio de la colusi\u00f3n de autoridades municipales. Y ante ello, el desplazamiento se ha convertido en una acci\u00f3n de supervivencia habitual para mucha gente.<\/p>\n\n\n\n<p class=\"wp-block-paragraph\">En algunas comunidades se habla del 15 por ciento de su poblaci\u00f3n total desplazada de manera forzada, mucha de la cual continuar\u00e1 su avance hacia Estados Unidos o Tijuana en busca de refugio.<\/p>\n\n\n\n<p class=\"wp-block-paragraph\">En el caso del sistema educativo, con frecuencia se obliga a los y las profesoras a seguir con las actividades normales \u201cporque todo est\u00e1 bien\u201d: \u201cno hay excusa para no acudir, tienen listas de nombres, hay amenaza directa\u2026 fueron a hablar directamente con los directores de las escuelas\u201d, se\u00f1ala un testimonio an\u00f3nimo.<\/p>\n\n\n\n<p class=\"wp-block-paragraph\">Las poblaciones en situaci\u00f3n de vulnerabilidad ven mermados de forma m\u00e1s intensa sus derechos. Algunos ejemplos son las ni\u00f1as, ni\u00f1os y adolescentes que no han podido acudir a clases; las mujeres que viven mayores riesgos de sufrir violencia sexual; las personas adultas mayores cuyo acceso a la salud est\u00e1 restringido de facto; los migrantes, particularmente las mujeres, quienes son especialmente hostigadas, extorsionadas y sexualmente explotadas por los grupos delincuenciales.<\/p>\n\n\n\n<p class=\"wp-block-paragraph\">Los cuerpos de las mujeres tambi\u00e9n son controlados, especialmente migrantes y de otras comunidades de la zona, siendo forzadas a prostituirse. Son secuestradas y recluidas al servicio sexual de los \u201cej\u00e9rcitos\u201d de la delincuencia organizada, sin posibilidad de negarse, \u201c\u2026 hab\u00eda uno que&#8230; s\u00ed una chica le gustaba, mandaba a sus hombres a por ella y les ofrec\u00eda dinero a sus pap\u00e1s, como una compra. Incluso casadas pod\u00edan gustarle, tambi\u00e9n ofrec\u00eda dinero. Pero no s\u00e9 si era posible negarse\u201d (Testimonio an\u00f3nimo). &nbsp;<\/p>\n\n\n\n<p class=\"wp-block-paragraph\">Santiago Aguirre director del Centro PRO Derechos Humanos se\u00f1al\u00f3 que estamos ante un Estado ciego y sordo y que los discursos p\u00fablicos en aras de sostener un proyecto minimizan la violencia y la refutan. Es urgente, dijo, atender la crisis humanitaria que se vive en los 12 municipios de la zona fronteriza.&nbsp;<\/p>\n\n\n\n<p class=\"wp-block-paragraph\">Santiago Aguirre, a\u00f1adi\u00f3 que estamos viviendo un despliegue territorial de las fuerzas armadas que no est\u00e1 ocurriendo en la l\u00f3gica de los derechos humanos, no resguardan a la poblaci\u00f3n sino su actividad es de contenci\u00f3n a la migraci\u00f3n.<\/p>\n\n\n\n<p class=\"wp-block-paragraph\">Adem\u00e1s, finaliz\u00f3, \u201cninguna autoridad Ejercito o Marina es inmune a la criminalidad organizada y a la corrupci\u00f3n\u201d.<\/p>\n","protected":false},"excerpt":{"rendered":"<p>Preocupa a las organizaciones civiles la negaci\u00f3n del Ejecutivo y la criminalizaci\u00f3n a la poblaci\u00f3n.<\/p>\n","protected":false},"author":3,"featured_media":77253,"comment_status":"open","ping_status":"open","sticky":false,"template":"","format":"standard","meta":{"_monsterinsights_skip_tracking":false,"footnotes":""},"categories":[694,48],"tags":[142],"class_list":["post-77252","post","type-post","status-publish","format-standard","has-post-thumbnail","category-destacadas","category-no-mas-impunidad-no-mas-impunidad","tag-violencia"],"_links":{"self":[{"href":"https:\/\/redsemlac.com\/semmexico\/wp-json\/wp\/v2\/posts\/77252","targetHints":{"allow":["GET"]}}],"collection":[{"href":"https:\/\/redsemlac.com\/semmexico\/wp-json\/wp\/v2\/posts"}],"about":[{"href":"https:\/\/redsemlac.com\/semmexico\/wp-json\/wp\/v2\/types\/post"}],"author":[{"embeddable":true,"href":"https:\/\/redsemlac.com\/semmexico\/wp-json\/wp\/v2\/users\/3"}],"replies":[{"embeddable":true,"href":"https:\/\/redsemlac.com\/semmexico\/wp-json\/wp\/v2\/comments?post=77252"}],"version-history":[{"count":0,"href":"https:\/\/redsemlac.com\/semmexico\/wp-json\/wp\/v2\/posts\/77252\/revisions"}],"wp:featuredmedia":[{"embeddable":true,"href":"https:\/\/redsemlac.com\/semmexico\/wp-json\/wp\/v2\/media\/77253"}],"wp:attachment":[{"href":"https:\/\/redsemlac.com\/semmexico\/wp-json\/wp\/v2\/media?parent=77252"}],"wp:term":[{"taxonomy":"category","embeddable":true,"href":"https:\/\/redsemlac.com\/semmexico\/wp-json\/wp\/v2\/categories?post=77252"},{"taxonomy":"post_tag","embeddable":true,"href":"https:\/\/redsemlac.com\/semmexico\/wp-json\/wp\/v2\/tags?post=77252"}],"curies":[{"name":"wp","href":"https:\/\/api.w.org\/{rel}","templated":true}]}}