{"id":77231,"date":"2024-02-13T12:28:05","date_gmt":"2024-02-13T18:28:05","guid":{"rendered":"https:\/\/redsemlac.com\/semmexico\/?p=77231"},"modified":"2024-02-13T12:28:05","modified_gmt":"2024-02-13T18:28:05","slug":"reconoce-prd-el-valor-de-la-vision-feminista-en-la-constitucion","status":"publish","type":"post","link":"https:\/\/redsemlac.com\/semmexico\/reconoce-prd-el-valor-de-la-vision-feminista-en-la-constitucion\/","title":{"rendered":"Reconoce PRD el valor de la visi\u00f3n feminista en la Constituci\u00f3n"},"content":{"rendered":"\n<ul class=\"wp-block-list\">\n<li><strong>Las Constituyentes recuerdan el sello que las mujeres pusieron a la Constituci\u00f3n de la Ciudad de M\u00e9xico.<\/strong><\/li>\n<\/ul>\n\n\n\n<ul class=\"wp-block-list\">\n<li><strong>Encuentro en la antigua sede del Senado de la Rep\u00fablica, se comprometen a defender la agenda feminista.\u00a0<\/strong><\/li>\n<\/ul>\n\n\n\n<p class=\"wp-block-paragraph\"><strong>Redacci\u00f3n<\/strong><\/p>\n\n\n\n<p class=\"wp-block-paragraph\">SemM\u00e9xico, Ciudad de M\u00e9xico, 13 de febrero, 2024.- En el marco del 107 aniversario de la Constituci\u00f3n \u201cNunca m\u00e1s una Constituci\u00f3n sin Nosotras\u201d, la secretaria general de la Direcci\u00f3n Nacional Ejecutiva del PRD, Adriana D\u00edaz Contreras, particip\u00f3 esta tarde en el foro denominado \u201cLas Constituyentes MX Feministas: 8 a\u00f1os de incidencia y participaci\u00f3n pol\u00edtica\u201d.<\/p>\n\n\n\n<p class=\"wp-block-paragraph\">Organizado en la antigua sede del Senado de la Rep\u00fablica, las integrantes de este colectivo remembraron los esfuerzos y el di\u00e1logo incluyente que realizaron durante la discusi\u00f3n ya aprobaci\u00f3n en la Ciudad de M\u00e9xico de la primera Constituci\u00f3n con enfoque de derechos, considerada como la m\u00e1s avanzada de Am\u00e9rica Latina.<\/p>\n\n\n\n<p class=\"wp-block-paragraph\">De acuerdo con la dirigente, las mujeres tienen un proyecto de naci\u00f3n que busca su reconocimiento en la constituci\u00f3n federal y en las dem\u00e1s entidades federativas, por lo que celebr\u00f3 los esfuerzos de las mujeres organizadas que siguen realiz\u00e1ndose para promover y garantizar los derechos humanos de las ni\u00f1as, adolescentes, j\u00f3venes y mujeres adultas.<\/p>\n\n\n\n<p class=\"wp-block-paragraph\">\u201cDesde el PRD existe un compromiso solidario de fortalecer la lucha de todas las mujeres en su diversidad. Nuestro partido se declar\u00f3 como Partido feminista en 2021 y desde entonces ha buscado incorporar una perspectiva de g\u00e9nero en todas sus pr\u00e1cticas y propuestas\u201d, se\u00f1al\u00f3.<\/p>\n\n\n\n<p class=\"wp-block-paragraph\">Finalmente, afirm\u00f3 que las mujeres candidatas del PRD promover\u00e1n la agenda feminista en las pr\u00f3ximas campa\u00f1as a fin de ampliar los derechos humanos, respetar la autonom\u00eda de los poderes y fortalecer la democracia; y que seguir\u00e1n luchando para evitar que las mujeres sigan siendo asesinadas, violentadas y desaparecidas en M\u00e9xico.<\/p>\n","protected":false},"excerpt":{"rendered":"<p>Encuentro en la antigua sede del Senado de la Rep\u00fablica, se comprometen a defender la agenda feminista.\u00a0<\/p>\n","protected":false},"author":3,"featured_media":77232,"comment_status":"open","ping_status":"open","sticky":false,"template":"","format":"standard","meta":{"_monsterinsights_skip_tracking":false,"footnotes":""},"categories":[748],"tags":[149],"class_list":["post-77231","post","type-post","status-publish","format-standard","has-post-thumbnail","category-cultura-feminista","tag-mujeres"],"_links":{"self":[{"href":"https:\/\/redsemlac.com\/semmexico\/wp-json\/wp\/v2\/posts\/77231","targetHints":{"allow":["GET"]}}],"collection":[{"href":"https:\/\/redsemlac.com\/semmexico\/wp-json\/wp\/v2\/posts"}],"about":[{"href":"https:\/\/redsemlac.com\/semmexico\/wp-json\/wp\/v2\/types\/post"}],"author":[{"embeddable":true,"href":"https:\/\/redsemlac.com\/semmexico\/wp-json\/wp\/v2\/users\/3"}],"replies":[{"embeddable":true,"href":"https:\/\/redsemlac.com\/semmexico\/wp-json\/wp\/v2\/comments?post=77231"}],"version-history":[{"count":0,"href":"https:\/\/redsemlac.com\/semmexico\/wp-json\/wp\/v2\/posts\/77231\/revisions"}],"wp:featuredmedia":[{"embeddable":true,"href":"https:\/\/redsemlac.com\/semmexico\/wp-json\/wp\/v2\/media\/77232"}],"wp:attachment":[{"href":"https:\/\/redsemlac.com\/semmexico\/wp-json\/wp\/v2\/media?parent=77231"}],"wp:term":[{"taxonomy":"category","embeddable":true,"href":"https:\/\/redsemlac.com\/semmexico\/wp-json\/wp\/v2\/categories?post=77231"},{"taxonomy":"post_tag","embeddable":true,"href":"https:\/\/redsemlac.com\/semmexico\/wp-json\/wp\/v2\/tags?post=77231"}],"curies":[{"name":"wp","href":"https:\/\/api.w.org\/{rel}","templated":true}]}}