{"id":77197,"date":"2024-02-12T13:45:05","date_gmt":"2024-02-12T19:45:05","guid":{"rendered":"https:\/\/redsemlac.com\/semmexico\/?p=77197"},"modified":"2024-02-12T13:45:05","modified_gmt":"2024-02-12T19:45:05","slug":"mujeres-emprendedoras-dan-su-apoyo-a-yoloczin-ante-guerra-sucia-acapulco","status":"publish","type":"post","link":"https:\/\/redsemlac.com\/semmexico\/mujeres-emprendedoras-dan-su-apoyo-a-yoloczin-ante-guerra-sucia-acapulco\/","title":{"rendered":"Mujeres emprendedoras dan su apoyo a Yoloczin ante guerra sucia Acapulco"},"content":{"rendered":"\n<p class=\"wp-block-paragraph\"><strong>Redacci\u00f3n<\/strong><\/p>\n\n\n\n<p class=\"wp-block-paragraph\">SemM\u00e9xico\/Ceprovysa, Chilpancingo, Guerrero, 12 de febrero, 2024.- Mujeres empresarias y emprendedoras de esta ciudad, expresaron su apoyo a la diputada con licencia Yoloczin Dom\u00ednguez Serna, ante la serie de ataques que ha venido recibiendo a trav\u00e9s de p\u00e1ginas fantasmas en las redes sociales.<\/p>\n\n\n\n<p class=\"wp-block-paragraph\">Al participar en un desayuno con un grupo de mujeres dedicadas al emprendimiento y a conducir empresas locales, la ex presidenta de la Junta de Coordinaci\u00f3n Pol\u00edtica del Congreso de Guerrero agradeci\u00f3 las expresiones de apoyo y dijo que la unidad de las mujeres siempre fortalece al g\u00e9nero.<\/p>\n\n\n\n<p class=\"wp-block-paragraph\">Como mujeres, deben apoyarse unas a otras, se\u00f1al\u00f3. Una de las participantes expres\u00f3 que la campa\u00f1a de odio contra la diputada es una muestra de que quienes la atacan, la ven fortalecida y empoderada, y por eso intentan impedirle seguir avanzando.<\/p>\n\n\n\n<p class=\"wp-block-paragraph\">Este s\u00e1bado, aparte del encuentro con mujeres por la ma\u00f1ana, Dom\u00ednguez Serna tambi\u00e9n se reuni\u00f3 con habitantes del poblado Huamuchitos, con quienes intercambi\u00f3 puntos de vista sobre los diversos problemas que hay en el \u00e1rea.<\/p>\n\n\n\n<p class=\"wp-block-paragraph\">Posteriormente, sostuvo otro encuentro con personas que viven en la Laguna del Quemado, en las inmediaciones de la laguna de Tres Palos. Dom\u00ednguez Serna concluy\u00f3 sus actividades de este s\u00e1bado con una reuni\u00f3n en Real del Palmar, a la que asistieron vecinos y profesores asentados en el \u00e1rea.<\/p>\n","protected":false},"excerpt":{"rendered":"<p>La ex presidenta de la Junta de Coordinaci\u00f3n Pol\u00edtica del Congreso de Guerrero agradeci\u00f3 las expresiones de apoyo y dijo que la unidad de las mujeres siempre fortalece al g\u00e9nero.<\/p>\n","protected":false},"author":3,"featured_media":77198,"comment_status":"open","ping_status":"open","sticky":false,"template":"","format":"standard","meta":{"_monsterinsights_skip_tracking":false,"footnotes":""},"categories":[700],"tags":[149],"class_list":["post-77197","post","type-post","status-publish","format-standard","has-post-thumbnail","category-estados","tag-mujeres"],"_links":{"self":[{"href":"https:\/\/redsemlac.com\/semmexico\/wp-json\/wp\/v2\/posts\/77197","targetHints":{"allow":["GET"]}}],"collection":[{"href":"https:\/\/redsemlac.com\/semmexico\/wp-json\/wp\/v2\/posts"}],"about":[{"href":"https:\/\/redsemlac.com\/semmexico\/wp-json\/wp\/v2\/types\/post"}],"author":[{"embeddable":true,"href":"https:\/\/redsemlac.com\/semmexico\/wp-json\/wp\/v2\/users\/3"}],"replies":[{"embeddable":true,"href":"https:\/\/redsemlac.com\/semmexico\/wp-json\/wp\/v2\/comments?post=77197"}],"version-history":[{"count":0,"href":"https:\/\/redsemlac.com\/semmexico\/wp-json\/wp\/v2\/posts\/77197\/revisions"}],"wp:featuredmedia":[{"embeddable":true,"href":"https:\/\/redsemlac.com\/semmexico\/wp-json\/wp\/v2\/media\/77198"}],"wp:attachment":[{"href":"https:\/\/redsemlac.com\/semmexico\/wp-json\/wp\/v2\/media?parent=77197"}],"wp:term":[{"taxonomy":"category","embeddable":true,"href":"https:\/\/redsemlac.com\/semmexico\/wp-json\/wp\/v2\/categories?post=77197"},{"taxonomy":"post_tag","embeddable":true,"href":"https:\/\/redsemlac.com\/semmexico\/wp-json\/wp\/v2\/tags?post=77197"}],"curies":[{"name":"wp","href":"https:\/\/api.w.org\/{rel}","templated":true}]}}