{"id":7714,"date":"2018-10-04T19:07:33","date_gmt":"2018-10-04T19:07:33","guid":{"rendered":"https:\/\/redsemlac.com\/semmexico\/?p=7714"},"modified":"2023-07-21T14:33:50","modified_gmt":"2023-07-21T19:33:50","slug":"ambigu-11","status":"publish","type":"post","link":"https:\/\/redsemlac.com\/semmexico\/ambigu-11\/","title":{"rendered":"Ambig\u00fa"},"content":{"rendered":"\n<p class=\"wp-block-paragraph\">Ma\u00f1ana, la reuni\u00f3n cumbre AMLO-SAC<\/p>\n\n\n\n<h5 class=\"wp-block-heading\"> Dobla \u00b4ya saben qui\u00e9n\u00b4 a sus propios alcaldes: coordinaci\u00f3n con Mando \u00danico<\/h5>\n\n\n\n<p class=\"wp-block-paragraph\"><a href=\"https:\/\/semmexico.com\/gallery-post.php?id=6030#\">Martha Elba Torres<\/a><\/p>\n\n\n\n<p class=\"wp-block-paragraph\">SemM\u00e9xico, 4 octubre 2018.- De veras que intensa y densa, esta semana.<\/p>\n\n\n\n<p class=\"wp-block-paragraph\">Abri\u00f3 el lunes primero, con ese ejercicio in\u00e9dito del gobernador de pararse cerca de cuatro horas para responder a ciudadanas y ciudadanos lo que quisieron preguntarle de acuerdo a sus respectivos temas de inter\u00e9s<\/p>\n\n\n\n<p class=\"wp-block-paragraph\">Muchas revelaciones en la transmisi\u00f3n en vivo de casi cuatro horas. Retomo dos, la tensa relaci\u00f3n con algunos medios, pero en espec\u00edfico con una televisora por cable, a causa del impago por falta de dinero; la otra s\u00ed deton\u00f3 medi\u00e1ticamente en los siguientes d\u00edas: el director de Seguridad P\u00fablica en Zamora y que puso el alcalde Mart\u00ednez Samaguey, hab\u00eda sido templario.<\/p>\n\n\n\n<p class=\"wp-block-paragraph\">Si no lo sab\u00eda el edil de Morena que toda su vida hab\u00eda sido priista, malo, porque lo primero que debi\u00f3 hacer era mandarlo a que se realizara los ex\u00e1menes de control de confianza y revisar sus antecedentes. Si lo sab\u00eda, peor, porque entonces al que hay que mandar a pruebas, es al alcalde para garantizar que en la lucha anticrimen no juegue en contra.<\/p>\n\n\n\n<p class=\"wp-block-paragraph\">\u201cYo meto las manos al fuego por el alcalde de Zamora\u201d, declar\u00f3 al d\u00eda siguiente el dirigente estatal de Morena, Roberto Pantoja Arzola.<\/p>\n\n\n\n<p class=\"wp-block-paragraph\">Perdonen la expresi\u00f3n, pero \u00a1que pinche chamusc\u00f3n se dio! por hablar a la ligera, que ha sido su gran debilidad ahora en las ligas mayores de la pol\u00edtica en Michoac\u00e1n.<\/p>\n\n\n\n<p class=\"wp-block-paragraph\">Intent\u00f3 matizar, pero ya estaba grabado. \u201cNombrar a los directores de Seguridad P\u00fablica de los municipios, es \u00fanicamente (atribuci\u00f3n) de los alcaldes (\u2026) Pero si hay indicios y esos se\u00f1alamientos son ciertos, que se investigue\u201d.<\/p>\n\n\n\n<p class=\"wp-block-paragraph\">A ver. Seamos serios y serias. Tres respiraciones profundas y a reflexionar.<\/p>\n\n\n\n<p class=\"wp-block-paragraph\">\u00bfRealmente creen que Aureoles soltar\u00eda una de ese tama\u00f1o, en vivo y directo por el sistema estatal de radio y televisi\u00f3n y por Facebook, sin una fundamentaci\u00f3n contundente?<\/p>\n\n\n\n<p class=\"wp-block-paragraph\">\u00bfUstedes realmente creen, que la intervenci\u00f3n en Zamora, que personalmente encabez\u00f3 el gobernador para hacerse cargo de la seguridad, fue por sus puros tanates y sin el conocimiento de Alfonso Durazo, de Olga S\u00e1nchez y del mism\u00edsimo \u00b4ya saben qui\u00e9n\u00b4?<\/p>\n\n\n\n<p class=\"wp-block-paragraph\">Pues por meter las manos al fuego, a Pantoja le quedaron solo los mu\u00f1oncitos, y los diputados locales del PT, que salieron con su bolet\u00edn, que la verdad sea dicha, solo exhibi\u00f3 su pobreza discursiva y entendimiento de las cosas.<\/p>\n\n\n\n<p class=\"wp-block-paragraph\">\u201cLa Fracci\u00f3n Parlamentaria del Partido del Trabajo (PT) en el Congreso de Michoac\u00e1n refrend\u00f3 su total apoyo al Presidente Municipal de Zamora Mart\u00edn Samaguey C\u00e1rdenas, quien en las \u00faltimas horas ha sido objeto de se\u00f1alamientos a modo de presi\u00f3n por parte del Ejecutivo Estatal\u201d, seg\u00fan dijo la coordinadora de la bancada Brenda Fraga, que es diputada por reelecci\u00f3n.<\/p>\n\n\n\n<p class=\"wp-block-paragraph\">\u201cLos legisladores hicieron el llamado al Gobierno del Estado a cesar los ataques y a respetar la autonom\u00eda municipal, en donde queda claro que el facultado para realizar los nombramientos en los ayuntamientos es el Presidente Municipal en turno.<\/p>\n\n\n\n<p class=\"wp-block-paragraph\">\u201cNo tenemos duda que estas acusaciones obedecen a la presi\u00f3n de Silvano Aureoles para que los municipios firmen el Convenio de Coordinaci\u00f3n en Materia de Seguridad, que no es m\u00e1s que la figura que reemplaza al Mando Unificado, pero antes de atacar deber\u00eda convencer a los presidentes que esa es la soluci\u00f3n a los problemas de seguridad que tanto aquejan a las y los michoacanos\u201d.<\/p>\n\n\n\n<p class=\"wp-block-paragraph\">\u201cSi es verdad que el Director de Seguridad P\u00fablica tiene antecedentes penales, por qu\u00e9 no procede de manera legal en lugar de hacerlo con amenazas; en todo caso la omisi\u00f3n ser\u00eda por parte del ejecutivo que, aun teniendo informaci\u00f3n de actos delictivos o v\u00ednculos criminales, no ha procedido conforme a la ley, puntualiz\u00f3 Fraga Guti\u00e9rrez\u201d. Se respetan las faltas de ortograf\u00eda.<\/p>\n\n\n\n<p class=\"wp-block-paragraph\">El caso que la contundencia de los hechos rebas\u00f3 a la bancada petista y desde la misma noche de ese 2 de octubre, Samaguey ya estaba en las reuniones del Grupo de Coordinaci\u00f3n para la Seguridad, disculp\u00e1ndose:<\/p>\n\n\n\n<p class=\"wp-block-paragraph\">\u201cSi hemos cometido errores no ha sido de mala fe, nuestra inexperiencia al frente de este municipio tan importante, y las ganas de trascender y aportar algo a nuestro pueblo, nos ha hecho cometer algunos errores\u00bb.<\/p>\n\n\n\n<p class=\"wp-block-paragraph\">\u00bfPor qu\u00e9 le baj\u00f3 de tanates \u2013palabra de mi pap\u00e1 para referirse a los test\u00edculos, aclaro- Mart\u00edn Samaguey? Porque le demostraron su errorzote y porque su jefe mayor, AMLO, que viene ma\u00f1ana, esta con la coordinaci\u00f3n en seguridad bajo mando \u00fanico.<\/p>\n\n\n\n<p class=\"wp-block-paragraph\">Qui\u00e9n sabe por qu\u00e9 el alcalde de Zamora puso \u2013o se lo pusieron- a este sujeto como director de Seguridad P\u00fablica. Ni \u00e9l ni Pantoja Azola que es el l\u00edder pol\u00edtico de Morena, dieron explicaci\u00f3n alguna.<\/p>\n\n\n\n<p class=\"wp-block-paragraph\">Para el mi\u00e9rcoles 3, las fuerzas federales y estatales comenzaron a extender las acciones a otros once municipios de la Regi\u00f3n de la Ci\u00e9nega de Chapala: Chavinda, Cojumatl\u00e1n, Marcos Castellanos, Pajacuar\u00e1n, Sahuayo, Venustiano Carranza, Villamar, Ting\u00fcind\u00edn, Tocumbo, Cotija y Jiquilpan, con o sin convenio de coordinaci\u00f3n firmado.<\/p>\n\n\n\n<p class=\"wp-block-paragraph\">Al final de cuentas, todo esto tiene qu\u00e9 ver con la visita a Morelia de L\u00f3pez Obrador como pr\u00f3ximo Presidente y su recorrido por los estados. Ya entendi\u00f3 que no es lo mismo placearse con su bolsa de promesas, que escuchar a los gobernadores en sus respectivos terrenos, y en el proceso, medir la aprobaci\u00f3n o rechazo a las y los perfectos desconocidos que encumbr\u00f3 como autoridades.<\/p>\n\n\n\n<p class=\"wp-block-paragraph\">\u00bfQu\u00e9 podemos esperar de este encuentro AMLO-SAC? Veo el vaso medio lleno, porque no creo en un pleito real entre ambos, como algunos especulan. En pol\u00edtica no hay diferencias que no puedan subsanar las coincidencias cuando el objetivo es el mismo. Tendr\u00e1n tres a\u00f1os caminando juntos y ambos buscan trascender con sus gobiernos. \u00bfTiene alg\u00fan sentido pelear? Los dos pierden.<\/p>\n\n\n\n<p class=\"wp-block-paragraph\">Aureoles Conejo ya hab\u00eda cedido a todos los pretextos de los \u201cmorenos\u201d.<\/p>\n\n\n\n<p class=\"wp-block-paragraph\">No solo dej\u00f3 a la nueva Legislatura local donde Morena trae su buen n\u00famero de diputados, la designaci\u00f3n del Fiscal General del estado, sino desapareci\u00f3 el Mando \u00danico Policial por el feo recordatorio con Alfredo Castillo.<\/p>\n\n\n\n<p class=\"wp-block-paragraph\">Entonces ya es un hecho que los alcaldes morenistas van a firmar el convenio de Coordinaci\u00f3n para la Seguridad, y quien quite que en una de esas, L\u00f3pez Obrador signe como testigo de honor.<\/p>\n\n\n\n<p class=\"wp-block-paragraph\">Me baso en que en Acapulco, apenas anteayer, anunci\u00f3 que a finales de este mes dar\u00e1 a conocer los lineamientos de la estrategia de seguridad, que pr\u00e1cticamente es la misma que desde 2015 est\u00e1 desarrollando Silvano: coordinaci\u00f3n con Mando \u00danico. Lo que son las cosas, ahora el Presidente electo le regresar\u00e1 el nombre.<\/p>\n\n\n\n<p class=\"wp-block-paragraph\">&nbsp;&nbsp;&nbsp;&nbsp;&nbsp;&nbsp;&nbsp;&nbsp;&nbsp;&nbsp;&nbsp;&nbsp;&nbsp;&nbsp;&nbsp;&nbsp;&nbsp;&nbsp;&nbsp;&nbsp;&nbsp;&nbsp;&nbsp;&nbsp;&nbsp;&nbsp;&nbsp;&nbsp;&nbsp;&nbsp;&nbsp;&nbsp;&nbsp;&nbsp;&nbsp;&nbsp;&nbsp;&nbsp;&nbsp;&nbsp;&nbsp;&nbsp;&nbsp;&nbsp;&nbsp;&nbsp;&nbsp;&nbsp;&nbsp;&nbsp;&nbsp;&nbsp;&nbsp;&nbsp;&nbsp;&nbsp;&nbsp;&nbsp;&nbsp;&nbsp;&nbsp;&nbsp;&nbsp;&nbsp;&nbsp;&nbsp;&nbsp;&nbsp;&nbsp;<strong>&nbsp; ***<\/strong><\/p>\n\n\n\n<p class=\"wp-block-paragraph\">Pero as\u00ed ven\u00eda sucediendo en el Congreso, con las y los 16 diputados del bloque Morena-PT que segu\u00edan sin aceptar la l\u00f3gica num\u00e9rica, hasta que el reparto de comisiones legislativas lo sacudi\u00f3 con la alianza del PRI con las y los Frentistas (PAN-PRD-PVEM).<\/p>\n\n\n\n<p class=\"wp-block-paragraph\">En la tribuna, con las tablas que tiene Cristina Portillo, acept\u00f3 finalmente que no cuentan con la mayor\u00eda absoluta, como sucede en la C\u00e1mara Baja, y que la ruta a seguir es encontrar los consensos con las otras fracciones por el bien de Michoac\u00e1n. Buen punto\u2026<\/p>\n\n\n\n<p class=\"wp-block-paragraph\">&nbsp;&nbsp;&nbsp;&nbsp;&nbsp;&nbsp;&nbsp;&nbsp;&nbsp;&nbsp;&nbsp;&nbsp;&nbsp;&nbsp;&nbsp;&nbsp;&nbsp;&nbsp;&nbsp;&nbsp;&nbsp;&nbsp;&nbsp;&nbsp;&nbsp;&nbsp;&nbsp;&nbsp;&nbsp;&nbsp;&nbsp;&nbsp;&nbsp;&nbsp;&nbsp;&nbsp;&nbsp;&nbsp;&nbsp;&nbsp;&nbsp;&nbsp;&nbsp;&nbsp;&nbsp;&nbsp;&nbsp;&nbsp;&nbsp;&nbsp;&nbsp;&nbsp;&nbsp;&nbsp;&nbsp;&nbsp;&nbsp;&nbsp;&nbsp;&nbsp;&nbsp;&nbsp;&nbsp;&nbsp;&nbsp;&nbsp;&nbsp;&nbsp;&nbsp;&nbsp;<strong>&nbsp;***<\/strong><\/p>\n\n\n\n<p class=\"wp-block-paragraph\"><strong>La Comidilla<\/strong><\/p>\n\n\n\n<p class=\"wp-block-paragraph\">Lo esperado con Foro Estatal de Consulta Participativa rumbo al Acuerdo Nacional sobre la Educaci\u00f3n, que encabez\u00f3 Esteban Moctezuma, futuro titular de la SEP: las \u00fanicas voces predominantes, la de la CNTE y del rector de la Universidad Michoacana\u2026<\/p>\n\n\n\n<p class=\"wp-block-paragraph\">El pat\u00e9tico argumento con que reapareci\u00f3 Roberto Madrazo, quien fue candidato presidencial del PRI en 2006 y que, seg\u00fan \u00e9l, de acuerdo a sus actas de escrutinio, el ganador fue L\u00f3pez Obrador.<\/p>\n\n\n\n<p class=\"wp-block-paragraph\">Hay que ver. Se tard\u00f3 12 a\u00f1os en acordarse de eso, pero no que los representantes de los partidos ante los \u00f3rganos electorales se quedan con copias, en tanto que los originales se introducen en los paquetes que son abiertos en las sesiones de c\u00f3mputo y obligadamente deben de coincidir los n\u00fameros, si no, se realiza el recuento de boleta por boleta.<\/p>\n\n\n\n<p class=\"wp-block-paragraph\">Entonces, \u00bfc\u00f3mo sale a estas alturas con que sus copias le daban m\u00e1s votos al entonces candidato del PRD? \u00a1Claro! Busca quedar bien con su paisano\u2026 (a)<br><\/p>\n","protected":false},"excerpt":{"rendered":"<p>Ma\u00f1ana, la reuni\u00f3n cumbre AMLO-SAC Dobla \u00b4ya saben qui\u00e9n\u00b4 a sus propios alcaldes: coordinaci\u00f3n con Mando \u00danico Martha Elba Torres SemM\u00e9xico, 4 octubre 2018.- De veras que intensa y densa, esta semana. Abri\u00f3 el lunes primero, con ese ejercicio in\u00e9dito del gobernador de pararse cerca de cuatro horas para responder a ciudadanas y ciudadanos lo [&hellip;]<\/p>\n","protected":false},"author":3,"featured_media":7562,"comment_status":"open","ping_status":"open","sticky":false,"template":"","format":"standard","meta":{"_monsterinsights_skip_tracking":false,"footnotes":""},"categories":[689,99,90,35],"tags":[],"class_list":["post-7714","post","type-post","status-publish","format-standard","has-post-thumbnail","category-689","category-ambigu","category-martha-elba-torres-martinez","category-opinion"],"_links":{"self":[{"href":"https:\/\/redsemlac.com\/semmexico\/wp-json\/wp\/v2\/posts\/7714","targetHints":{"allow":["GET"]}}],"collection":[{"href":"https:\/\/redsemlac.com\/semmexico\/wp-json\/wp\/v2\/posts"}],"about":[{"href":"https:\/\/redsemlac.com\/semmexico\/wp-json\/wp\/v2\/types\/post"}],"author":[{"embeddable":true,"href":"https:\/\/redsemlac.com\/semmexico\/wp-json\/wp\/v2\/users\/3"}],"replies":[{"embeddable":true,"href":"https:\/\/redsemlac.com\/semmexico\/wp-json\/wp\/v2\/comments?post=7714"}],"version-history":[{"count":0,"href":"https:\/\/redsemlac.com\/semmexico\/wp-json\/wp\/v2\/posts\/7714\/revisions"}],"wp:featuredmedia":[{"embeddable":true,"href":"https:\/\/redsemlac.com\/semmexico\/wp-json\/wp\/v2\/media\/7562"}],"wp:attachment":[{"href":"https:\/\/redsemlac.com\/semmexico\/wp-json\/wp\/v2\/media?parent=7714"}],"wp:term":[{"taxonomy":"category","embeddable":true,"href":"https:\/\/redsemlac.com\/semmexico\/wp-json\/wp\/v2\/categories?post=7714"},{"taxonomy":"post_tag","embeddable":true,"href":"https:\/\/redsemlac.com\/semmexico\/wp-json\/wp\/v2\/tags?post=7714"}],"curies":[{"name":"wp","href":"https:\/\/api.w.org\/{rel}","templated":true}]}}