{"id":76970,"date":"2024-02-06T08:25:00","date_gmt":"2024-02-06T14:25:00","guid":{"rendered":"https:\/\/redsemlac.com\/semmexico\/?p=76970"},"modified":"2024-02-05T19:14:26","modified_gmt":"2024-02-06T01:14:26","slug":"realizan-primer-encuentro-de-mujeres-liderando-el-cambio","status":"publish","type":"post","link":"https:\/\/redsemlac.com\/semmexico\/realizan-primer-encuentro-de-mujeres-liderando-el-cambio\/","title":{"rendered":"Realizan Primer Encuentro de Mujeres \u00abLiderando el Cambio\u00bb"},"content":{"rendered":"\n<p class=\"wp-block-paragraph\"><strong>Redacci\u00f3n<\/strong><\/p>\n\n\n\n<p class=\"wp-block-paragraph\">SemM\u00e9xico\/RTVVeraruz, Boca del R\u00edo, Veracruz, 6 de febrero, 2024.- &nbsp;Este s\u00e1bado se llev\u00f3 a cabo el Primer Encuentro de Mujeres \u2018Liderando el Cambio\u2019, el cual busca crear un espacio inclusivo y reflexivo en torno a las experiencias de las veracruzanas dentro de la transformaci\u00f3n pol\u00edtica.<\/p>\n\n\n\n<p class=\"wp-block-paragraph\">Durante el evento, convocado por la doctora &nbsp;Graciela Nani Gonz\u00e1lez, Premio a la Mujer en Veracruz 2023 e investigadora del Instituto Tecnol\u00f3gico de Misantla, se reflexion\u00f3 sobre el largo camino que las mujeres han tenido para incursionar en los distintos \u00e1mbitos sociales, entre ellos la pol\u00edtica.<\/p>\n\n\n\n<p class=\"wp-block-paragraph\">En este sentido, Graciela Nani Gonz\u00e1lez, destac\u00f3 el hecho de que Veracruz tiene por primera vez a una mujer como una candidata a la gubernatura.<\/p>\n\n\n\n<p class=\"wp-block-paragraph\">\u201cEs evidente que se han abierto m\u00e1s espacios para nosotras en muchas \u00e1reas, que la lucha que han dado muchas mujeres antes que nosotras ya est\u00e1 reflejada en diversos \u00e1mbitos como el laboral familiar y educativo, sin embargo a\u00fan tenemos mucho camino por recorrer y que mejor que hacerlo con una mujer al frente\u201d, dijo al referirse a la candidata a la gubernatura de Veracruz, Roc\u00edo Nahle Garc\u00eda.<\/p>\n\n\n\n<p class=\"wp-block-paragraph\">Recalc\u00f3 que, actualmente, en toda la entidad estos espacios p\u00fablicos ahora se otorgan con equidad y paridad, esto gracias a la implementaci\u00f3n de leyes para la protecci\u00f3n de los derechos de las mujeres.<\/p>\n\n\n\n<p class=\"wp-block-paragraph\">\u201cAntes esos espacios estaban representados s\u00f3lo por hombres. Mujeres quiero pedirles que sigamos esta lucha por el empoderamiento. Unidas para que los espacios que a\u00fan se encuentran cerrados para las mujeres se puedan abrir, por ejemplo: en Veracruz nunca hemos tenido una gobernadora, este es un momento hist\u00f3rico para todas nosotras, para poder acompa\u00f1ar a Roc\u00edo en la transformaci\u00f3n de Veracruz\u201d, manifest\u00f3.<\/p>\n\n\n\n<p class=\"wp-block-paragraph\">\u201cUn momento hist\u00f3rico que nos permitir\u00e1 avanzar por la erradicaci\u00f3n de la discriminaci\u00f3n y los estereotipos que a\u00fan persisten en la sociedad\u201d, agreg\u00f3<\/p>\n\n\n\n<p class=\"wp-block-paragraph\">Por su parte, el maestro &nbsp;Sergio Rodr\u00edguez Cort\u00e9s destac\u00f3 en sus palabras de bienvenida la importancia de la mujeres dentro de la pol\u00edtica y c\u00f3mo se han ido abriendo paso en ella.<\/p>\n\n\n\n<p class=\"wp-block-paragraph\">\u201cEn M\u00e9xico los movimientos sociales m\u00e1s grandes y fuertes que se han dado de manera natural en este pa\u00eds han sido de mujeres; son las mujeres las que han tomado las calles, las que han levantado la voz\u201d<\/p>\n\n\n\n<p class=\"wp-block-paragraph\">\u201cDesde hace algunos a\u00f1os ya, en este pa\u00eds, esa lucha que han emprendido muchas mujeres ha logrado que el tema de g\u00e9nero sea hoy en la participaci\u00f3n pol\u00edtica una realidad\u201d, destac\u00f3.<\/p>\n\n\n\n<p class=\"wp-block-paragraph\">Rodr\u00edguez Cort\u00e9s reconoci\u00f3 que a nivel estatal se est\u00e1n viviendo tiempos in\u00e9ditos en el que espacios de representaci\u00f3n en municipios, en el Congreso, incluso en el Poder Judicial son ocupados por mujeres.<\/p>\n\n\n\n<p class=\"wp-block-paragraph\">\u201cYa hay muchas mujeres valiosas con representaci\u00f3n, con poder, que se lo han ganado a pulso, hoy es una muestra\u201d, recalc\u00f3.<\/p>\n\n\n\n<p class=\"wp-block-paragraph\">Rodr\u00edguez Cort\u00e9s hizo un llamado a que las mujeres hagan lo que saben hacer, porque tienen todo para hacer lo que quieran lograr y a los varones de apoyarlas.<\/p>\n","protected":false},"excerpt":{"rendered":"<p>Este s\u00e1bado se llev\u00f3 a cabo el Primer Encuentro de Mujeres \u2018Liderando el Cambio\u2019, el cual busca crear un espacio inclusivo y reflexivo en torno a las experiencias de las veracruzanas dentro de la transformaci\u00f3n pol\u00edtica.<\/p>\n","protected":false},"author":3,"featured_media":76971,"comment_status":"open","ping_status":"open","sticky":false,"template":"","format":"standard","meta":{"_monsterinsights_skip_tracking":false,"footnotes":""},"categories":[700],"tags":[],"class_list":["post-76970","post","type-post","status-publish","format-standard","has-post-thumbnail","category-estados"],"_links":{"self":[{"href":"https:\/\/redsemlac.com\/semmexico\/wp-json\/wp\/v2\/posts\/76970","targetHints":{"allow":["GET"]}}],"collection":[{"href":"https:\/\/redsemlac.com\/semmexico\/wp-json\/wp\/v2\/posts"}],"about":[{"href":"https:\/\/redsemlac.com\/semmexico\/wp-json\/wp\/v2\/types\/post"}],"author":[{"embeddable":true,"href":"https:\/\/redsemlac.com\/semmexico\/wp-json\/wp\/v2\/users\/3"}],"replies":[{"embeddable":true,"href":"https:\/\/redsemlac.com\/semmexico\/wp-json\/wp\/v2\/comments?post=76970"}],"version-history":[{"count":0,"href":"https:\/\/redsemlac.com\/semmexico\/wp-json\/wp\/v2\/posts\/76970\/revisions"}],"wp:featuredmedia":[{"embeddable":true,"href":"https:\/\/redsemlac.com\/semmexico\/wp-json\/wp\/v2\/media\/76971"}],"wp:attachment":[{"href":"https:\/\/redsemlac.com\/semmexico\/wp-json\/wp\/v2\/media?parent=76970"}],"wp:term":[{"taxonomy":"category","embeddable":true,"href":"https:\/\/redsemlac.com\/semmexico\/wp-json\/wp\/v2\/categories?post=76970"},{"taxonomy":"post_tag","embeddable":true,"href":"https:\/\/redsemlac.com\/semmexico\/wp-json\/wp\/v2\/tags?post=76970"}],"curies":[{"name":"wp","href":"https:\/\/api.w.org\/{rel}","templated":true}]}}