{"id":76965,"date":"2024-02-06T08:00:00","date_gmt":"2024-02-06T14:00:00","guid":{"rendered":"https:\/\/redsemlac.com\/semmexico\/?p=76965"},"modified":"2024-02-05T19:10:49","modified_gmt":"2024-02-06T01:10:49","slug":"cuba-cuidar-y-recibir-cuidado-el-camino-hacia-una-politica-integral","status":"publish","type":"post","link":"https:\/\/redsemlac.com\/semmexico\/cuba-cuidar-y-recibir-cuidado-el-camino-hacia-una-politica-integral\/","title":{"rendered":"Cuba: Cuidar y recibir cuidado, el camino hacia una pol\u00edtica integral"},"content":{"rendered":"\n<p class=\"wp-block-paragraph\"><strong>Dixie Edith<\/strong><strong><\/strong><\/p>\n\n\n\n<p class=\"wp-block-paragraph\">SemM\u00e9xico\/Semlac, La Habana, Cuba, 6 de febrero.- El reconocimiento p\u00fablico de los cuidados como necesidad y derecho, pero tambi\u00e9n como trabajo, se cuenta entre las ganancias del nuevo sistema de cuidado integral para la vida, cuya aprobaci\u00f3n fue anunciada en Cuba&nbsp;en diciembre de 2023.<\/p>\n\n\n\n<p class=\"wp-block-paragraph\">Para la soci\u00f3loga Magela Romero Almod\u00f3var, se trata \u00aben primer lugar de la consolidaci\u00f3n de un proceso de trabajo que busca la colocaci\u00f3n del cuidado de la vida en el centro de los modelos de desarrollo\u00bb.<\/p>\n\n\n\n<p class=\"wp-block-paragraph\"><br>La tambi\u00e9n coordinadora de la Red Cubana de Estudios sobre Cuidados asegura a SEMlac que este sistema se ha gestado desde el movimiento feminista y los espacios que apuestan por la justicia y la equidad social.<\/p>\n\n\n\n<p class=\"wp-block-paragraph\">La informaci\u00f3n de la aprobaci\u00f3n del sistema, que a\u00fan no est\u00e1 publicado, fue dada a conocer a trav\u00e9s de la red X, el 13 de diciembre de 2023, por la ministra de Trabajo y Seguridad Social, Marta Elena Feit\u00f3 Cabrera.<\/p>\n\n\n\n<p class=\"wp-block-paragraph\"><br>Los cuidados emergieron como un gran desaf\u00edo para la sociedad cubana en medio de su acelerado envejecimiento demogr\u00e1fico.<\/p>\n\n\n\n<p class=\"wp-block-paragraph\"><br>A fines de 2023, alrededor de 22,7 por ciento de las personas ten\u00eda 60 a\u00f1os y m\u00e1s en la naci\u00f3n caribe\u00f1a, seg\u00fan trascendi\u00f3 en el taller \u00ab<a href=\"https:\/\/www.redsemlac-cuba.net\/redsemlac\/sociedad-y-cultura\/politica-de-poblacion-entre-desafios-y-urgencias\/\" target=\"_blank\" rel=\"noreferrer noopener\">Din\u00e1micas demogr\u00e1ficas y sus interrelaciones<\/a>\u00ab, organizado por el Centro de Estudios Demogr\u00e1ficos (Cedem) y el Fondo de Poblaci\u00f3n de Naciones Unidas (Unfpa).<\/p>\n\n\n\n<p class=\"wp-block-paragraph\"><br>Datos de la Encuesta Nacional de Envejecimiento, realizada en 2017 por la Oficina Nacional de Estad\u00edsticas e Informaci\u00f3n, indican que cerca del 24 por ciento de quienes superaban los 60 a\u00f1os viv\u00edan en una familia nuclear ?pareja sin hijos?, mientras que en 17 por ciento de los hogares resid\u00edan personas mayores solas.<br>\u00abEl sistema se aprueba en medio de una realidad compleja del pa\u00eds, donde urge entender el cuidado como actividad que sostiene la vida e incluye aspectos econ\u00f3micos, pol\u00edticos, sociales y culturales, entre otros\u00bb, reflexiona&nbsp;<a href=\"https:\/\/www.redsemlac-cuba.net\/redsemlac\/sociedad-y-cultura\/cuba-red-academica-llama-a-visibilizar-los-cuidados-como-un-derecho\/\" target=\"_blank\" rel=\"noreferrer noopener\">la tambi\u00e9n soci\u00f3loga Lucrines Azcuy Aguilera<\/a>, profesora del Centro de Estudios Comunitarios de la Universidad Central de Las Villas, a unos 300 kil\u00f3metros de La Habana.<\/p>\n\n\n\n<p class=\"wp-block-paragraph\"><br><a href=\"https:\/\/www.redsemlac-cuba.net\/redsemlac\/sociedad-y-cultura\/oportunidades-y-desafios-para-un-sistema-integral-de-cuidados\/\" target=\"_blank\" rel=\"noreferrer noopener\">Especialistas de diversos perfiles han alertado<\/a>&nbsp;sobre la necesidad de reconocer y valorizar como trabajo no solo el que produce bienes y servicios, sino tambi\u00e9n las tareas dom\u00e9sticas no renumeradas, desempe\u00f1adas mayoritariamente por las mujeres en un pa\u00eds de profunda tradici\u00f3n patriarcal.<br>En opini\u00f3n de la soci\u00f3loga Dayma Echevarr\u00eda, del Centro de Estudios de la Econom\u00eda Cubana, considerar todo el cuidado como trabajo puede \u00abcontribuir a garantizar que quienes cuidan y tienen que abandonar su vida laboral remunerada para realizar esta actividad reciban un salario por su ejercicio, acumulen a\u00f1os para la jubilaci\u00f3n y sean valoradas socialmente\u00bb,&nbsp;<a href=\"https:\/\/www.redsemlac-cuba.net\/redsemlac\/economia\/nuevas-formas-para-cuidar\/\" target=\"_blank\" rel=\"noreferrer noopener\">coment\u00f3 a SEMlac a inicios de 2023<\/a>.<\/p>\n\n\n\n<p class=\"wp-block-paragraph\"><br>El estudio \u00ab<a href=\"https:\/\/library.fes.de\/pdf-files\/bueros\/fescaribe\/15758.pdf\" target=\"_blank\" rel=\"noreferrer noopener\">G\u00e9nero, cuidado de la vida y pol\u00edtica social en Cuba: estrategias, actores y recomendaciones para una mayor corresponsabilidad<\/a>\u00ab, publicado en 2019 por la Fundaci\u00f3n Friedrich Ebert (Fes) en alianza con la Universidad de La Habana, identificaba tambi\u00e9n la necesidad de superar visiones fragmentadas y enfocar la pol\u00edtica de cuidados articuladamente, m\u00e1s all\u00e1 de visiones salubristas y asistencialistas.<br>\u00abLa aprobaci\u00f3n del sistema constituye un salto cualitativo en la organizaci\u00f3n social de los cuidados en Cuba, pues va dirigido a fortalecer la corresponsabilidad entre los diversos actores que deben intervenir en este proceso y adem\u00e1s permite articular varios programas y pol\u00edticas\u00bb, asevera Azcuy Aguilera a SEMlac.<\/p>\n\n\n\n<p class=\"wp-block-paragraph\"><br>Romero Almod\u00f3var y Azcuy Aguilera coinciden en que es muy importante que la pol\u00edtica reci\u00e9n aprobada reconozca \u00abal Estado como garante\u00bb del derecho de todas las personas a cuidar y a ser cuidadas.<\/p>\n\n\n\n<p class=\"wp-block-paragraph\"><br>Un modelo corresponsable de cuidados requerir\u00e1, igualmente, de la implicaci\u00f3n de distintos actores de la sociedad, apuntan las expertas.<br><br><strong>Abriendo caminos<\/strong><\/p>\n\n\n\n<p class=\"wp-block-paragraph\">El proceso de construcci\u00f3n, renovaci\u00f3n, redise\u00f1o y consolidaci\u00f3n del sistema nacional para el cuidado integral de la vida no ocurri\u00f3 de un d\u00eda para otro, advierte Romero Almod\u00f3var.<\/p>\n\n\n\n<p class=\"wp-block-paragraph\"><br>\u00abSe viene gestando desde 2019 de manera consciente, pero tiene antecedentes importantes en todos los marcos normativos, programas, planes nacionales; en el trabajo que han realizado muchas instituciones en el pa\u00eds para liberar a las mujeres de la sobrecarga del trabajo dom\u00e9stico y favorecer la conciliaci\u00f3n como concepto\u00bb, detalla la soci\u00f3loga.<\/p>\n\n\n\n<p class=\"wp-block-paragraph\"><br>Sin embargo, a su juicio se ha avanzado desde una primera visi\u00f3n m\u00e1s enfocada en la conciliaci\u00f3n y en atender los desaf\u00edos derivados de la din\u00e1mica demogr\u00e1fica del pa\u00eds, hasta llegar a una perspectiva m\u00e1s amplia.<\/p>\n\n\n\n<p class=\"wp-block-paragraph\"><br>Entre los antecedentes normativos, se cuenta con la actualizaci\u00f3n en 2022 de la Pol\u00edtica de atenci\u00f3n a la din\u00e1mica demogr\u00e1fica y la aprobaci\u00f3n y puesta en vigor, ese mismo a\u00f1o, del C\u00f3digo de las Familias, que cambi\u00f3 el escenario jur\u00eddico en torno a los cuidados y los puso en la agenda p\u00fablica y medi\u00e1tica del pa\u00eds.<\/p>\n\n\n\n<p class=\"wp-block-paragraph\"><br>La primera contempla estructurar un sistema nacional de cuidados que abarque de manera priorizada a infantes, poblaci\u00f3n envejecida y en situaci\u00f3n de vulnerabilidad, a partir de diferentes formas de financiamiento, gesti\u00f3n y propiedad.<br>En tanto, el art\u00edculo 430 del C\u00f3digo de las Familias establece que los familiares \u00abtienen el deber de contribuir a la satisfacci\u00f3n de las necesidades afectivas y de cuidado, y al sostenimiento de las personas adultas mayores, aunque no residan juntas, as\u00ed como a preservar sus bienes\u00bb.<\/p>\n\n\n\n<p class=\"wp-block-paragraph\"><br>Esta normativa del derecho familiar tambi\u00e9n fija los deberes y arreglos relativos al cuidado de menores y personas dependientes o con capacidades diferentes y visibiliza a las personas cuidadoras.<\/p>\n\n\n\n<p class=\"wp-block-paragraph\"><br>Asimismo, refuerza el valor econ\u00f3mico del trabajo dom\u00e9stico y de cuidados, lo cual abre una puerta a que los derechos de quienes cuidan sean exigibles con mayor precisi\u00f3n.<br>El art\u00edculo 418 de la norma incluye el derecho de las personas cuidadoras a ser reembolsadas o restituidas, \u00abconforme a las normas del C\u00f3digo Civil, por los gastos o erogaciones que asuman con su propio patrimonio en el cuidado del familiar\u00bb.<\/p>\n\n\n\n<p class=\"wp-block-paragraph\">&nbsp;Tambi\u00e9n a contar con redes de apoyo para el cuidado familiar a nivel comunitario e institucional.<\/p>\n\n\n\n<p class=\"wp-block-paragraph\"><br>Adem\u00e1s, les reconoce formalmente el derecho a cuidar de s\u00ed y descansar, dedicar tiempo para actividades personales que no incluyan al familiar a su cargo y realizar esta funci\u00f3n de forma que pueda conciliarla con su proyecto de vida personal, familiar y social.<\/p>\n\n\n\n<p class=\"wp-block-paragraph\"><br>A la par, la creaci\u00f3n de la Red Cubana de Estudios sobre Cuidados, en 2020, permiti\u00f3 \u00abun di\u00e1logo enriquecedor entre la academia y la pol\u00edtica\u00bb, sostiene Romero Almod\u00f3var, su coordinadora general.<\/p>\n\n\n\n<p class=\"wp-block-paragraph\"><br>\u00abInvestigadores de diferentes instituciones del pa\u00eds hemos podido poner estudios previos, saberes y experiencias a disposici\u00f3n de la construcci\u00f3n del sistema, lo que aport\u00f3 una visi\u00f3n multidisciplinar, pero tambi\u00e9n de nuestros contextos espec\u00edficos\u00bb, coincide Azcuy Aguilera, igualmente integrante de esa red acad\u00e9mica.<\/p>\n\n\n\n<p class=\"wp-block-paragraph\"><br>El proyecto gubernamental de Trabajo no Remunerado, aprobado el primero de diciembre de 2021, signific\u00f3 un punto de giro hacia la aprobaci\u00f3n del sistema que debe comenzar a implementarse pr\u00f3ximamente.<\/p>\n\n\n\n<p class=\"wp-block-paragraph\"><br>Para Romero Almod\u00f3var, el momento actual es esencial, pues \u00abse est\u00e1 construyendo el marco normativo\u00bb para esa implementaci\u00f3n, algo que requerir\u00e1 esfuerzos conscientes de capacitaci\u00f3n, sobre todo a nivel territorial y comunitario. \u00abTambi\u00e9n de articulaci\u00f3n de diferentes actores econ\u00f3micos y de cambios de paradigmas culturales\u00bb, sostiene.<\/p>\n\n\n\n<p class=\"wp-block-paragraph\"><em>*<\/em><a href=\"mailto:dixiedith@gmail.com\" target=\"_blank\" rel=\"noreferrer noopener\"><em>dixiedith@gmail.com<\/em><\/a><\/p>\n","protected":false},"excerpt":{"rendered":"<p>El reconocimiento p\u00fablico de los cuidados como necesidad y derecho, pero tambi\u00e9n como trabajo, se cuenta entre las ganancias del nuevo sistema de cuidado integral para la vida, cuya aprobaci\u00f3n fue anunciada en Cuba\u00a0en diciembre de 2023.<\/p>\n","protected":false},"author":3,"featured_media":76968,"comment_status":"open","ping_status":"open","sticky":false,"template":"","format":"standard","meta":{"_monsterinsights_skip_tracking":false,"footnotes":""},"categories":[53],"tags":[],"class_list":["post-76965","post","type-post","status-publish","format-standard","has-post-thumbnail","category-internacional"],"_links":{"self":[{"href":"https:\/\/redsemlac.com\/semmexico\/wp-json\/wp\/v2\/posts\/76965","targetHints":{"allow":["GET"]}}],"collection":[{"href":"https:\/\/redsemlac.com\/semmexico\/wp-json\/wp\/v2\/posts"}],"about":[{"href":"https:\/\/redsemlac.com\/semmexico\/wp-json\/wp\/v2\/types\/post"}],"author":[{"embeddable":true,"href":"https:\/\/redsemlac.com\/semmexico\/wp-json\/wp\/v2\/users\/3"}],"replies":[{"embeddable":true,"href":"https:\/\/redsemlac.com\/semmexico\/wp-json\/wp\/v2\/comments?post=76965"}],"version-history":[{"count":0,"href":"https:\/\/redsemlac.com\/semmexico\/wp-json\/wp\/v2\/posts\/76965\/revisions"}],"wp:featuredmedia":[{"embeddable":true,"href":"https:\/\/redsemlac.com\/semmexico\/wp-json\/wp\/v2\/media\/76968"}],"wp:attachment":[{"href":"https:\/\/redsemlac.com\/semmexico\/wp-json\/wp\/v2\/media?parent=76965"}],"wp:term":[{"taxonomy":"category","embeddable":true,"href":"https:\/\/redsemlac.com\/semmexico\/wp-json\/wp\/v2\/categories?post=76965"},{"taxonomy":"post_tag","embeddable":true,"href":"https:\/\/redsemlac.com\/semmexico\/wp-json\/wp\/v2\/tags?post=76965"}],"curies":[{"name":"wp","href":"https:\/\/api.w.org\/{rel}","templated":true}]}}