{"id":76955,"date":"2024-02-06T07:15:00","date_gmt":"2024-02-06T13:15:00","guid":{"rendered":"https:\/\/redsemlac.com\/semmexico\/?p=76955"},"modified":"2024-02-05T18:57:42","modified_gmt":"2024-02-06T00:57:42","slug":"denuncian-un-aumento-en-las-desapariciones-de-mujeres-en-veracruz","status":"publish","type":"post","link":"https:\/\/redsemlac.com\/semmexico\/denuncian-un-aumento-en-las-desapariciones-de-mujeres-en-veracruz\/","title":{"rendered":"Denuncian un aumento en las desapariciones de mujeres en Veracruz"},"content":{"rendered":"\n<p class=\"wp-block-paragraph\"><strong>Redacci\u00f3n<\/strong><\/p>\n\n\n\n<p class=\"wp-block-paragraph\">SemM\u00e9xico\/HoraCeroMx, Veracruz, Veracruz, 6 de febrero, 2024.- Las desapariciones de mujeres aumentaron m\u00e1s de 300 por ciento en el estado de Veracruz del a\u00f1o 2017 a 2023, seg\u00fan cifras del Observatorio Universitario de Violencias contra las Mujeres.<\/p>\n\n\n\n<p class=\"wp-block-paragraph\">El a\u00f1o pasado hay reporte de 903 casos, de acuerdo con las publicaciones de medios de comunicaci\u00f3n locales, que son los datos que recaba dicho observatorio de la Universidad Veracruzana (UV).<\/p>\n\n\n\n<p class=\"wp-block-paragraph\">En 2017 se contabilizaron 281 desapariciones de mujeres, 279 en 2018, 271 en 2019, 280 en 2020, 685 en 2021 y 696 en 2022.<\/p>\n\n\n\n<p class=\"wp-block-paragraph\">De 2022 a 2023 tambi\u00e9n se observa un repunte considerable en la desaparici\u00f3n de mujeres en las distintas regiones de la entidad veracruzana, siendo una diferencia de 207 casos.<\/p>\n\n\n\n<p class=\"wp-block-paragraph\">La regi\u00f3n centro del estado concentra la mayor incidencia con 575 desapariciones de mujeres. Despu\u00e9s se encuentra la regi\u00f3n sur con 190 y por \u00faltimo la regi\u00f3n norte con 138 casos durante 2023.<\/p>\n\n\n\n<p class=\"wp-block-paragraph\">La cifra fue variable cada mes. En enero se registraron 84, 49 en febrero, 81 en marzo, 86 en abril, 82 en mayo, 66 en junio, 92 en julio, 86 en agosto, 72 en septiembre, 69 en octubre, 58 en noviembre y 78 en diciembre.<\/p>\n\n\n\n<p class=\"wp-block-paragraph\">En la mayor\u00eda de los casos durante 2023 las mujeres son menores de edad. As\u00ed se observa en las estad\u00edsticas con 490. Adem\u00e1s, 361 son adultas, 37 adultas mayores y en 15 casos la edad no se especific\u00f3.<\/p>\n\n\n\n<p class=\"wp-block-paragraph\"><a href=\"https:\/\/www.facebook.com\/sharer.php?u=https%3A%2F%2Fhoracero.mx%2F2024%2F02%2F05%2F247374%2F\"><\/a><\/p>\n\n\n\n<p class=\"wp-block-paragraph\"><a href=\"https:\/\/twitter.com\/intent\/tweet?text=Denuncian+un+aumento+en+las+desapariciones+de+mujeres+en+Veracruz&amp;url=https%3A%2F%2Fhoracero.mx%2F2024%2F02%2F05%2F247374%2F&amp;via=Hora+Cero\"><\/a><\/p>\n","protected":false},"excerpt":{"rendered":"<p>Las desapariciones de mujeres aumentaron m\u00e1s de 300 por ciento en el estado de Veracruz del a\u00f1o 2017 a 2023, seg\u00fan cifras del Observatorio Universitario de Violencias contra las Mujeres.<\/p>\n","protected":false},"author":3,"featured_media":76956,"comment_status":"open","ping_status":"open","sticky":false,"template":"","format":"standard","meta":{"_monsterinsights_skip_tracking":false,"footnotes":""},"categories":[48],"tags":[149,142],"class_list":["post-76955","post","type-post","status-publish","format-standard","has-post-thumbnail","category-no-mas-impunidad-no-mas-impunidad","tag-mujeres","tag-violencia"],"_links":{"self":[{"href":"https:\/\/redsemlac.com\/semmexico\/wp-json\/wp\/v2\/posts\/76955","targetHints":{"allow":["GET"]}}],"collection":[{"href":"https:\/\/redsemlac.com\/semmexico\/wp-json\/wp\/v2\/posts"}],"about":[{"href":"https:\/\/redsemlac.com\/semmexico\/wp-json\/wp\/v2\/types\/post"}],"author":[{"embeddable":true,"href":"https:\/\/redsemlac.com\/semmexico\/wp-json\/wp\/v2\/users\/3"}],"replies":[{"embeddable":true,"href":"https:\/\/redsemlac.com\/semmexico\/wp-json\/wp\/v2\/comments?post=76955"}],"version-history":[{"count":0,"href":"https:\/\/redsemlac.com\/semmexico\/wp-json\/wp\/v2\/posts\/76955\/revisions"}],"wp:featuredmedia":[{"embeddable":true,"href":"https:\/\/redsemlac.com\/semmexico\/wp-json\/wp\/v2\/media\/76956"}],"wp:attachment":[{"href":"https:\/\/redsemlac.com\/semmexico\/wp-json\/wp\/v2\/media?parent=76955"}],"wp:term":[{"taxonomy":"category","embeddable":true,"href":"https:\/\/redsemlac.com\/semmexico\/wp-json\/wp\/v2\/categories?post=76955"},{"taxonomy":"post_tag","embeddable":true,"href":"https:\/\/redsemlac.com\/semmexico\/wp-json\/wp\/v2\/tags?post=76955"}],"curies":[{"name":"wp","href":"https:\/\/api.w.org\/{rel}","templated":true}]}}