{"id":76952,"date":"2024-02-06T07:08:00","date_gmt":"2024-02-06T13:08:00","guid":{"rendered":"https:\/\/redsemlac.com\/semmexico\/?p=76952"},"modified":"2024-02-05T18:55:49","modified_gmt":"2024-02-06T00:55:49","slug":"violeta-del-anahuac-el-discurso-del-odio","status":"publish","type":"post","link":"https:\/\/redsemlac.com\/semmexico\/violeta-del-anahuac-el-discurso-del-odio\/","title":{"rendered":"Violeta del An\u00e1huac| \u201cEl discurso del odio\u201d"},"content":{"rendered":"\n<p class=\"wp-block-paragraph\"><strong>Isabel Ortega Morales<\/strong><\/p>\n\n\n\n<p class=\"wp-block-paragraph\">SemM\u00e9xico, Tlapa, Guerrero, 6 de febrero, 2024.- Transcurre 2024, en el orden del tiempo, para nuestro pa\u00eds estar\u00edamos en la recta final de un periodo de gobierno constitucional federal evaluando las acciones, las obras, y midiendo la seguridad no por cu\u00e1ntos elementos de seguridad est\u00e1n en las calles, sino por el progreso y la paz social.<\/p>\n\n\n\n<p class=\"wp-block-paragraph\">2024 es el a\u00f1o que cierra constitucionalmente el periodo de gobierno de Andr\u00e9s Manuel L\u00f3pez Obrador, solo que, a diferencia de otros mandatarios que cuidaron las formas, quien actualmente despacha desde Palacio Nacional, de manera abierta y con un discurso directo, marca la agenda, indica la ruta del voto y mantiene divisi\u00f3n no de poderes, sino de la sociedad, pertrechando a sus seguidores para actuar contra quien direccione su encono, y manipulando las palabras para confundir.<\/p>\n\n\n\n<p class=\"wp-block-paragraph\">La destrucci\u00f3n de las instituciones ha pasado por el Poder Legislativo desde donde una c\u00f3moda alianza de legisladores no queriendo importunar a su Jefe ha dicho si a todo, no import\u00e1ndole si en ese camino deja tirado al pa\u00eds. Intentando pulverizar al otro poder, al Judicial, que ha sido incomodo a sus \u00f3rdenes, le ha filtrado una Ministra, tambi\u00e9n bajo la c\u00f3moda posici\u00f3n del Senado que rechaz\u00f3 las ternas para dejar el ejercicio de esa facultad al Ejecutivo federal que es AMLO, y que ahora, la misma que hab\u00eda destacado por la majader\u00eda, est\u00e1 aprendiendo que en ese poder\u2026se trabaja, que dura lecci\u00f3n ha recibido.<\/p>\n\n\n\n<p class=\"wp-block-paragraph\">El discurso del Presidente ha tenido una caracter\u00edstica particular y sistem\u00e1tica: el odio. El odio hacia todo lo que parezca ir en contra de sus deseos y ordenes; el odio hacia la sociedad enferma, como los casos de c\u00e1ncer; el odio hacia las mujeres a las que no le ha importado dejar sin cobertura social; el odio hacia el sistema de salud al desaparecer el seguro popular e intentar romper la estructura y dejarla bajo un dominio que no estaba preparado para asumirse como patr\u00f3n de todo el pa\u00eds; el odio hacia las farmacias para crear una sola sin importarle no tenga medicamentos; el odio hacia la naturaleza al pasar por sobre la selva, destruyendo su belleza, ritmo y sistema para hacer correr por el unas v\u00edas de un tren, caro y obsoleto y que, como todas las otras obras, se echan a andar sin estar concluidas.<\/p>\n\n\n\n<p class=\"wp-block-paragraph\">El discurso del odio ha sacado a los grupos que operan fuera de la ley para combatir a los que fueron establecidos para mantener el orden, y hacerlo con total impunidad generando lo que le gusta exista al ocupante del Palacio Nacional, el terror, la psicosis sobre la existencia de la crueldad sometiendo los valores.<\/p>\n\n\n\n<p class=\"wp-block-paragraph\">La muerte campea, la Constituci\u00f3n es vista por ese ocupante de un espacio de Poder, como hojas que no le son \u00fatiles porque no las entiende. M\u00e9xico est\u00e1 en riesgo, la sociedad est\u00e1 en riesgo de sufrir una fuerte ruptura de sus estructuras de valores, de su ideolog\u00eda, de su b\u00fasqueda de progreso y paz, para ser un espacio ocupado por el inter\u00e9s superior de ser el poder absoluto trabajado a partir del discurso del odio.<\/p>\n","protected":false},"excerpt":{"rendered":"<p>Transcurre 2024, en el orden del tiempo, para nuestro pa\u00eds estar\u00edamos en la recta final de un periodo de gobierno constitucional federal evaluando las acciones, las obras<\/p>\n","protected":false},"author":3,"featured_media":38055,"comment_status":"open","ping_status":"open","sticky":false,"template":"","format":"standard","meta":{"_monsterinsights_skip_tracking":false,"footnotes":""},"categories":[198,35,197],"tags":[149,459],"class_list":["post-76952","post","type-post","status-publish","format-standard","has-post-thumbnail","category-isabel-ortega-morales","category-opinion","category-violeta-del-anahuac","tag-mujeres","tag-opinion"],"_links":{"self":[{"href":"https:\/\/redsemlac.com\/semmexico\/wp-json\/wp\/v2\/posts\/76952","targetHints":{"allow":["GET"]}}],"collection":[{"href":"https:\/\/redsemlac.com\/semmexico\/wp-json\/wp\/v2\/posts"}],"about":[{"href":"https:\/\/redsemlac.com\/semmexico\/wp-json\/wp\/v2\/types\/post"}],"author":[{"embeddable":true,"href":"https:\/\/redsemlac.com\/semmexico\/wp-json\/wp\/v2\/users\/3"}],"replies":[{"embeddable":true,"href":"https:\/\/redsemlac.com\/semmexico\/wp-json\/wp\/v2\/comments?post=76952"}],"version-history":[{"count":0,"href":"https:\/\/redsemlac.com\/semmexico\/wp-json\/wp\/v2\/posts\/76952\/revisions"}],"wp:featuredmedia":[{"embeddable":true,"href":"https:\/\/redsemlac.com\/semmexico\/wp-json\/wp\/v2\/media\/38055"}],"wp:attachment":[{"href":"https:\/\/redsemlac.com\/semmexico\/wp-json\/wp\/v2\/media?parent=76952"}],"wp:term":[{"taxonomy":"category","embeddable":true,"href":"https:\/\/redsemlac.com\/semmexico\/wp-json\/wp\/v2\/categories?post=76952"},{"taxonomy":"post_tag","embeddable":true,"href":"https:\/\/redsemlac.com\/semmexico\/wp-json\/wp\/v2\/tags?post=76952"}],"curies":[{"name":"wp","href":"https:\/\/api.w.org\/{rel}","templated":true}]}}