{"id":76774,"date":"2024-01-31T18:04:30","date_gmt":"2024-02-01T00:04:30","guid":{"rendered":"https:\/\/redsemlac.com\/semmexico\/?p=76774"},"modified":"2024-01-31T18:04:31","modified_gmt":"2024-02-01T00:04:31","slug":"galvez-pide-a-amlo-limpiar-su-nombre-y-defenderse-legalmente-si-es-inocente","status":"publish","type":"post","link":"https:\/\/redsemlac.com\/semmexico\/galvez-pide-a-amlo-limpiar-su-nombre-y-defenderse-legalmente-si-es-inocente\/","title":{"rendered":"G\u00e1lvez pide a AMLO limpiar su nombre y defenderse legalmente si es inocente"},"content":{"rendered":"\n<ul class=\"wp-block-list\">\n<li>La aspirante del Frente pidi\u00f3 al presidente que, si tiene certeza de que no lleg\u00f3 dinero del crimen organizado a su campa\u00f1a de 2006, entonces que presente las denuncias contra quien lo se\u00f1ala<\/li>\n\n\n\n<li>Aunque: \u201cNo podemos seguir cerrando los ojos, porque hay evidencia de esta cercan\u00eda con el crimen organizado\u201d.<\/li>\n<\/ul>\n\n\n\n<p class=\"wp-block-paragraph\"><br>Libertad L\u00f3pez<\/p>\n\n\n\n<p class=\"wp-block-paragraph\">SemM\u00e9xico, Ciudad de M\u00e9xico, 31 de enero, 2024.- En su conferencia de la Verdad, la aspirante opositora a la presidencia, X\u00f3chitl G\u00e1lvez Ruiz, pidi\u00f3 al presidente Andr\u00e9s Manuel L\u00f3pez Obrador \u201cdefenderse legalmente\u201d y presentar una denuncia penal si, como sostiene, es una calumnia el reportaje publicado la v\u00edspera por la plataforma ProP\u00fablica en el que se asegura que su campa\u00f1a de 2006 tuvo financiamiento del crimen organizado.<\/p>\n\n\n\n<p class=\"wp-block-paragraph\"><br>\u201cHoy por la ma\u00f1ana (L\u00f3pez Obrador) dijo que era una calumnia; me parece que \u00e9l est\u00e1 obligado a presentar una denuncia ante Estados Unidos\u201d, pa\u00eds al que viajar\u00e1 hoy y durante varios d\u00edas pero dijo que no tiene contemplado abordar el tema oficialmente pero los congresistas de ese pa\u00eds podr\u00edan tocarlo.<\/p>\n\n\n\n<p class=\"wp-block-paragraph\">\u00abHay evidencia de esta cercan\u00eda de Morena con el crimen organizado\u201d indic\u00f3 la senadora con licencia\u00bb, remarc\u00f3 G\u00e1lvez.<\/p>\n\n\n\n<p class=\"wp-block-paragraph\">En su tercera conferencia, ahora titulada \u201cMa\u00f1aNetas\u201d, G\u00e1lvez asegur\u00f3 que s\u00ed hay evidencia de que el crimen organizado ha estado cerca de Morena y su l\u00edder nacional, Mario Delgado, como fue el caso del empresario huachicolero Sergio Carmona.<\/p>\n\n\n\n<p class=\"wp-block-paragraph\"><br>\u201cNo podemos seguir cerrando los ojos. Hay varios casos en que Morena se ali\u00f3 con la delincuencia organizada\u201d, asegur\u00f3.<\/p>\n\n\n\n<p class=\"wp-block-paragraph\"><br>A su vez, ella se deslind\u00f3 de haber tenido participaci\u00f3n en la campa\u00f1a del expresidente Felipe Calder\u00f3n, misma que tambi\u00e9n fue se\u00f1alada por la publicaci\u00f3n del medio estadunidense ProPublica, de haber recibido recursos de la delincuencia organizada, pero expuso que \u201cEstados Unidos est\u00e1 en la libertad de investigar\u201d.<\/p>\n\n\n\n<p class=\"wp-block-paragraph\"><br>G\u00e1lvez inst\u00f3 al presidente a presentar denuncia pues el medio de comunicaci\u00f3n y el periodista firmante son prestigiados:<br>\u201cEs muy delicada la acusaci\u00f3n, estamos hablando del jefe de Estado mexicano, el presidente de todos los mexicanos y me parece que el presidente est\u00e1 obligado a pedir que se aclare esta informaci\u00f3n y a que se profundice. Si \u00e9l est\u00e1 convencido de que no recibi\u00f3 dinero, no habr\u00eda problema en que presente una denuncia penal\u201d, argument\u00f3.<\/p>\n\n\n\n<p class=\"wp-block-paragraph\"><br>Este mi\u00e9rcoles, el presidente Andr\u00e9s Manuel L\u00f3pez Obrador calific\u00f3 como una \u00abcalumnia\u00bb el se\u00f1alamiento de que su primera campa\u00f1a presidencial haya tenido financiamiento de organizaciones criminales, como lo public\u00f3 el periodista Tim Golden en ProPublica.<\/p>\n\n\n\n<p class=\"wp-block-paragraph\"><br>La aspirante se\u00f1al\u00f3 que en ese contexto el dirigente de Morena tambi\u00e9n deber\u00eda realizar aclaraciones:<br>\u201cNo nos ha explicado Mario Delgado su relaci\u00f3n con el rey del huachicol en Tamaulipas, lo vimos tomar avionetas de Carmona. Tener camionetas blindadas de (Sergio) Carmona y el presidente no ha pedido que se investigue\u201d, mencion\u00f3 al recordar el caso del empresario acusado de huachicolero, relacionado con el l\u00edder nacional morenista y asesinado en 2021.<\/p>\n\n\n\n<p class=\"wp-block-paragraph\"><br>Para el presidente, recomend\u00f3 que no se quede en la descalificaci\u00f3n desde la ma\u00f1anera, sino en una investigaci\u00f3n:<br>\u00ab\u00c9l tiene que limpiar su nombre, \u00e9l tiene que ser el m\u00e1s interesado en que su nombre se limpie. No est\u00e1 bien que el jefe del Estado mexicano reciba una acusaci\u00f3n de esta dimensi\u00f3n en un medio tan prestigiado como el que la est\u00e1 haciendo\u00bb, recalc\u00f3.<\/p>\n","protected":false},"excerpt":{"rendered":"<p>La aspirante del Frente pidi\u00f3 al presidente que, si tiene certeza de que no lleg\u00f3 dinero del crimen organizado a su campa\u00f1a de 2006, entonces que presente las denuncias <\/p>\n","protected":false},"author":3,"featured_media":76775,"comment_status":"open","ping_status":"open","sticky":false,"template":"","format":"standard","meta":{"_monsterinsights_skip_tracking":false,"footnotes":""},"categories":[141],"tags":[228],"class_list":["post-76774","post","type-post","status-publish","format-standard","has-post-thumbnail","category-elecciones-2020-2021","tag-elecciones"],"_links":{"self":[{"href":"https:\/\/redsemlac.com\/semmexico\/wp-json\/wp\/v2\/posts\/76774","targetHints":{"allow":["GET"]}}],"collection":[{"href":"https:\/\/redsemlac.com\/semmexico\/wp-json\/wp\/v2\/posts"}],"about":[{"href":"https:\/\/redsemlac.com\/semmexico\/wp-json\/wp\/v2\/types\/post"}],"author":[{"embeddable":true,"href":"https:\/\/redsemlac.com\/semmexico\/wp-json\/wp\/v2\/users\/3"}],"replies":[{"embeddable":true,"href":"https:\/\/redsemlac.com\/semmexico\/wp-json\/wp\/v2\/comments?post=76774"}],"version-history":[{"count":0,"href":"https:\/\/redsemlac.com\/semmexico\/wp-json\/wp\/v2\/posts\/76774\/revisions"}],"wp:featuredmedia":[{"embeddable":true,"href":"https:\/\/redsemlac.com\/semmexico\/wp-json\/wp\/v2\/media\/76775"}],"wp:attachment":[{"href":"https:\/\/redsemlac.com\/semmexico\/wp-json\/wp\/v2\/media?parent=76774"}],"wp:term":[{"taxonomy":"category","embeddable":true,"href":"https:\/\/redsemlac.com\/semmexico\/wp-json\/wp\/v2\/categories?post=76774"},{"taxonomy":"post_tag","embeddable":true,"href":"https:\/\/redsemlac.com\/semmexico\/wp-json\/wp\/v2\/tags?post=76774"}],"curies":[{"name":"wp","href":"https:\/\/api.w.org\/{rel}","templated":true}]}}